{"id":5099,"date":"2018-06-29T08:34:36","date_gmt":"2018-06-29T06:34:36","guid":{"rendered":"https:\/\/herzogtum-direkt.de\/?p=5099"},"modified":"2018-06-30T10:03:16","modified_gmt":"2018-06-30T08:03:16","slug":"wann-kommt-die-pest","status":"publish","type":"post","link":"https:\/\/herzogtum-direkt.de\/index.php\/2018\/06\/29\/wann-kommt-die-pest\/","title":{"rendered":"Wann kommt die Pest?"},"content":{"rendered":"<p><strong>Salem (pm).<\/strong> Der Kreis Herzogtum Lauenburg bereitet sich auf den Ausbruch der Afrikanischen Schweinepest (ASP) vor. Die virale Infektionskrankheit breitet sich seit einigen Jahren in Osteuropa aus und ist auf dem Vormarsch in Richtung Deutschland. &#8222;Die Frage ist nicht, ob die Afrikanische Schweinepest in den Kreis kommt, sondern nur wann&#8220;, erkl\u00e4rt Landrat Christoph Mager.<\/p>\n<p>ASP ist f\u00fcr den Menschen ungef\u00e4hrlich, endet f\u00fcr infizierte Wild- und Hausschweine jedoch meist t\u00f6dlich. Eine ungehinderte Ausbreitung der Seuche w\u00fcrde erhebliche wirtschaftliche Sch\u00e4den f\u00fcr schweinehaltende Betriebe und J\u00e4ger im Kreis bedeuten. Denn nicht nur die m\u00f6gliche Ansteckung von Hausschweinen stellt eine potentielle Gefahr dar, auch die bei einem ASP-Ausbruch greifenden Handelsbeschr\u00e4nkungen w\u00fcrden den \u00f6rtlichen Betrieben zusetzen.<\/p>\n<figure id=\"attachment_5101\" aria-describedby=\"caption-attachment-5101\" style=\"width: 300px\" class=\"wp-caption alignleft\"><a href=\"https:\/\/2021.herzogtum-direkt.de\/wp-content\/uploads\/2018\/06\/Probeentnahme.jpg\"><img fetchpriority=\"high\" decoding=\"async\" class=\"size-medium wp-image-5101\" src=\"https:\/\/2021.herzogtum-direkt.de\/wp-content\/uploads\/2018\/06\/Probeentnahme-300x199.jpg\" alt=\"\" width=\"300\" height=\"199\" srcset=\"https:\/\/herzogtum-direkt.de\/wp-content\/uploads\/2018\/06\/Probeentnahme-300x199.jpg 300w, https:\/\/herzogtum-direkt.de\/wp-content\/uploads\/2018\/06\/Probeentnahme-768x508.jpg 768w, https:\/\/herzogtum-direkt.de\/wp-content\/uploads\/2018\/06\/Probeentnahme-696x461.jpg 696w, https:\/\/herzogtum-direkt.de\/wp-content\/uploads\/2018\/06\/Probeentnahme-634x420.jpg 634w, https:\/\/herzogtum-direkt.de\/wp-content\/uploads\/2018\/06\/Probeentnahme.jpg 1000w\" sizes=\"(max-width: 300px) 100vw, 300px\" \/><\/a><figcaption id=\"caption-attachment-5101\" class=\"wp-caption-text\">Eine Blut- oder R\u00fcckenmarksprobe wird jedem Fallwild entnommen und im Labor untersucht. Foto: hfr<\/figcaption><\/figure>\n<p>Um bei Eintreffen der ASP im Kreis gewappnet zu sein wurde neben anderen vorbereitenden Ma\u00dfnahmen am verganegenen Mittwoch eine gro\u00df angelegte Tierseuchen\u00fcbung in der N\u00e4he von Salem durchgef\u00fchrt. Ziel der \u00dcbung war die praktische Erprobung zuvor ausgearbeiteter Handlungsempfehlungen sowie des bereitgestellten Materials beim Umgang mit verseuchten Tieren. Au\u00dferdem sollten die ansonsten bei der Jagd eingesetzten Hunde auf Ihre Eignung f\u00fcr die Suche nach sogenanntem Fallwild, also bereits l\u00e4nger toten Tieren, gepr\u00fcft werden.<\/p>\n<p>Das \u00dcbungsszenario sah vor, dass die ASP bei einem verendeten Wildschein nachgewiesen wurde. Daraufhin wurde eine Kernzone um den Fundort eingerichtet, die durch 4 Suchtrupps mit jeweils acht Personen nach weiterem Fallwild durchsucht wurde. Dazu wurde an mehreren Orten mit jeweils unterschiedlichen Schwierigkeitsgraden zuvor vorbereitetes Fallwild platziert. Die Mansnchaften wurden auf unterschiedliche Suchgebiete verteilt und sollten nach M\u00f6glichkeit mit Hilfe ihrer Suchhunde das Fallwild aufsp\u00fcren, beproben, tierseuchenhygienisch einwandfrei bergen und der Entsorgung zuf\u00fchren.<\/p>\n<p>Die Erkenntnisse aus der \u00dcbung werden durch das Tierseuchenteam der Kreisverwaltung in den n\u00e4chsten Tagen ausgewertet. Was bereits jetzt feststeht ist jedoch, dass Jagdhunde nicht gut auf totes Wild ansprechen und bei der Suche nur schwer verl\u00e4sslich einsetzbar sind. Au\u00dferdem wurde ein sehr gro\u00dfer Personalbedarf f\u00fcr das fl\u00e4chendeckende Absuchen der Kernzone festgestellt. Positiv: Das eingesetzte Transportmaterial eignete sich besser als zun\u00e4chst von den Bergetrupps vermutet.<\/p>\n<figure id=\"attachment_5102\" aria-describedby=\"caption-attachment-5102\" style=\"width: 1000px\" class=\"wp-caption alignleft\"><a href=\"https:\/\/2021.herzogtum-direkt.de\/wp-content\/uploads\/2018\/06\/Desinfektionsschleuse.jpg\"><img decoding=\"async\" class=\"wp-image-5102 size-full\" src=\"https:\/\/2021.herzogtum-direkt.de\/wp-content\/uploads\/2018\/06\/Desinfektionsschleuse.jpg\" alt=\"\" width=\"1000\" height=\"662\" srcset=\"https:\/\/herzogtum-direkt.de\/wp-content\/uploads\/2018\/06\/Desinfektionsschleuse.jpg 1000w, https:\/\/herzogtum-direkt.de\/wp-content\/uploads\/2018\/06\/Desinfektionsschleuse-300x199.jpg 300w, https:\/\/herzogtum-direkt.de\/wp-content\/uploads\/2018\/06\/Desinfektionsschleuse-768x508.jpg 768w, https:\/\/herzogtum-direkt.de\/wp-content\/uploads\/2018\/06\/Desinfektionsschleuse-696x461.jpg 696w, https:\/\/herzogtum-direkt.de\/wp-content\/uploads\/2018\/06\/Desinfektionsschleuse-634x420.jpg 634w\" sizes=\"(max-width: 1000px) 100vw, 1000px\" \/><\/a><figcaption id=\"caption-attachment-5102\" class=\"wp-caption-text\">Zugfahrzeug und tierseuchengerechter Transportanh\u00e4nger werden in der Schleuse des THW durch Helfer &#8222;desinfiziert&#8220;. Zu \u00dcbungszwecken wurde nur Wasser verwendet. Foto: hfr<\/figcaption><\/figure>\n<p>An der \u00dcbung waren in der Vorbereitung und Durchf\u00fchrung zwischen 60 und 100 Personen aus mehreren Fachdiensten der Kreisverwaltung Herzogtum Lauenburg, der Kreisj\u00e4gerschaft, den \u00f6rtlichen Ordnungsbeh\u00f6rden, Feuerwehr, THW, Poilzei sowie Beobachter anderer Veterin\u00e4r\u00e4mter und aus dem Ministerium f\u00fcr Energiewende, Landwirtschaft, Umwelt, Natur und Digitalisierung sowie vom Landesjagdverband beteiligt.<\/p>\n","protected":false},"excerpt":{"rendered":"<p>Salem (pm). Der Kreis Herzogtum Lauenburg bereitet sich auf den Ausbruch der Afrikanischen Schweinepest (ASP) vor. Die virale Infektionskrankheit breitet sich seit einigen Jahren in Osteuropa aus und ist auf dem Vormarsch in Richtung Deutschland. &#8222;Die Frage ist nicht, ob die Afrikanische Schweinepest in den Kreis kommt, sondern nur wann&#8220;, erkl\u00e4rt Landrat Christoph Mager. ASP [&hellip;]<\/p>\n","protected":false},"author":2,"featured_media":5100,"comment_status":"open","ping_status":"closed","sticky":false,"template":"","format":"standard","meta":{"jnews-multi-image_gallery":[],"jnews_single_post":[],"jnews_primary_category":[],"jnews_social_meta":[],"jnews_override_counter":[],"jnews_post_split":[],"footnotes":""},"categories":[69,63,2,109],"tags":[1154,1155],"class_list":["post-5099","post","type-post","status-publish","format-standard","has-post-thumbnail","hentry","category-amt-lauenburgische-seen","category-herzogtum-lauenburg","category-startseite","category-tiere","tag-schweinepest","tag-tierseuchenuebung"],"_links":{"self":[{"href":"https:\/\/herzogtum-direkt.de\/index.php\/wp-json\/wp\/v2\/posts\/5099","targetHints":{"allow":["GET"]}}],"collection":[{"href":"https:\/\/herzogtum-direkt.de\/index.php\/wp-json\/wp\/v2\/posts"}],"about":[{"href":"https:\/\/herzogtum-direkt.de\/index.php\/wp-json\/wp\/v2\/types\/post"}],"author":[{"embeddable":true,"href":"https:\/\/herzogtum-direkt.de\/index.php\/wp-json\/wp\/v2\/users\/2"}],"replies":[{"embeddable":true,"href":"https:\/\/herzogtum-direkt.de\/index.php\/wp-json\/wp\/v2\/comments?post=5099"}],"version-history":[{"count":1,"href":"https:\/\/herzogtum-direkt.de\/index.php\/wp-json\/wp\/v2\/posts\/5099\/revisions"}],"predecessor-version":[{"id":5103,"href":"https:\/\/herzogtum-direkt.de\/index.php\/wp-json\/wp\/v2\/posts\/5099\/revisions\/5103"}],"wp:featuredmedia":[{"embeddable":true,"href":"https:\/\/herzogtum-direkt.de\/index.php\/wp-json\/wp\/v2\/media\/5100"}],"wp:attachment":[{"href":"https:\/\/herzogtum-direkt.de\/index.php\/wp-json\/wp\/v2\/media?parent=5099"}],"wp:term":[{"taxonomy":"category","embeddable":true,"href":"https:\/\/herzogtum-direkt.de\/index.php\/wp-json\/wp\/v2\/categories?post=5099"},{"taxonomy":"post_tag","embeddable":true,"href":"https:\/\/herzogtum-direkt.de\/index.php\/wp-json\/wp\/v2\/tags?post=5099"}],"curies":[{"name":"wp","href":"https:\/\/api.w.org\/{rel}","templated":true}]}}