{"id":50962,"date":"2023-05-18T10:21:36","date_gmt":"2023-05-18T08:21:36","guid":{"rendered":"https:\/\/herzogtum-direkt.de\/?p=50962"},"modified":"2023-05-19T11:35:57","modified_gmt":"2023-05-19T09:35:57","slug":"kreisjugendring-beschliesst-jugendpolitische-ueberlegungen-fuer-die-naechsten-fuenf-jahre","status":"publish","type":"post","link":"https:\/\/herzogtum-direkt.de\/index.php\/2023\/05\/18\/kreisjugendring-beschliesst-jugendpolitische-ueberlegungen-fuer-die-naechsten-fuenf-jahre\/","title":{"rendered":"Kreisjugendring beschlie\u00dft jugendpolitische \u00dcberlegungen f\u00fcr die n\u00e4chsten f\u00fcnf Jahre"},"content":{"rendered":"\n<p><strong>Herzogtum Lauenburg (pm).<\/strong> Mit einer Schweigeminute f\u00fcr den Anfang M\u00e4rz verstorbenen Wolfgang Wagner leitete der 1. Vorsitzende Julian Schlicht die Vollversammlung des Kreisjugendringes Herzogtum Lauenburg (KJR) ein. Gemeinsam gedachten rund 80 Delegierte und G\u00e4ste Wolfgang Wagner, dem ersten hauptamtlichen Mitarbeiter und anschlie\u00dfend langj\u00e4hrigen ehrenamtlich Engagierten sowie Wegbegleiter des KJR.<\/p>\n\n\n\n<p>Meinhard F\u00fcllner \u00fcberbrachte im Namen des gesamten Kreises und aller Fraktionen die besten Gr\u00fc\u00dfe und betonte auf seiner f\u00fcr ihn letzten Vollversammlung als Kreispr\u00e4sident die hohe Professionalit\u00e4t und langj\u00e4hrige Erfolgsgeschichte des KJR. Er und Manfred B\u00f6rner, als zu dem Zeitpunkt noch amtierender Vorsitzender des Jugendhilfeausschusses, hoben die offene, vertrauensvolle und konstruktive Zusammenarbeit hervor.<\/p>\n\n\n\n<p>Julian Schlicht best\u00e4tigt die partnerschaftlich konstruktive Zusammenarbeit zwischen KJR sowie Kreispolitik und Kreisverwaltung und betont gleichzeitig: \u201eKurzfristig aufgelegte und zeitlich befristete F\u00f6rderprogramme entfalten nicht die gleiche Wirkung wie eine kontinuierliche und verl\u00e4ssliche F\u00f6rderung von Strukturen. U.a. mit der Anpassung der Richtlinie zur F\u00f6rderung der Jugendarbeit habe der Kreis hier in 2022 wichtige Schritte getan.\u201c<\/p>\n\n\n\n<figure class=\"wp-block-image size-full is-style-default\"><img fetchpriority=\"high\" decoding=\"async\" width=\"1000\" height=\"667\" src=\"https:\/\/herzogtum-direkt.de\/wp-content\/uploads\/2023\/05\/Andrea-Hasenkamp-und-Andre-Gerbrand.jpg\" alt=\"\" class=\"wp-image-50965\" srcset=\"https:\/\/herzogtum-direkt.de\/wp-content\/uploads\/2023\/05\/Andrea-Hasenkamp-und-Andre-Gerbrand.jpg 1000w, https:\/\/herzogtum-direkt.de\/wp-content\/uploads\/2023\/05\/Andrea-Hasenkamp-und-Andre-Gerbrand-300x200.jpg 300w, https:\/\/herzogtum-direkt.de\/wp-content\/uploads\/2023\/05\/Andrea-Hasenkamp-und-Andre-Gerbrand-768x512.jpg 768w, https:\/\/herzogtum-direkt.de\/wp-content\/uploads\/2023\/05\/Andrea-Hasenkamp-und-Andre-Gerbrand-750x500.jpg 750w\" sizes=\"(max-width: 1000px) 100vw, 1000px\" \/><figcaption class=\"wp-element-caption\">Langj\u00e4hrige stellvertretende Vorsitzende Andrea Hasenkamp und ihr Nachfolger Andre Gerbrand gemeinsam bei der Diskussion der jugendpolitischen \u00dcberlegungen. Foto: hfr<\/figcaption><\/figure>\n\n\n\n<p>Im Vorwege und unter Mitarbeit der Mitglieder entwickelte der KJR \u201ejugendpolitische \u00dcberlegungen 2023 \u2013 2028\u201c, die die Vollversammlung einstimmig beschlossen. In insgesamt 10 Aspekten wird aufgezeigt, in welchen Bereichen zuk\u00fcnftig aus jugendpolitischer Sicht der Schwerpunkt des politischen Arbeitens liegen muss.<\/p>\n\n\n\n<p>U.a. muss die Jugendarbeit langfristig gest\u00e4rkt werden, inklusive Teilhabe f\u00fcr alle erm\u00f6glicht werden und das ehrenamtliche Engagement gest\u00e4rkt werden. \u201eDie F\u00f6rderung von bezahlbarem Wohnraum, eine St\u00e4rkung des \u00d6PNV sowie die gesellschaftliche Anerkennung diverser Lebensentw\u00fcrfe und akzeptierte Freir\u00e4ume und Beratungsangebote f\u00fcr junge Menschen sorgen f\u00fcr ein jugendgerechtes und attraktives Herzogtum Lauenburg\u201c so der Vorstand in dem verabschiedeten Antrag. \u201eDer Klimaschutz ist eines unserer zentralen Zukunftsthemen, von dem vor allen junge Menschen betroffen sind. Der Kreis sowie die St\u00e4dte, \u00c4mter und Gemeinden sind aufgefordert ihre Klimaschutzaktivit\u00e4ten zu intensivieren\u201c, fordert der Kreisjugendring. \u201eWir erkennen keine fl\u00e4chendeckende Umsetzung von Kinder- und Jugendbeteiligung. Gemeinden und St\u00e4dte ben\u00f6tigen hier Unterst\u00fctzung\u201c, stellt der Kreisjugendring zudem fest, was sowohl Meinhard F\u00fcllner als auch Manfred B\u00f6rner in ihren Gru\u00dfworten best\u00e4tigen. \u201eDie Schaffung von regionalen Beratungsstellen kann hier eine M\u00f6glichkeit sein\u201c so der KJR, der \u00fcber ein vom Bund gef\u00f6rdertes Modellprojekt bereits entsprechende Erfahrungen sammelt.<\/p>\n\n\n\n<p>Mit den Landtagsabgeordneten Rasmus V\u00f6ge und Oliver Brandt sowie den Kreistagsabgeordneten Norbert Brackmann, Annedore Granz, Manfred B\u00f6rner und Judith Gauck, weiteren Vertretern aus der Politik und Verwaltung diskutierten die Delegierten die jugendpolitischen \u00dcberlegungen an verschiedenen Thementischen.<\/p>\n\n\n\n<p>Unter stehendem Applaus aller Anwesenden wurde Andrea Hasenkamp als stellvertretende Vorsitzende verabschiedet. Sie war 20 Jahre im Vorstand des KJR aktiv und richtete hier insbesondere ihr Augenmerk auf die Aktion Ferienpass, die f\u00fcr sie immer eine Herzensangelegenheit war. Andrea Hasenkamp war sichtlich ger\u00fchrt und betonte, wie wertvoll und gewinnbringend die Zeit im Vorstand f\u00fcr sie war. Zudem dankte sie allen ehrenamtlich T\u00e4tigen in den Verb\u00e4nden, Vereinen und Jugendringen, die mit ihrer Arbeit den Kindern und Jugendlichen M\u00f6glichkeiten bieten, sich weiterzuentwickeln, Gemeinschaft zu erleben und einfach Spa\u00df zu haben. Die Vollversammlung w\u00e4hlten den zweiundzwanzigj\u00e4hrigen Andre Gerbrand, der u.a. in der evangelischen Jugend sich engagiert, als Nachfolger von Andrea Hasenkamp. Des Weiteren wurden Eugenia Roo als 2. Vorsitzende, Jennifer Rath als Schatzmeisterin und Franzisca Beyer als stellvertretende Vorsitzende wiedergew\u00e4hlt sowie Julian Gebhard als Vertreter des Aktiv-Teams im Vorstand des KJR best\u00e4tigt.<\/p>\n\n\n\n<p>Die beschlossenen \u201eJugendpolitischen \u00dcberlegungen 2023-2028\u201c im Wortlaut finden Sie <a href=\"https:\/\/kjr-herzogtum-lauenburg.de\/wp-content\/uploads\/2023\/05\/2023-2028-jugendpolitische-Ueberlegungen-des-KJR-beschlossen.pdf\" data-type=\"URL\" data-id=\"https:\/\/kjr-herzogtum-lauenburg.de\/wp-content\/uploads\/2023\/05\/2023-2028-jugendpolitische-Ueberlegungen-des-KJR-beschlossen.pdf\">hier<\/a>.<\/p>\n","protected":false},"excerpt":{"rendered":"<p>Herzogtum Lauenburg (pm). Mit einer Schweigeminute f\u00fcr den Anfang M\u00e4rz verstorbenen Wolfgang Wagner leitete der 1. Vorsitzende Julian Schlicht die Vollversammlung des Kreisjugendringes Herzogtum Lauenburg (KJR) ein. Gemeinsam gedachten rund 80 Delegierte und G\u00e4ste Wolfgang Wagner, dem ersten hauptamtlichen Mitarbeiter und anschlie\u00dfend langj\u00e4hrigen ehrenamtlich Engagierten sowie Wegbegleiter des KJR. Meinhard F\u00fcllner \u00fcberbrachte im Namen des [&hellip;]<\/p>\n","protected":false},"author":2,"featured_media":50964,"comment_status":"closed","ping_status":"closed","sticky":false,"template":"","format":"standard","meta":{"jnews-multi-image_gallery":[],"jnews_single_post":{"subtitle":"Andrea Hasenkamp nach 20 Jahren aus dem Vorstand verabschiedet","format":"standard","video":"","gallery":"","source_name":"","source_url":"","via_name":"","via_url":"","jpwt_enable_post_donation":"0","override_template":"0","override":[{"template":"1","single_blog_custom":"","parallax":"1","fullscreen":"1","layout":"right-sidebar","sidebar":"default-sidebar","second_sidebar":"default-sidebar","sticky_sidebar":"1","share_position":"top","share_float_style":"share-monocrhome","show_share_counter":"0","show_view_counter":"1","show_featured":"1","show_post_meta":"1","show_post_author":"1","show_post_author_image":"1","show_post_date":"1","post_date_format":"default","post_date_format_custom":"Y\/m\/d","show_post_category":"0","show_post_reading_time":"0","post_reading_time_wpm":"300","show_zoom_button":"0","zoom_button_out_step":"2","zoom_button_in_step":"3","show_post_tag":"1","show_prev_next_post":"0","show_popup_post":"1","number_popup_post":"1","show_author_box":"1","show_post_related":"1","show_inline_post_related":"0"}],"override_image_size":"0","image_override":[{"single_post_thumbnail_size":"crop-500","single_post_gallery_size":"crop-500"}],"trending_post":"0","trending_post_position":"meta","trending_post_label":"Trending","sponsored_post":"0","sponsored_post_label":"Sponsored by","sponsored_post_name":"","sponsored_post_url":"","sponsored_post_logo_enable":"0","sponsored_post_logo":"","sponsored_post_desc":"","disable_ad":"0"},"jnews_primary_category":{"id":"","hide":""},"jnews_social_meta":{"fb_title":"","fb_description":"","fb_image":"","twitter_title":"","twitter_description":"","twitter_image":""},"jnews_override_counter":{"override_view_counter":"0","view_counter_number":"0","override_share_counter":"0","share_counter_number":"0","override_like_counter":"0","like_counter_number":"0","override_dislike_counter":"0","dislike_counter_number":"0"},"jnews_post_split":{"enable_post_split":"0","post_split":[{"template":"1","tag":"h2","numbering":"asc","mode":"normal","first":"0","enable_toc":"0","toc_type":"normal"}]},"footnotes":""},"categories":[63,74],"tags":[226],"class_list":["post-50962","post","type-post","status-publish","format-standard","has-post-thumbnail","hentry","category-herzogtum-lauenburg","category-jugend-direkt","tag-kreisjugendring"],"_links":{"self":[{"href":"https:\/\/herzogtum-direkt.de\/index.php\/wp-json\/wp\/v2\/posts\/50962","targetHints":{"allow":["GET"]}}],"collection":[{"href":"https:\/\/herzogtum-direkt.de\/index.php\/wp-json\/wp\/v2\/posts"}],"about":[{"href":"https:\/\/herzogtum-direkt.de\/index.php\/wp-json\/wp\/v2\/types\/post"}],"author":[{"embeddable":true,"href":"https:\/\/herzogtum-direkt.de\/index.php\/wp-json\/wp\/v2\/users\/2"}],"replies":[{"embeddable":true,"href":"https:\/\/herzogtum-direkt.de\/index.php\/wp-json\/wp\/v2\/comments?post=50962"}],"version-history":[{"count":2,"href":"https:\/\/herzogtum-direkt.de\/index.php\/wp-json\/wp\/v2\/posts\/50962\/revisions"}],"predecessor-version":[{"id":50967,"href":"https:\/\/herzogtum-direkt.de\/index.php\/wp-json\/wp\/v2\/posts\/50962\/revisions\/50967"}],"wp:featuredmedia":[{"embeddable":true,"href":"https:\/\/herzogtum-direkt.de\/index.php\/wp-json\/wp\/v2\/media\/50964"}],"wp:attachment":[{"href":"https:\/\/herzogtum-direkt.de\/index.php\/wp-json\/wp\/v2\/media?parent=50962"}],"wp:term":[{"taxonomy":"category","embeddable":true,"href":"https:\/\/herzogtum-direkt.de\/index.php\/wp-json\/wp\/v2\/categories?post=50962"},{"taxonomy":"post_tag","embeddable":true,"href":"https:\/\/herzogtum-direkt.de\/index.php\/wp-json\/wp\/v2\/tags?post=50962"}],"curies":[{"name":"wp","href":"https:\/\/api.w.org\/{rel}","templated":true}]}}