{"id":49912,"date":"2023-04-16T15:57:36","date_gmt":"2023-04-16T13:57:36","guid":{"rendered":"https:\/\/herzogtum-direkt.de\/?p=49912"},"modified":"2023-04-16T16:06:27","modified_gmt":"2023-04-16T14:06:27","slug":"recht-im-blick-adoption-ich-will-wissen-wer-du-bist","status":"publish","type":"post","link":"https:\/\/herzogtum-direkt.de\/index.php\/2023\/04\/16\/recht-im-blick-adoption-ich-will-wissen-wer-du-bist\/","title":{"rendered":"Recht im Blick: Adoption &#8211; Ich will wissen, wer Du bist!"},"content":{"rendered":"\n<p><strong>Von Wolf-Dietrich Bartsch<\/strong><\/p>\n\n\n\n<p>Eine Adoption ist ein gro\u00dfer Umbruch in einem Kinderleben. Klar, dass sich das adoptierte Kind irgendwann die Frage stellt, wer sind eigentlich meine \u201erichtigen Eltern\u201c. Und dann stellt es diese Frage nat\u00fcrlich auch seinen Adoptiveltern oder dem ihm bekannten \u201ewirklichen\u201c Elternteil. Der auch f\u00fcr das Familienrecht zust\u00e4ndige <a rel=\"noreferrer noopener\" href=\"https:\/\/www.bundesgerichtshof.de\/DE\/DasGericht\/Geschaeftsverteilung\/Geschaeftsverteilungsplan2022\/Zivilsenate2022\/zivilsenate2022.html?nn=10773818#12\" target=\"_blank\">XII. Zivilsenat<\/a> des Bundesgerichtshofs (BGH) hat die Rechte des Adoptivkindes gest\u00e4rkt. Er entschied, dass die leibliche Mutter auch nach einer Adoption grunds\u00e4tzlich verpflichtet ist, ihrem Kind Auskunft \u00fcber die Identit\u00e4t des leiblichen Vaters zu erteilen.<\/p>\n\n\n\n<h3 class=\"wp-block-heading\">Das ist passiert:<\/h3>\n\n\n\n<p>Die Antragstellerin (das Kind) ist im Jahr 1984 geboren. Sie verlangt von der Antragsgegnerin, ihrer leiblichen Mutter, Auskunft \u00fcber die Person des leiblichen Vaters. Die Familienverh\u00e4ltnisse waren von Geburt an problematisch. Die Mutter war bei der Geburt gerade 16 Jahre alt und hatte die Schwangerschaft erst im siebten Monat bemerkt. Sie verlie\u00df die Hauptschule ohne Schulabschluss. Mutter und Tochter lebten zun\u00e4chst in einem Mutter-Kind-Heim. Danach ging es in eine M\u00e4dchen-Wohngemeinschaft. Die Antragstellerin wurde dann von einem Ehepaar adoptiert.<\/p>\n\n\n\n<p>Nach der Adoption blieben Vaterschaftsfeststellungsverfahren und Vaterschaftstest erfolglos. Das Jugendamt vermittelte in 2003 ein Treffen zwischen Antragstellerin und Antragsgegnerin. Im M\u00e4rz 2018 forderte die Tochter dann ihre Mutter auf, Namen und Anschrift des leiblichen Vaters zu benennen. Dies blieb erfolglos, so dass sie nun gerichtlich diese Auskunft verlangt. Das Amtsgericht hat den Antrag noch zur\u00fcckgewiesen. Das Oberlandesgericht verpflichtete dann aber in 2. Instanz die Antragsgegnerin, ihrer Tochter alle M\u00e4nner mit vollst\u00e4ndigem Namen und Adresse zu benennen, die der Antragsgegnerin in der <a href=\"https:\/\/www.juraforum.de\/lexikon\/empfaengniszeit\" target=\"_blank\" rel=\"noreferrer noopener\">gesetzlichen Empf\u00e4ngniszeit<\/a> beigewohnt haben.<\/p>\n\n\n\n<h3 class=\"wp-block-heading\">Und das sagt der BGH:<\/h3>\n\n\n\n<p>Mit der <a href=\"https:\/\/www.gesetze-im-internet.de\/famfg\/__70.html\" target=\"_blank\" rel=\"noreferrer noopener\">Rechtsbeschwerde<\/a> der Antragsgegnerin kam das Verfahren schlie\u00dflich zum Bundesgerichtshof. Der BGH hat die Rechtsbeschwerde zur\u00fcckgewiesen und damit den Beschluss des OLG gest\u00fctzt.<\/p>\n\n\n\n<p>Eltern und Kinder sind einander zu Beistand und R\u00fccksicht verpflichtet. Das ergibt sich aus <a href=\"https:\/\/www.gesetze-im-internet.de\/bgb\/__1618a.html\" target=\"_blank\" rel=\"noreferrer noopener\">\u00a7&nbsp;1618&nbsp;a BGB<\/a>, der damit die Anspruchsgrundlage der Tochter f\u00fcr die begehrte Auskunft ist. Der BGH sieht in diesem Zusammenhang auch das allgemeinen Pers\u00f6nlichkeitsrecht. Daraus resultiert die verfassungsrechtliche Verpflichtung des Staates, den Einzelnen vor der Vorenthaltung verf\u00fcgbarer Informationen \u00fcber die eigene Abstammung zu sch\u00fctzen. Es geht hier eben nicht nur um die Durchsetzung finanzieller Interessen. Es geht vielmehr um das Recht des Kindes auf Kenntnis der eigenen Abstammung. Und das gilt es zu st\u00e4rken.<\/p>\n\n\n\n<p>Formell ist allerdings die Antragsgegnerin aufgrund der Adoption der minderj\u00e4hrigen Antragstellerin nicht mehr deren rechtliche Mutter. Diese H\u00fcrde \u00fcberspringt der BGH aber leicht. Das Auskunftsschuldverh\u00e4ltnis zwischen Tochter und Mutter ist n\u00e4mlich schon vor der Adoption entstanden. Die Antragsgegnerin hat zudem keine erheblichen, gegen ihre Auskunftsverpflichtung sprechenden Abw\u00e4gungsgesichtspunkte vorgetragen. Vielmehr hat sie zu keinem Zeitpunkt den Auskunftsanspruch bestritten.<\/p>\n\n\n\n<p>Die Antragsgegnerin argumentiert nur mit mangelndem Erinnerungsverm\u00f6gen. Sie k\u00f6nne sich an keinen m\u00f6glichen Erzeuger erinnern. Damit hat die Antragsgegnerin aber nicht den Auskunftsanspruch erf\u00fcllt. Gr\u00fcnde, warum die Auskunft auch nach Einholung von zumutbaren Erkundigungen unm\u00f6glich sein soll, hat sie nicht benannt. Das Oberlandesgericht hat sogar eine Reihe von m\u00f6glichen Kontaktpersonen aufgelistet. Dort kann sie nachfragen. Das h\u00e4lt der BGH f\u00fcr klar zumutbar. Und eine Erfolgsaussicht kann zumindest nicht von vornherein verneint werden.<\/p>\n\n\n\n<p><strong>BGH, Beschluss vom 19. Januar 2022 \u2013 XII ZB 183\/21 \u2013<\/strong><\/p>\n\n\n\n<p>Bisher erschienen:<\/p>\n\n\n\n<p><a href=\"https:\/\/herzogtum-direkt.de\/index.php\/2023\/03\/15\/recht-im-blick-kindesunterhalt-neue-duesseldorfer-tabelle-fuer-2023\/\" data-type=\"URL\" data-id=\"https:\/\/herzogtum-direkt.de\/index.php\/2023\/03\/15\/recht-im-blick-kindesunterhalt-neue-duesseldorfer-tabelle-fuer-2023\/\">Recht im Blick: Kindesunterhalt \u2013 neue \u201eD\u00fcsseldorfer Tabelle\u201c f\u00fcr 2023<\/a><\/p>\n","protected":false},"excerpt":{"rendered":"<p>Von Wolf-Dietrich Bartsch Eine Adoption ist ein gro\u00dfer Umbruch in einem Kinderleben. Klar, dass sich das adoptierte Kind irgendwann die Frage stellt, wer sind eigentlich meine \u201erichtigen Eltern\u201c. Und dann stellt es diese Frage nat\u00fcrlich auch seinen Adoptiveltern oder dem ihm bekannten \u201ewirklichen\u201c Elternteil. Der auch f\u00fcr das Familienrecht zust\u00e4ndige XII. Zivilsenat des Bundesgerichtshofs (BGH) [&hellip;]<\/p>\n","protected":false},"author":51,"featured_media":49917,"comment_status":"closed","ping_status":"closed","sticky":false,"template":"","format":"standard","meta":{"jnews-multi-image_gallery":[],"jnews_single_post":{"subtitle":"Aktuelle Themen und Urteile aus der Welt des Rechts","format":"standard","video":"","gallery":"","source_name":"","source_url":"","via_name":"","via_url":"","jpwt_enable_post_donation":"0","override_template":"0","override":[{"template":"1","single_blog_custom":"","parallax":"1","fullscreen":"1","layout":"right-sidebar","sidebar":"default-sidebar","second_sidebar":"default-sidebar","sticky_sidebar":"1","share_position":"top","share_float_style":"share-monocrhome","show_share_counter":"0","show_view_counter":"1","show_featured":"1","show_post_meta":"1","show_post_author":"1","show_post_author_image":"1","show_post_date":"1","post_date_format":"default","post_date_format_custom":"Y\/m\/d","show_post_category":"0","show_post_reading_time":"0","post_reading_time_wpm":"300","show_zoom_button":"0","zoom_button_out_step":"2","zoom_button_in_step":"3","show_post_tag":"1","show_prev_next_post":"0","show_popup_post":"1","number_popup_post":"1","show_author_box":"1","show_post_related":"1","show_inline_post_related":"0"}],"override_image_size":"0","image_override":[{"single_post_thumbnail_size":"crop-500","single_post_gallery_size":"crop-500"}],"trending_post":"0","trending_post_position":"meta","trending_post_label":"Trending","sponsored_post":"0","sponsored_post_label":"Sponsored by","sponsored_post_name":"","sponsored_post_url":"","sponsored_post_logo_enable":"0","sponsored_post_logo":"","sponsored_post_desc":"","disable_ad":"0"},"jnews_primary_category":{"id":"","hide":""},"jnews_social_meta":{"fb_title":"","fb_description":"","fb_image":"","twitter_title":"","twitter_description":"","twitter_image":""},"jnews_override_counter":{"override_view_counter":"0","view_counter_number":"0","override_share_counter":"0","share_counter_number":"0","override_like_counter":"0","like_counter_number":"0","override_dislike_counter":"0","dislike_counter_number":"0"},"jnews_post_split":{"enable_post_split":"0","post_split":[{"template":"1","tag":"h2","numbering":"asc","mode":"normal","first":"0","enable_toc":"0","toc_type":"normal"}]},"footnotes":""},"categories":[95,2,72],"tags":[3687,616,1420,3688],"class_list":["post-49912","post","type-post","status-publish","format-standard","has-post-thumbnail","hentry","category-aus-der-region","category-startseite","category-wirtschaft","tag-adoption","tag-adoptiv-und-pflegeeltern","tag-adoptiv-und-pflegeelternverein","tag-recht-im-blick"],"_links":{"self":[{"href":"https:\/\/herzogtum-direkt.de\/index.php\/wp-json\/wp\/v2\/posts\/49912","targetHints":{"allow":["GET"]}}],"collection":[{"href":"https:\/\/herzogtum-direkt.de\/index.php\/wp-json\/wp\/v2\/posts"}],"about":[{"href":"https:\/\/herzogtum-direkt.de\/index.php\/wp-json\/wp\/v2\/types\/post"}],"author":[{"embeddable":true,"href":"https:\/\/herzogtum-direkt.de\/index.php\/wp-json\/wp\/v2\/users\/51"}],"replies":[{"embeddable":true,"href":"https:\/\/herzogtum-direkt.de\/index.php\/wp-json\/wp\/v2\/comments?post=49912"}],"version-history":[{"count":1,"href":"https:\/\/herzogtum-direkt.de\/index.php\/wp-json\/wp\/v2\/posts\/49912\/revisions"}],"predecessor-version":[{"id":49915,"href":"https:\/\/herzogtum-direkt.de\/index.php\/wp-json\/wp\/v2\/posts\/49912\/revisions\/49915"}],"wp:featuredmedia":[{"embeddable":true,"href":"https:\/\/herzogtum-direkt.de\/index.php\/wp-json\/wp\/v2\/media\/49917"}],"wp:attachment":[{"href":"https:\/\/herzogtum-direkt.de\/index.php\/wp-json\/wp\/v2\/media?parent=49912"}],"wp:term":[{"taxonomy":"category","embeddable":true,"href":"https:\/\/herzogtum-direkt.de\/index.php\/wp-json\/wp\/v2\/categories?post=49912"},{"taxonomy":"post_tag","embeddable":true,"href":"https:\/\/herzogtum-direkt.de\/index.php\/wp-json\/wp\/v2\/tags?post=49912"}],"curies":[{"name":"wp","href":"https:\/\/api.w.org\/{rel}","templated":true}]}}