{"id":49710,"date":"2023-04-11T09:47:04","date_gmt":"2023-04-11T07:47:04","guid":{"rendered":"https:\/\/herzogtum-direkt.de\/?p=49710"},"modified":"2023-04-12T10:21:52","modified_gmt":"2023-04-12T08:21:52","slug":"night-fever-rockte-ratzeburgs-riemannhalle","status":"publish","type":"post","link":"https:\/\/herzogtum-direkt.de\/index.php\/2023\/04\/11\/night-fever-rockte-ratzeburgs-riemannhalle\/","title":{"rendered":"\u201eNight Fever&#8220; rockte Ratzeburgs Riemannhalle\u00a0"},"content":{"rendered":"\n<p><strong>Ratzeburg (tbi).<\/strong>&nbsp;\u201eWir wollen feiern heute Nacht!&#8220;, das versprach Organisator Michael Burmester dem Publikum in der Riemannhalle. Und Ratzeburgs B\u00fcrgermeister und Schirmherr der Gewerbeschau 2023 Eckhard Graf dankte dem Organisator f\u00fcr die \u201eerste kulturelle Hochleistungsveranstaltung der Gewerbeschau&#8220;.&nbsp;<\/p>\n\n\n\n<p>Keine f\u00fcnf Minuten dauerte die gemeinsame Begr\u00fc\u00dfung, dann erklangen bereits die ersten T\u00f6ne der Band Night Fever zur Show \u201eNights On Broadway&#8220; mit der Musik der Bee Gees.&nbsp;<\/p>\n\n\n<div class=\"wp-block-image is-style-rounded\">\n<figure class=\"aligncenter size-full\"><img fetchpriority=\"high\" decoding=\"async\" width=\"1000\" height=\"547\" src=\"https:\/\/herzogtum-direkt.de\/wp-content\/uploads\/2023\/04\/Riemannhalle-Konzert-02-Gewerbeschau-Ratzeburg_2023-Auftakt-Buergermeister-Organisator-BC6I7853-1000x547-1.jpg\" alt=\"\" class=\"wp-image-49712\" srcset=\"https:\/\/herzogtum-direkt.de\/wp-content\/uploads\/2023\/04\/Riemannhalle-Konzert-02-Gewerbeschau-Ratzeburg_2023-Auftakt-Buergermeister-Organisator-BC6I7853-1000x547-1.jpg 1000w, https:\/\/herzogtum-direkt.de\/wp-content\/uploads\/2023\/04\/Riemannhalle-Konzert-02-Gewerbeschau-Ratzeburg_2023-Auftakt-Buergermeister-Organisator-BC6I7853-1000x547-1-300x164.jpg 300w, https:\/\/herzogtum-direkt.de\/wp-content\/uploads\/2023\/04\/Riemannhalle-Konzert-02-Gewerbeschau-Ratzeburg_2023-Auftakt-Buergermeister-Organisator-BC6I7853-1000x547-1-768x420.jpg 768w, https:\/\/herzogtum-direkt.de\/wp-content\/uploads\/2023\/04\/Riemannhalle-Konzert-02-Gewerbeschau-Ratzeburg_2023-Auftakt-Buergermeister-Organisator-BC6I7853-1000x547-1-750x410.jpg 750w\" sizes=\"(max-width: 1000px) 100vw, 1000px\" \/><figcaption class=\"wp-element-caption\">Der ehrenamtliche Organisator Michael Burmester (rechts) und Ratzeburgs B\u00fcrgermeister Eckhard Graf gaben den Start f\u00fcr die Auftaktveranstaltung frei. Foto: Thomas Biller <\/figcaption><\/figure>\n<\/div>\n\n\n<p>Die 20. Gewerbeschau, die nun am Wochenende 15.\/16. April mit dem Ehrenamtsmarkt stattfindet, war \u2013 gemeinsam mit dem Auftaktkonzert &#8211; f\u00fcr 2020 geplant. Schon damals ein mutiges Unterfangen von Michael Burmester, der alles ehrenamtlich organisiert. W\u00fcrde die Musik der Bee Gees und eine aufw\u00e4ndige Licht- und LED-Show so viele Menschen anziehen, dass es ein gelungener Konzertabend werden kann? Und wie sieht es nach drei Jahren Corona-Zwangsverschiebungen und -Pause aus? Um es kurz zu machen: Das Publikum war am Sonntagabend begeistert und Michael Burmesters Ank\u00fcndigung erf\u00fcllte sich: es wurde gefeiert.&nbsp;<\/p>\n\n\n\n<p>Acht exzellente Musiker, Harmoniegesang und eine humorvoll-professionelle Moderation durch das Programm sorgten schnell f\u00fcr Feierstimmung. Nach dem vierten Song grenzte der Applaus bereits an Jubel, beim n\u00e4chsten wurde mitgesungen und ab dem sechsten Song tanzte der Saal. Dabei verstanden es die Musiker, melodi\u00f6se Balladen und tanzbare Lieder darzubieten, ohne dass die Stimmung im Saal abriss. Auch nach der Pause hatte die Band gleich wieder alle Sympathien. \u201eDas ist aber auch romantisch!&#8220;, sagte eine Besucherin im Vorbeigehen.&nbsp;<\/p>\n\n\n<div class=\"wp-block-image\">\n<figure class=\"aligncenter size-full\"><img decoding=\"async\" width=\"1000\" height=\"564\" src=\"https:\/\/herzogtum-direkt.de\/wp-content\/uploads\/2023\/04\/Bild_03-NRiemannhalle-Konzert-ight_Fever-Aisata_Blackmann-Bee-Gees-Ratzeburg-Gewerbeschau_2023-IMG_6878-1000x564-1.jpg\" alt=\"\" class=\"wp-image-49711\" srcset=\"https:\/\/herzogtum-direkt.de\/wp-content\/uploads\/2023\/04\/Bild_03-NRiemannhalle-Konzert-ight_Fever-Aisata_Blackmann-Bee-Gees-Ratzeburg-Gewerbeschau_2023-IMG_6878-1000x564-1.jpg 1000w, https:\/\/herzogtum-direkt.de\/wp-content\/uploads\/2023\/04\/Bild_03-NRiemannhalle-Konzert-ight_Fever-Aisata_Blackmann-Bee-Gees-Ratzeburg-Gewerbeschau_2023-IMG_6878-1000x564-1-300x169.jpg 300w, https:\/\/herzogtum-direkt.de\/wp-content\/uploads\/2023\/04\/Bild_03-NRiemannhalle-Konzert-ight_Fever-Aisata_Blackmann-Bee-Gees-Ratzeburg-Gewerbeschau_2023-IMG_6878-1000x564-1-768x433.jpg 768w, https:\/\/herzogtum-direkt.de\/wp-content\/uploads\/2023\/04\/Bild_03-NRiemannhalle-Konzert-ight_Fever-Aisata_Blackmann-Bee-Gees-Ratzeburg-Gewerbeschau_2023-IMG_6878-1000x564-1-750x423.jpg 750w\" sizes=\"(max-width: 1000px) 100vw, 1000px\" \/><figcaption class=\"wp-element-caption\">Ein H\u00f6hepunkt im zweiten Teil des Abends: Peti van der Velde verst\u00e4rkte die Band mit Songs der Bee Gees, die f\u00fcr Frauen geschrieben wurden. Foto: Thomas Biller<\/figcaption><\/figure>\n<\/div>\n\n\n<p>Im zweiten Teil des Abends geh\u00f6rte ein Unplugged-Set zu den H\u00f6hepunkten, bei dem die S\u00e4nger ihre Gesangsk\u00fcnste fast pur transportieren konnten und der Auftritt von S\u00e4ngerin Peti van der Velde, die Songs pr\u00e4sentierte (\u201eGuilty&#8220;), die von den Bee Gees f\u00fcr weibliche Stars geschrieben wurden. Viele fr\u00f6hliche und entspannte Gesichter am Ende eines Konzertabends, der nach der langen Pause wieder gezeigt hat, dass solche Gro\u00dfveranstaltungen zu Ratzeburg passen und gut angenommen werden. \u2013 Wenn denn jemand wie Michael Burmester den Mut dazu hat, es anzupacken.&nbsp;<\/p>\n","protected":false},"excerpt":{"rendered":"<p>Ratzeburg (tbi).&nbsp;\u201eWir wollen feiern heute Nacht!&#8220;, das versprach Organisator Michael Burmester dem Publikum in der Riemannhalle. Und Ratzeburgs B\u00fcrgermeister und Schirmherr der Gewerbeschau 2023 Eckhard Graf dankte dem Organisator f\u00fcr die \u201eerste kulturelle Hochleistungsveranstaltung der Gewerbeschau&#8220;.&nbsp; Keine f\u00fcnf Minuten dauerte die gemeinsame Begr\u00fc\u00dfung, dann erklangen bereits die ersten T\u00f6ne der Band Night Fever zur Show [&hellip;]<\/p>\n","protected":false},"author":10,"featured_media":49713,"comment_status":"closed","ping_status":"closed","sticky":false,"template":"","format":"standard","meta":{"jnews-multi-image_gallery":[],"jnews_single_post":{"subtitle":"Gute Stimmung beim Auftakt zur Gewerbeschau am Ostersonntag ","format":"standard","video":"","gallery":"","source_name":"","source_url":"","via_name":"","via_url":"","jpwt_enable_post_donation":"0","override_template":"0","override":[{"template":"1","single_blog_custom":"","parallax":"1","fullscreen":"1","layout":"right-sidebar","sidebar":"default-sidebar","second_sidebar":"default-sidebar","sticky_sidebar":"1","share_position":"top","share_float_style":"share-monocrhome","show_share_counter":"0","show_view_counter":"1","show_featured":"1","show_post_meta":"1","show_post_author":"1","show_post_author_image":"1","show_post_date":"1","post_date_format":"default","post_date_format_custom":"Y\/m\/d","show_post_category":"0","show_post_reading_time":"0","post_reading_time_wpm":"300","show_zoom_button":"0","zoom_button_out_step":"2","zoom_button_in_step":"3","show_post_tag":"1","show_prev_next_post":"0","show_popup_post":"1","number_popup_post":"1","show_author_box":"1","show_post_related":"1","show_inline_post_related":"0"}],"override_image_size":"0","image_override":[{"single_post_thumbnail_size":"crop-500","single_post_gallery_size":"crop-500"}],"trending_post":"0","trending_post_position":"meta","trending_post_label":"Trending","sponsored_post":"0","sponsored_post_label":"Sponsored by","sponsored_post_name":"","sponsored_post_url":"","sponsored_post_logo_enable":"0","sponsored_post_logo":"","sponsored_post_desc":"","disable_ad":"0"},"jnews_primary_category":{"id":"","hide":""},"jnews_social_meta":{"fb_title":"","fb_description":"","fb_image":"","twitter_title":"","twitter_description":"","twitter_image":""},"jnews_override_counter":{"override_view_counter":"0","view_counter_number":"0","override_share_counter":"0","share_counter_number":"0","override_like_counter":"0","like_counter_number":"0","override_dislike_counter":"0","dislike_counter_number":"0"},"jnews_post_split":{"enable_post_split":"0","post_split":[{"template":"1","tag":"h2","numbering":"asc","mode":"normal","first":"0","enable_toc":"0","toc_type":"normal"}]},"footnotes":""},"categories":[63,70,64,2],"tags":[3367,125,114,3278],"class_list":["post-49710","post","type-post","status-publish","format-standard","has-post-thumbnail","hentry","category-herzogtum-lauenburg","category-kultur","category-ratzeburg","category-startseite","tag-event","tag-konzert","tag-ratzeburg","tag-riemannhalle"],"_links":{"self":[{"href":"https:\/\/herzogtum-direkt.de\/index.php\/wp-json\/wp\/v2\/posts\/49710","targetHints":{"allow":["GET"]}}],"collection":[{"href":"https:\/\/herzogtum-direkt.de\/index.php\/wp-json\/wp\/v2\/posts"}],"about":[{"href":"https:\/\/herzogtum-direkt.de\/index.php\/wp-json\/wp\/v2\/types\/post"}],"author":[{"embeddable":true,"href":"https:\/\/herzogtum-direkt.de\/index.php\/wp-json\/wp\/v2\/users\/10"}],"replies":[{"embeddable":true,"href":"https:\/\/herzogtum-direkt.de\/index.php\/wp-json\/wp\/v2\/comments?post=49710"}],"version-history":[{"count":3,"href":"https:\/\/herzogtum-direkt.de\/index.php\/wp-json\/wp\/v2\/posts\/49710\/revisions"}],"predecessor-version":[{"id":49786,"href":"https:\/\/herzogtum-direkt.de\/index.php\/wp-json\/wp\/v2\/posts\/49710\/revisions\/49786"}],"wp:featuredmedia":[{"embeddable":true,"href":"https:\/\/herzogtum-direkt.de\/index.php\/wp-json\/wp\/v2\/media\/49713"}],"wp:attachment":[{"href":"https:\/\/herzogtum-direkt.de\/index.php\/wp-json\/wp\/v2\/media?parent=49710"}],"wp:term":[{"taxonomy":"category","embeddable":true,"href":"https:\/\/herzogtum-direkt.de\/index.php\/wp-json\/wp\/v2\/categories?post=49710"},{"taxonomy":"post_tag","embeddable":true,"href":"https:\/\/herzogtum-direkt.de\/index.php\/wp-json\/wp\/v2\/tags?post=49710"}],"curies":[{"name":"wp","href":"https:\/\/api.w.org\/{rel}","templated":true}]}}