{"id":49704,"date":"2023-04-11T09:21:07","date_gmt":"2023-04-11T07:21:07","guid":{"rendered":"https:\/\/herzogtum-direkt.de\/?p=49704"},"modified":"2023-04-11T09:21:09","modified_gmt":"2023-04-11T07:21:09","slug":"schottischer-folk-alte-volksweisen-und-selbstkomponierte-stuecke","status":"publish","type":"post","link":"https:\/\/herzogtum-direkt.de\/index.php\/2023\/04\/11\/schottischer-folk-alte-volksweisen-und-selbstkomponierte-stuecke\/","title":{"rendered":"Schottischer Folk \u2013 alte Volksweisen und selbstkomponierte St\u00fccke"},"content":{"rendered":"\n<p><strong>M\u00f6lln (pm).<\/strong> Am Freitag, 21. April 2023 empf\u00e4ngt der Folkclub M\u00f6lln die beiden jungen, talentierten schottischen Musikern Eilidh Shaw und Ross Martin im BBZ, Heinrich-Langhans-Stra\u00dfe 16. Der Beginn der Veranstaltung ist um 19.30 Uhr.<\/p>\n\n\n\n<p>Den Zuschauer erwartet ein Konzert voller urspr\u00fcnglicher, wilder uralter Folksweisen und selbstkomponierte St\u00fccke, die aber auch immer wieder von graziler Zartheit besetzt sind \u2013 so, wie die schottischen West Highlands sind. Eilidh Shaw und Ross Martin verleihen dieser schroffen und zugleich unendlich zarten Landschaft ihren eigenen musikalischen Ausdruck. Die beiden Ausnahmemusiker Eilidh Shaw und Ross Martin wuchsen an der rauen Atlantikk\u00fcste der West Highlands auf, tief eingebettet in den Wurzeln der traditionellen Musik ihrer Heimat. Das Repertoire dieses talentierten Ehepaarduos umfasst eine genial geschickte Kombination aus inspiriert originellen Eigenkompositionen und einigen zum Teil uralten Liedern sowie Melodien aus den unterschiedlichsten schottischen Fiedel-Traditionen, denen auf geschmackvolle Weise neues Leben eingehaucht wird.<\/p>\n\n\n\n<p>Eilidh ist das j\u00fcngste Mitglied einer \u00e4u\u00dferst musikalischen Familie. Im zarten Alter von 12 Jahren spielte sie bereits auf dem Dorf in der Volkstanzkapelle ihrer Eltern mit. Ihr hochindividuelles, mal beschwingt lebhaft, mal delikat getragenes Geigenspiel wird von ihrem unnachahmlichen fast zaghaft-zerbrechlichen Gesangstil hervorragend erg\u00e4nzt. Inzwischen hat sie an \u00fcber 40 CD`s mitgewirkt und ist Mitglied der sehr bekannten britischen Frauenband The Poozies sowie Shooglenifty. Wie Eilidh konnte auch Ross schon fr\u00fch sein Handwerk in wilden Tanzs\u00e4len der schottischen Westk\u00fcste bzw. der Hebriden Inseln lernen und verfeinern. Sein kraftvolles bisweilen auch sensibles und nuanciertes Gitarrenspiel macht ihn inzwischen zu einem hochangesehenen und vielgefragten Begleitmusiker in der aktuellen schottischen Folkszene. Er tourte bereits ausgiebig in Europa und Nordamerika mit der von der BBC mehrfach ausgezeichneten g\u00e4lischen S\u00e4ngerin Julie Fowlis, mit ihrer S\u00e4ngerin Karan Casey, sowie auch mit seiner eigenen g\u00e4lischen Supergruppe Daimh.<\/p>\n\n\n\n<p>Der Eintritt betr\u00e4gt 12 Euro Folkclub-Mitglieder haben wie immer freien Eintritt. &nbsp;Die Kartenreservierung ist unter der Telefonnummer 04542-822472 oder info@folkclubmoelln m\u00f6glich.<\/p>\n","protected":false},"excerpt":{"rendered":"<p>M\u00f6lln (pm). Am Freitag, 21. April 2023 empf\u00e4ngt der Folkclub M\u00f6lln die beiden jungen, talentierten schottischen Musikern Eilidh Shaw und Ross Martin im BBZ, Heinrich-Langhans-Stra\u00dfe 16. Der Beginn der Veranstaltung ist um 19.30 Uhr. Den Zuschauer erwartet ein Konzert voller urspr\u00fcnglicher, wilder uralter Folksweisen und selbstkomponierte St\u00fccke, die aber auch immer wieder von graziler Zartheit [&hellip;]<\/p>\n","protected":false},"author":2,"featured_media":49705,"comment_status":"closed","ping_status":"closed","sticky":false,"template":"","format":"standard","meta":{"jnews-multi-image_gallery":[],"jnews_single_post":{"subtitle":"","format":"standard","video":"","gallery":"","source_name":"","source_url":"","via_name":"","via_url":"","jpwt_enable_post_donation":"0","override_template":"0","override":[{"template":"1","single_blog_custom":"","parallax":"1","fullscreen":"1","layout":"right-sidebar","sidebar":"default-sidebar","second_sidebar":"default-sidebar","sticky_sidebar":"1","share_position":"top","share_float_style":"share-monocrhome","show_share_counter":"0","show_view_counter":"1","show_featured":"1","show_post_meta":"1","show_post_author":"1","show_post_author_image":"1","show_post_date":"1","post_date_format":"default","post_date_format_custom":"Y\/m\/d","show_post_category":"0","show_post_reading_time":"0","post_reading_time_wpm":"300","show_zoom_button":"0","zoom_button_out_step":"2","zoom_button_in_step":"3","show_post_tag":"1","show_prev_next_post":"0","show_popup_post":"1","number_popup_post":"1","show_author_box":"1","show_post_related":"1","show_inline_post_related":"0"}],"override_image_size":"0","image_override":[{"single_post_thumbnail_size":"crop-500","single_post_gallery_size":"crop-500"}],"trending_post":"0","trending_post_position":"meta","trending_post_label":"Trending","sponsored_post":"0","sponsored_post_label":"Sponsored by","sponsored_post_name":"","sponsored_post_url":"","sponsored_post_logo_enable":"0","sponsored_post_logo":"","sponsored_post_desc":"","disable_ad":"0"},"jnews_primary_category":{"id":"","hide":""},"jnews_social_meta":{"fb_title":"","fb_description":"","fb_image":"","twitter_title":"","twitter_description":"","twitter_image":""},"jnews_override_counter":{"override_view_counter":"0","view_counter_number":"0","override_share_counter":"0","share_counter_number":"0","override_like_counter":"0","like_counter_number":"0","override_dislike_counter":"0","dislike_counter_number":"0"},"jnews_post_split":{"enable_post_split":"0","post_split":[{"template":"1","tag":"h2","numbering":"asc","mode":"normal","first":"0","enable_toc":"0","toc_type":"normal"}]},"footnotes":""},"categories":[63,70,66],"tags":[1392,125,133],"class_list":["post-49704","post","type-post","status-publish","format-standard","has-post-thumbnail","hentry","category-herzogtum-lauenburg","category-kultur","category-moelln","tag-folkclub-moelln","tag-konzert","tag-moelln"],"_links":{"self":[{"href":"https:\/\/herzogtum-direkt.de\/index.php\/wp-json\/wp\/v2\/posts\/49704","targetHints":{"allow":["GET"]}}],"collection":[{"href":"https:\/\/herzogtum-direkt.de\/index.php\/wp-json\/wp\/v2\/posts"}],"about":[{"href":"https:\/\/herzogtum-direkt.de\/index.php\/wp-json\/wp\/v2\/types\/post"}],"author":[{"embeddable":true,"href":"https:\/\/herzogtum-direkt.de\/index.php\/wp-json\/wp\/v2\/users\/2"}],"replies":[{"embeddable":true,"href":"https:\/\/herzogtum-direkt.de\/index.php\/wp-json\/wp\/v2\/comments?post=49704"}],"version-history":[{"count":1,"href":"https:\/\/herzogtum-direkt.de\/index.php\/wp-json\/wp\/v2\/posts\/49704\/revisions"}],"predecessor-version":[{"id":49706,"href":"https:\/\/herzogtum-direkt.de\/index.php\/wp-json\/wp\/v2\/posts\/49704\/revisions\/49706"}],"wp:featuredmedia":[{"embeddable":true,"href":"https:\/\/herzogtum-direkt.de\/index.php\/wp-json\/wp\/v2\/media\/49705"}],"wp:attachment":[{"href":"https:\/\/herzogtum-direkt.de\/index.php\/wp-json\/wp\/v2\/media?parent=49704"}],"wp:term":[{"taxonomy":"category","embeddable":true,"href":"https:\/\/herzogtum-direkt.de\/index.php\/wp-json\/wp\/v2\/categories?post=49704"},{"taxonomy":"post_tag","embeddable":true,"href":"https:\/\/herzogtum-direkt.de\/index.php\/wp-json\/wp\/v2\/tags?post=49704"}],"curies":[{"name":"wp","href":"https:\/\/api.w.org\/{rel}","templated":true}]}}