{"id":49595,"date":"2023-04-06T09:06:29","date_gmt":"2023-04-06T07:06:29","guid":{"rendered":"https:\/\/herzogtum-direkt.de\/?p=49595"},"modified":"2023-04-08T10:53:15","modified_gmt":"2023-04-08T08:53:15","slug":"es-geht-los-der-umbau-der-hauptstrasse-startet","status":"publish","type":"post","link":"https:\/\/herzogtum-direkt.de\/index.php\/2023\/04\/06\/es-geht-los-der-umbau-der-hauptstrasse-startet\/","title":{"rendered":"Es geht los \u2013 der Umbau der \u201eHauptstra\u00dfe\u201c startet"},"content":{"rendered":"\n<p><strong>M\u00f6lln (pm).<\/strong> Am Dienstag, 11. April 2023 beginnt die Bauma\u00dfnahme in der M\u00f6llner Innenstadt.&nbsp; Von da an ist die Durchfahrt durch die Hauptstra\u00dfe f\u00fcr alle gesperrt \u2013 mit Ausnahme der Linienbusse.<\/p>\n\n\n\n<p>Linienbusse d\u00fcrfen bis zum Beginn der Sommerferien die Hauptstra\u00dfe passieren. Die Gesch\u00e4fte in der Hauptstra\u00dfe sind w\u00e4hrend der gesamten Bauma\u00dfnahme, wie bisher auch, zu Fu\u00df erreichbar. Mit dem Baustart am Dienstag, 11. April hat die Stadt M\u00f6lln im ehemaligen Immobiliencenter der Kreissparkasse Herzogtum Lauenburg am Bauhof ein Baustellenb\u00fcro eingerichtet. Hier kann man sich direkt informieren. <\/p>\n\n\n\n<p>Das B\u00fcro ist von Montag bis Freitag in der Zeit von 10 Uhr bis 15 Uhr besetzt. Alle Informationen k\u00f6nnen unter <a href=\"https:\/\/www.moelln-buddelt.de\/\" target=\"_blank\" rel=\"noreferrer noopener\">https:\/\/www.moelln-buddelt.de\/<\/a> laufend abgerufen werden, dort kann auch der Newsletter \u201eM\u00f6lln buddelt\u201c abonniert werden, \u00fcber den \u00c4nderungen und Neuigkeiten direkt bekannt gegeben werden.<\/p>\n","protected":false},"excerpt":{"rendered":"<p>M\u00f6lln (pm). Am Dienstag, 11. April 2023 beginnt die Bauma\u00dfnahme in der M\u00f6llner Innenstadt.&nbsp; Von da an ist die Durchfahrt durch die Hauptstra\u00dfe f\u00fcr alle gesperrt \u2013 mit Ausnahme der Linienbusse. Linienbusse d\u00fcrfen bis zum Beginn der Sommerferien die Hauptstra\u00dfe passieren. Die Gesch\u00e4fte in der Hauptstra\u00dfe sind w\u00e4hrend der gesamten Bauma\u00dfnahme, wie bisher auch, zu [&hellip;]<\/p>\n","protected":false},"author":2,"featured_media":8963,"comment_status":"closed","ping_status":"closed","sticky":false,"template":"","format":"standard","meta":{"jnews-multi-image_gallery":[],"jnews_single_post":{"subtitle":"Baustellen-B\u00fcro und Newsletter versorgt Einwohner mit Informationen","format":"standard","video":"","gallery":"","source_name":"","source_url":"","via_name":"","via_url":"","jpwt_enable_post_donation":"0","override_template":"0","override":[{"template":"1","single_blog_custom":"","parallax":"1","fullscreen":"1","layout":"right-sidebar","sidebar":"default-sidebar","second_sidebar":"default-sidebar","sticky_sidebar":"1","share_position":"top","share_float_style":"share-monocrhome","show_share_counter":"0","show_view_counter":"1","show_featured":"1","show_post_meta":"1","show_post_author":"1","show_post_author_image":"1","show_post_date":"1","post_date_format":"default","post_date_format_custom":"Y\/m\/d","show_post_category":"0","show_post_reading_time":"0","post_reading_time_wpm":"300","show_zoom_button":"0","zoom_button_out_step":"2","zoom_button_in_step":"3","show_post_tag":"1","show_prev_next_post":"0","show_popup_post":"1","number_popup_post":"1","show_author_box":"1","show_post_related":"1","show_inline_post_related":"0"}],"override_image_size":"0","image_override":[{"single_post_thumbnail_size":"crop-500","single_post_gallery_size":"crop-500"}],"trending_post":"0","trending_post_position":"meta","trending_post_label":"Trending","sponsored_post":"0","sponsored_post_label":"Sponsored by","sponsored_post_name":"","sponsored_post_url":"","sponsored_post_logo_enable":"0","sponsored_post_logo":"","sponsored_post_desc":"","disable_ad":"0"},"jnews_primary_category":{"id":"","hide":""},"jnews_social_meta":{"fb_title":"","fb_description":"","fb_image":"","twitter_title":"","twitter_description":"","twitter_image":""},"jnews_override_counter":{"override_view_counter":"0","view_counter_number":"0","override_share_counter":"0","share_counter_number":"0","override_like_counter":"0","like_counter_number":"0","override_dislike_counter":"0","dislike_counter_number":"0"},"jnews_post_split":{"enable_post_split":"0","post_split":[{"template":"1","tag":"h2","numbering":"asc","mode":"normal","first":"0","enable_toc":"0","toc_type":"normal"}]},"footnotes":""},"categories":[63,66,2],"tags":[355,2658,859],"class_list":["post-49595","post","type-post","status-publish","format-standard","has-post-thumbnail","hentry","category-herzogtum-lauenburg","category-moelln","category-startseite","tag-baustelle","tag-moellner-hauptstrasse","tag-verkehrsbehinderungen"],"_links":{"self":[{"href":"https:\/\/herzogtum-direkt.de\/index.php\/wp-json\/wp\/v2\/posts\/49595","targetHints":{"allow":["GET"]}}],"collection":[{"href":"https:\/\/herzogtum-direkt.de\/index.php\/wp-json\/wp\/v2\/posts"}],"about":[{"href":"https:\/\/herzogtum-direkt.de\/index.php\/wp-json\/wp\/v2\/types\/post"}],"author":[{"embeddable":true,"href":"https:\/\/herzogtum-direkt.de\/index.php\/wp-json\/wp\/v2\/users\/2"}],"replies":[{"embeddable":true,"href":"https:\/\/herzogtum-direkt.de\/index.php\/wp-json\/wp\/v2\/comments?post=49595"}],"version-history":[{"count":3,"href":"https:\/\/herzogtum-direkt.de\/index.php\/wp-json\/wp\/v2\/posts\/49595\/revisions"}],"predecessor-version":[{"id":49691,"href":"https:\/\/herzogtum-direkt.de\/index.php\/wp-json\/wp\/v2\/posts\/49595\/revisions\/49691"}],"wp:featuredmedia":[{"embeddable":true,"href":"https:\/\/herzogtum-direkt.de\/index.php\/wp-json\/wp\/v2\/media\/8963"}],"wp:attachment":[{"href":"https:\/\/herzogtum-direkt.de\/index.php\/wp-json\/wp\/v2\/media?parent=49595"}],"wp:term":[{"taxonomy":"category","embeddable":true,"href":"https:\/\/herzogtum-direkt.de\/index.php\/wp-json\/wp\/v2\/categories?post=49595"},{"taxonomy":"post_tag","embeddable":true,"href":"https:\/\/herzogtum-direkt.de\/index.php\/wp-json\/wp\/v2\/tags?post=49595"}],"curies":[{"name":"wp","href":"https:\/\/api.w.org\/{rel}","templated":true}]}}