{"id":49499,"date":"2023-04-03T11:00:33","date_gmt":"2023-04-03T09:00:33","guid":{"rendered":"https:\/\/herzogtum-direkt.de\/?p=49499"},"modified":"2023-04-03T11:00:34","modified_gmt":"2023-04-03T09:00:34","slug":"saisonstart-im-museum-vergessene-arbeit-verschoben","status":"publish","type":"post","link":"https:\/\/herzogtum-direkt.de\/index.php\/2023\/04\/03\/saisonstart-im-museum-vergessene-arbeit-verschoben\/","title":{"rendered":"Saisonstart im Museum \u201eVergessene Arbeit\u201c verschoben"},"content":{"rendered":"\n<p><strong>Steinhorst (pm). <\/strong>Die Saisoner\u00f6ffnung des Museums \u201eVergessene Arbeit\u201c in Steinhorst in der Schulstra\u00dfe 10 war f\u00fcr Anfang April dieses Jahres geplant. Auf Grund der zurzeit noch herrschenden sehr niedrigen Temperaturen verschiebt sich die Er\u00f6ffnung um einen Monat.<\/p>\n\n\n<div class=\"wp-block-image is-style-rounded\">\n<figure class=\"aligncenter size-full is-resized\"><img fetchpriority=\"high\" decoding=\"async\" src=\"https:\/\/herzogtum-direkt.de\/wp-content\/uploads\/2022\/11\/Kueche-Museum-vergessene-Arbeit-Steinhorst-Foto-Gesine-Biller.jpg\" alt=\"\" class=\"wp-image-45347\" width=\"648\" height=\"432\" srcset=\"https:\/\/herzogtum-direkt.de\/wp-content\/uploads\/2022\/11\/Kueche-Museum-vergessene-Arbeit-Steinhorst-Foto-Gesine-Biller.jpg 1000w, https:\/\/herzogtum-direkt.de\/wp-content\/uploads\/2022\/11\/Kueche-Museum-vergessene-Arbeit-Steinhorst-Foto-Gesine-Biller-300x200.jpg 300w, https:\/\/herzogtum-direkt.de\/wp-content\/uploads\/2022\/11\/Kueche-Museum-vergessene-Arbeit-Steinhorst-Foto-Gesine-Biller-768x512.jpg 768w, https:\/\/herzogtum-direkt.de\/wp-content\/uploads\/2022\/11\/Kueche-Museum-vergessene-Arbeit-Steinhorst-Foto-Gesine-Biller-750x500.jpg 750w\" sizes=\"(max-width: 648px) 100vw, 648px\" \/><figcaption class=\"wp-element-caption\">Die K\u00fcche im Museum in Steinhorst mit dem \u00fcblichen Paradetuch. Foto: Gesine Biller<\/figcaption><\/figure>\n<\/div>\n\n\n<p>Die Museumsmannschaft, die vorwiegend aus Menschen der \u00e4lteren Generation besteht, plant, eine Er\u00f6ffnung am Sonnabend, 6.Mai 2023. Ge\u00f6ffnet ist das Museum dann in der Zeit von 14 Uhr bis 17 Uhr. Interessierte Besucherinnen und Besucher m\u00fcssen sich daher noch etwas gedulden.<\/p>\n","protected":false},"excerpt":{"rendered":"<p>Steinhorst (pm). Die Saisoner\u00f6ffnung des Museums \u201eVergessene Arbeit\u201c in Steinhorst in der Schulstra\u00dfe 10 war f\u00fcr Anfang April dieses Jahres geplant. Auf Grund der zurzeit noch herrschenden sehr niedrigen Temperaturen verschiebt sich die Er\u00f6ffnung um einen Monat. Die Museumsmannschaft, die vorwiegend aus Menschen der \u00e4lteren Generation besteht, plant, eine Er\u00f6ffnung am Sonnabend, 6.Mai 2023. Ge\u00f6ffnet [&hellip;]<\/p>\n","protected":false},"author":2,"featured_media":3046,"comment_status":"closed","ping_status":"closed","sticky":false,"template":"","format":"standard","meta":{"jnews-multi-image_gallery":[],"jnews_single_post":{"subtitle":"","format":"standard","video":"","gallery":"","source_name":"","source_url":"","via_name":"","via_url":"","jpwt_enable_post_donation":"0","override_template":"0","override":[{"template":"1","single_blog_custom":"","parallax":"1","fullscreen":"1","layout":"right-sidebar","sidebar":"default-sidebar","second_sidebar":"default-sidebar","sticky_sidebar":"1","share_position":"top","share_float_style":"share-monocrhome","show_share_counter":"0","show_view_counter":"1","show_featured":"1","show_post_meta":"1","show_post_author":"1","show_post_author_image":"1","show_post_date":"1","post_date_format":"default","post_date_format_custom":"Y\/m\/d","show_post_category":"0","show_post_reading_time":"0","post_reading_time_wpm":"300","show_zoom_button":"0","zoom_button_out_step":"2","zoom_button_in_step":"3","show_post_tag":"1","show_prev_next_post":"0","show_popup_post":"1","number_popup_post":"1","show_author_box":"1","show_post_related":"1","show_inline_post_related":"0"}],"override_image_size":"0","image_override":[{"single_post_thumbnail_size":"crop-500","single_post_gallery_size":"crop-500"}],"trending_post":"0","trending_post_position":"meta","trending_post_label":"Trending","sponsored_post":"0","sponsored_post_label":"Sponsored by","sponsored_post_name":"","sponsored_post_url":"","sponsored_post_logo_enable":"0","sponsored_post_logo":"","sponsored_post_desc":"","disable_ad":"0"},"jnews_primary_category":{"id":"","hide":""},"jnews_social_meta":{"fb_title":"","fb_description":"","fb_image":"","twitter_title":"","twitter_description":"","twitter_image":""},"jnews_override_counter":{"override_view_counter":"0","view_counter_number":"0","override_share_counter":"0","share_counter_number":"0","override_like_counter":"0","like_counter_number":"0","override_dislike_counter":"0","dislike_counter_number":"0"},"jnews_post_split":{"enable_post_split":"0","post_split":[{"template":"1","tag":"h2","numbering":"asc","mode":"normal","first":"0","enable_toc":"0","toc_type":"normal"}]},"footnotes":""},"categories":[67,63,70],"tags":[1380,3310,723],"class_list":["post-49499","post","type-post","status-publish","format-standard","has-post-thumbnail","hentry","category-amt-sandesneben-nusse","category-herzogtum-lauenburg","category-kultur","tag-museum-vergessene-arbeit","tag-saisonstart","tag-steinhorst"],"_links":{"self":[{"href":"https:\/\/herzogtum-direkt.de\/index.php\/wp-json\/wp\/v2\/posts\/49499","targetHints":{"allow":["GET"]}}],"collection":[{"href":"https:\/\/herzogtum-direkt.de\/index.php\/wp-json\/wp\/v2\/posts"}],"about":[{"href":"https:\/\/herzogtum-direkt.de\/index.php\/wp-json\/wp\/v2\/types\/post"}],"author":[{"embeddable":true,"href":"https:\/\/herzogtum-direkt.de\/index.php\/wp-json\/wp\/v2\/users\/2"}],"replies":[{"embeddable":true,"href":"https:\/\/herzogtum-direkt.de\/index.php\/wp-json\/wp\/v2\/comments?post=49499"}],"version-history":[{"count":1,"href":"https:\/\/herzogtum-direkt.de\/index.php\/wp-json\/wp\/v2\/posts\/49499\/revisions"}],"predecessor-version":[{"id":49500,"href":"https:\/\/herzogtum-direkt.de\/index.php\/wp-json\/wp\/v2\/posts\/49499\/revisions\/49500"}],"wp:featuredmedia":[{"embeddable":true,"href":"https:\/\/herzogtum-direkt.de\/index.php\/wp-json\/wp\/v2\/media\/3046"}],"wp:attachment":[{"href":"https:\/\/herzogtum-direkt.de\/index.php\/wp-json\/wp\/v2\/media?parent=49499"}],"wp:term":[{"taxonomy":"category","embeddable":true,"href":"https:\/\/herzogtum-direkt.de\/index.php\/wp-json\/wp\/v2\/categories?post=49499"},{"taxonomy":"post_tag","embeddable":true,"href":"https:\/\/herzogtum-direkt.de\/index.php\/wp-json\/wp\/v2\/tags?post=49499"}],"curies":[{"name":"wp","href":"https:\/\/api.w.org\/{rel}","templated":true}]}}