{"id":49099,"date":"2023-03-21T13:11:51","date_gmt":"2023-03-21T11:11:51","guid":{"rendered":"https:\/\/herzogtum-direkt.de\/?p=49099"},"modified":"2023-03-21T13:11:52","modified_gmt":"2023-03-21T11:11:52","slug":"nachhaltiges-projekt-ist-umgezogen","status":"publish","type":"post","link":"https:\/\/herzogtum-direkt.de\/index.php\/2023\/03\/21\/nachhaltiges-projekt-ist-umgezogen\/","title":{"rendered":"Nachhaltiges Projekt ist umgezogen"},"content":{"rendered":"\n<p><strong>Ratzeburg (pm)<\/strong>. Das Repair-Caf\u00e9 Ratzeburg er\u00f6ffnet am Sonntag, 26. M\u00e4rz 2023 an seinem neuen Standort in der<a href=\"https:\/\/osm.org\/go\/0HqZX2qak-?layers=N&amp;m=\" target=\"_blank\" rel=\"noreferrer noopener\">\u00a0Bahnhofsallee 38<\/a>.\u00a0Der Eingang ist nur von der Max-Planck-Stra\u00dfe aus m\u00f6glich. <\/p>\n\n\n\n<p>In der Zeit von 14 Uhr bis 17 Uhr k\u00f6nnen wieder defekte Haushalts- und Gartenger\u00e4te, Fahrr\u00e4der oder M\u00f6bel vorbeigebracht und mit\u00a0etwas Know-How selbst repariert werden.\u00a0&#8222;Wir freuen uns, dass wir so schnell einen Standort f\u00fcr unser Repair-Caf\u00e9 finden konnten. Wenn es uns jetzt noch gel\u00e4nge,\u00a02 oder 3 Personen zu finden, die uns bei den Reparaturen gerade mit Fachwissen zu Elektroger\u00e4te unterst\u00fctzen, w\u00e4ren alles perfekt&#8220;,\u00a0sagt Hauke Thomsen.<\/p>\n\n\n\n<figure class=\"wp-block-gallery has-nested-images columns-default is-cropped wp-block-gallery-1 is-layout-flex wp-block-gallery-is-layout-flex\">\n<figure class=\"wp-block-image size-large is-style-rounded\"><img fetchpriority=\"high\" decoding=\"async\" width=\"968\" height=\"661\" data-id=\"38106\" src=\"https:\/\/herzogtum-direkt.de\/wp-content\/uploads\/2022\/03\/Untitled-1.jpg\" alt=\"\" class=\"wp-image-38106\" srcset=\"https:\/\/herzogtum-direkt.de\/wp-content\/uploads\/2022\/03\/Untitled-1.jpg 968w, https:\/\/herzogtum-direkt.de\/wp-content\/uploads\/2022\/03\/Untitled-1-300x205.jpg 300w, https:\/\/herzogtum-direkt.de\/wp-content\/uploads\/2022\/03\/Untitled-1-768x524.jpg 768w, https:\/\/herzogtum-direkt.de\/wp-content\/uploads\/2022\/03\/Untitled-1-750x512.jpg 750w\" sizes=\"(max-width: 968px) 100vw, 968px\" \/><figcaption class=\"wp-element-caption\">Das Repair Caf\u00e8 hat neue R\u00e4ume. Foto: Stadt Ratzeburg, hfr<\/figcaption><\/figure>\n\n\n\n<figure class=\"wp-block-image size-large\"><img decoding=\"async\" width=\"1000\" height=\"678\" data-id=\"44702\" src=\"https:\/\/herzogtum-direkt.de\/wp-content\/uploads\/2022\/10\/Johann-Tessmer-links-vom-Ratzeburger-JugendbeiratNachhaltigkeitspreis-der-Ratzeburger-Jugend-an-den-Leiter-des-Ratzeburger-Repair-Cafes-Hauke-Thomsen.-Foto-Thomas-Biller-hfr.jpg\" alt=\"\" class=\"wp-image-44702\" srcset=\"https:\/\/herzogtum-direkt.de\/wp-content\/uploads\/2022\/10\/Johann-Tessmer-links-vom-Ratzeburger-JugendbeiratNachhaltigkeitspreis-der-Ratzeburger-Jugend-an-den-Leiter-des-Ratzeburger-Repair-Cafes-Hauke-Thomsen.-Foto-Thomas-Biller-hfr.jpg 1000w, https:\/\/herzogtum-direkt.de\/wp-content\/uploads\/2022\/10\/Johann-Tessmer-links-vom-Ratzeburger-JugendbeiratNachhaltigkeitspreis-der-Ratzeburger-Jugend-an-den-Leiter-des-Ratzeburger-Repair-Cafes-Hauke-Thomsen.-Foto-Thomas-Biller-hfr-300x203.jpg 300w, https:\/\/herzogtum-direkt.de\/wp-content\/uploads\/2022\/10\/Johann-Tessmer-links-vom-Ratzeburger-JugendbeiratNachhaltigkeitspreis-der-Ratzeburger-Jugend-an-den-Leiter-des-Ratzeburger-Repair-Cafes-Hauke-Thomsen.-Foto-Thomas-Biller-hfr-768x521.jpg 768w, https:\/\/herzogtum-direkt.de\/wp-content\/uploads\/2022\/10\/Johann-Tessmer-links-vom-Ratzeburger-JugendbeiratNachhaltigkeitspreis-der-Ratzeburger-Jugend-an-den-Leiter-des-Ratzeburger-Repair-Cafes-Hauke-Thomsen.-Foto-Thomas-Biller-hfr-750x509.jpg 750w\" sizes=\"(max-width: 1000px) 100vw, 1000px\" \/><figcaption class=\"wp-element-caption\">Johann Tessmer (links) vom Ratzeburger Jugendbeirat \u00fcberreicht den &#8222;Nachhaltigkeitspreis der Ratzeburger Jugend&#8220; an den Leiter des Ratzeburger Repair-Caf\u00e9s, Hauke Thomsen. Foto: Thomas Biller, hfr<\/figcaption><\/figure>\n<\/figure>\n\n\n\n<p>Zusammen mit Kim Langer hat Thomsen diese Nachhaltigkeitsinitiative in Ratzeburg ins Leben gerufen. Das Repair-Caf\u00e9 wird am neuen Standort wie gewohnt sonntags alle 14 Tage zur gleichen Zeit ge\u00f6ffnet sein.\u00a0<\/p>\n","protected":false},"excerpt":{"rendered":"<p>Ratzeburg (pm). Das Repair-Caf\u00e9 Ratzeburg er\u00f6ffnet am Sonntag, 26. M\u00e4rz 2023 an seinem neuen Standort in der\u00a0Bahnhofsallee 38.\u00a0Der Eingang ist nur von der Max-Planck-Stra\u00dfe aus m\u00f6glich. In der Zeit von 14 Uhr bis 17 Uhr k\u00f6nnen wieder defekte Haushalts- und Gartenger\u00e4te, Fahrr\u00e4der oder M\u00f6bel vorbeigebracht und mit\u00a0etwas Know-How selbst repariert werden.\u00a0&#8222;Wir freuen uns, dass wir [&hellip;]<\/p>\n","protected":false},"author":2,"featured_media":49103,"comment_status":"closed","ping_status":"closed","sticky":false,"template":"","format":"standard","meta":{"jnews-multi-image_gallery":[],"jnews_single_post":{"subtitle":"Ratzeburger Repair-Caf\u00e9 \u00f6ffnet an neuem Standort","format":"standard","video":"","gallery":"","source_name":"","source_url":"","via_name":"","via_url":"","jpwt_enable_post_donation":"0","override_template":"0","override":[{"template":"1","single_blog_custom":"","parallax":"1","fullscreen":"1","layout":"right-sidebar","sidebar":"default-sidebar","second_sidebar":"default-sidebar","sticky_sidebar":"1","share_position":"top","share_float_style":"share-monocrhome","show_share_counter":"0","show_view_counter":"1","show_featured":"1","show_post_meta":"1","show_post_author":"1","show_post_author_image":"1","show_post_date":"1","post_date_format":"default","post_date_format_custom":"Y\/m\/d","show_post_category":"0","show_post_reading_time":"0","post_reading_time_wpm":"300","show_zoom_button":"0","zoom_button_out_step":"2","zoom_button_in_step":"3","show_post_tag":"1","show_prev_next_post":"0","show_popup_post":"1","number_popup_post":"1","show_author_box":"1","show_post_related":"1","show_inline_post_related":"0"}],"override_image_size":"0","image_override":[{"single_post_thumbnail_size":"crop-500","single_post_gallery_size":"crop-500"}],"trending_post":"0","trending_post_position":"meta","trending_post_label":"Trending","sponsored_post":"0","sponsored_post_label":"Sponsored by","sponsored_post_name":"","sponsored_post_url":"","sponsored_post_logo_enable":"0","sponsored_post_logo":"","sponsored_post_desc":"","disable_ad":"0"},"jnews_primary_category":{"id":"","hide":""},"jnews_social_meta":{"fb_title":"","fb_description":"","fb_image":"","twitter_title":"","twitter_description":"","twitter_image":""},"jnews_override_counter":{"override_view_counter":"0","view_counter_number":"0","override_share_counter":"0","share_counter_number":"0","override_like_counter":"0","like_counter_number":"0","override_dislike_counter":"0","dislike_counter_number":"0"},"jnews_post_split":{"enable_post_split":"0","post_split":[{"template":"1","tag":"h2","numbering":"asc","mode":"normal","first":"0","enable_toc":"0","toc_type":"normal"}]},"footnotes":""},"categories":[63,73,64],"tags":[3665,490],"class_list":["post-49099","post","type-post","status-publish","format-standard","has-post-thumbnail","hentry","category-herzogtum-lauenburg","category-landleute","category-ratzeburg","tag-repair-cafe-ratzeburg","tag-repaircafe"],"_links":{"self":[{"href":"https:\/\/herzogtum-direkt.de\/index.php\/wp-json\/wp\/v2\/posts\/49099","targetHints":{"allow":["GET"]}}],"collection":[{"href":"https:\/\/herzogtum-direkt.de\/index.php\/wp-json\/wp\/v2\/posts"}],"about":[{"href":"https:\/\/herzogtum-direkt.de\/index.php\/wp-json\/wp\/v2\/types\/post"}],"author":[{"embeddable":true,"href":"https:\/\/herzogtum-direkt.de\/index.php\/wp-json\/wp\/v2\/users\/2"}],"replies":[{"embeddable":true,"href":"https:\/\/herzogtum-direkt.de\/index.php\/wp-json\/wp\/v2\/comments?post=49099"}],"version-history":[{"count":1,"href":"https:\/\/herzogtum-direkt.de\/index.php\/wp-json\/wp\/v2\/posts\/49099\/revisions"}],"predecessor-version":[{"id":49102,"href":"https:\/\/herzogtum-direkt.de\/index.php\/wp-json\/wp\/v2\/posts\/49099\/revisions\/49102"}],"wp:featuredmedia":[{"embeddable":true,"href":"https:\/\/herzogtum-direkt.de\/index.php\/wp-json\/wp\/v2\/media\/49103"}],"wp:attachment":[{"href":"https:\/\/herzogtum-direkt.de\/index.php\/wp-json\/wp\/v2\/media?parent=49099"}],"wp:term":[{"taxonomy":"category","embeddable":true,"href":"https:\/\/herzogtum-direkt.de\/index.php\/wp-json\/wp\/v2\/categories?post=49099"},{"taxonomy":"post_tag","embeddable":true,"href":"https:\/\/herzogtum-direkt.de\/index.php\/wp-json\/wp\/v2\/tags?post=49099"}],"curies":[{"name":"wp","href":"https:\/\/api.w.org\/{rel}","templated":true}]}}