{"id":4869,"date":"2018-06-21T11:07:38","date_gmt":"2018-06-21T09:07:38","guid":{"rendered":"https:\/\/herzogtum-direkt.de\/?p=4869"},"modified":"2018-06-21T11:48:57","modified_gmt":"2018-06-21T09:48:57","slug":"glasfaserausbau-in-moelln","status":"publish","type":"post","link":"https:\/\/herzogtum-direkt.de\/index.php\/2018\/06\/21\/glasfaserausbau-in-moelln\/","title":{"rendered":"Glasfaserausbau in M\u00f6lln"},"content":{"rendered":"<p><strong>M\u00f6lln (pm).<\/strong> M\u00f6lln ist zum Gro\u00dfteil bereits an das Glasfasernetz angeschlossen, Internet in Lichtgeschwindigkeit ist in vielen Bereichen der Stadt bereits verf\u00fcgbar. Der Ausbau des Glasfasernetzes im Bauabschnitt S\u00fcdost 01-11-07 (Bereich Rudolf-Virchow-Stra\u00dfe \u2013 Iltisstieg \u2013 Am L\u00fctauer See) l\u00e4uft, der Tiefbau ist hier abgeschlossen. Es werden nun die Vorbereitungen f\u00fcr die Inbetriebnahme getroffen, mit der im Herbst zu rechnen ist.<\/p>\n<p>In den drei n\u00f6rdlichen Bauabschnitten \u00f6stlich des Gudower Wegs und im Wasserkr\u00fcger Weg (1-81) startet der Bau jetzt. Der Ausbau durch die Firma E&amp;D Bau beginnt von Norden aus und wird am Gudower Weg Richtung S\u00fcden weitergehen.<\/p>\n<p>Alle Kunden, die schon einen Auftrag abgegeben haben, erhalten rechtzeitig vor Baubeginn eine Auftragsbest\u00e4tigung mit weiteren Informationen. Wer noch keinen Auftrag f\u00fcr einen kostenlosen Hausanschluss abgegeben hat, hat noch die M\u00f6glichkeit dazu. (nicht mehr m\u00f6glich f\u00fcr den Bauabschnitt 01-11-07)<\/p>\n<p>F\u00fcr Sp\u00e4tentschlossene bietet die VS Media einen Beratungstermin vor Ort an. Beginn ist am Dienstag, 3. Juli von 17 bis 19 Uhr im Polleyn-Zentrum, Jochim-Polleyn-Platz 9.<\/p>\n<p>Von Tiefbaubeginn im Bauabschnitt bis zu einem betriebsbereiten Hausanschluss vergehen in der Regel zw\u00f6lf Monate. Der Anschluss an das Gigabitnetz der VS Media, mit Glasfaser bis in das Haus, ist f\u00fcr Kunden kostenlos, wenn ein Auftrag f\u00fcr mindestens einen der Dienste Telefon, Fernsehen oder Internet gebucht wird. Standardleistung f\u00fcr das Internet sind 200 Mbit\/s (symmetrisch).<\/p>\n<p>Weitere Infos zum Bau, zu den Geschwindigkeiten und Preisen finden Sie unter <a href=\"http:\/\/www.vereinigte-stadtwerke.de\/media\" target=\"_blank\" rel=\"noopener\">www.vereinigte-stadtwerke.de\/media<\/a>, hier besteht auch die M\u00f6glichkeit online einen Auftrag auszuf\u00fcllen: <a href=\"https:\/\/www.vereinigte-stadtwerke.de\/glasfaser\" target=\"_blank\" rel=\"noopener\">https:\/\/www.vereinigte-stadtwerke.de\/glasfaser<\/a>.<\/p>\n","protected":false},"excerpt":{"rendered":"<p>M\u00f6lln (pm). M\u00f6lln ist zum Gro\u00dfteil bereits an das Glasfasernetz angeschlossen, Internet in Lichtgeschwindigkeit ist in vielen Bereichen der Stadt bereits verf\u00fcgbar. Der Ausbau des Glasfasernetzes im Bauabschnitt S\u00fcdost 01-11-07 (Bereich Rudolf-Virchow-Stra\u00dfe \u2013 Iltisstieg \u2013 Am L\u00fctauer See) l\u00e4uft, der Tiefbau ist hier abgeschlossen. Es werden nun die Vorbereitungen f\u00fcr die Inbetriebnahme getroffen, mit der [&hellip;]<\/p>\n","protected":false},"author":2,"featured_media":4870,"comment_status":"open","ping_status":"closed","sticky":false,"template":"","format":"standard","meta":{"jnews-multi-image_gallery":[],"jnews_single_post":[],"jnews_primary_category":[],"jnews_social_meta":[],"jnews_override_counter":[],"jnews_post_split":[],"footnotes":""},"categories":[63,66],"tags":[821,886,133,888],"class_list":["post-4869","post","type-post","status-publish","format-standard","has-post-thumbnail","hentry","category-herzogtum-lauenburg","category-moelln","tag-breitbandausbau","tag-glasfaser","tag-moelln","tag-vereinigte-stadtwerke"],"_links":{"self":[{"href":"https:\/\/herzogtum-direkt.de\/index.php\/wp-json\/wp\/v2\/posts\/4869","targetHints":{"allow":["GET"]}}],"collection":[{"href":"https:\/\/herzogtum-direkt.de\/index.php\/wp-json\/wp\/v2\/posts"}],"about":[{"href":"https:\/\/herzogtum-direkt.de\/index.php\/wp-json\/wp\/v2\/types\/post"}],"author":[{"embeddable":true,"href":"https:\/\/herzogtum-direkt.de\/index.php\/wp-json\/wp\/v2\/users\/2"}],"replies":[{"embeddable":true,"href":"https:\/\/herzogtum-direkt.de\/index.php\/wp-json\/wp\/v2\/comments?post=4869"}],"version-history":[{"count":1,"href":"https:\/\/herzogtum-direkt.de\/index.php\/wp-json\/wp\/v2\/posts\/4869\/revisions"}],"predecessor-version":[{"id":4871,"href":"https:\/\/herzogtum-direkt.de\/index.php\/wp-json\/wp\/v2\/posts\/4869\/revisions\/4871"}],"wp:featuredmedia":[{"embeddable":true,"href":"https:\/\/herzogtum-direkt.de\/index.php\/wp-json\/wp\/v2\/media\/4870"}],"wp:attachment":[{"href":"https:\/\/herzogtum-direkt.de\/index.php\/wp-json\/wp\/v2\/media?parent=4869"}],"wp:term":[{"taxonomy":"category","embeddable":true,"href":"https:\/\/herzogtum-direkt.de\/index.php\/wp-json\/wp\/v2\/categories?post=4869"},{"taxonomy":"post_tag","embeddable":true,"href":"https:\/\/herzogtum-direkt.de\/index.php\/wp-json\/wp\/v2\/tags?post=4869"}],"curies":[{"name":"wp","href":"https:\/\/api.w.org\/{rel}","templated":true}]}}