{"id":48457,"date":"2023-03-04T06:14:00","date_gmt":"2023-03-04T04:14:00","guid":{"rendered":"https:\/\/herzogtum-direkt.de\/?p=48457"},"modified":"2023-02-28T11:18:14","modified_gmt":"2023-02-28T09:18:14","slug":"sind-wir-alleine-im-weltall","status":"publish","type":"post","link":"https:\/\/herzogtum-direkt.de\/index.php\/2023\/03\/04\/sind-wir-alleine-im-weltall\/","title":{"rendered":"\u201eSind wir alleine im Weltall?\u201c\u00a0\u00a0\u00a0\u00a0\u00a0\u00a0"},"content":{"rendered":"\n<p><strong>Berkenthin (pm).<\/strong> Der Berkenthiner Kulturausschuss l\u00e4dt f\u00fcr Sonntag, 12.M\u00e4rz 2023 zu einem weiteren Vortrag im Rahmen der Matinee-Reihe ein. Der Stecknitz-Astronom Frank Szemkus wird dann der spannenden Frage nachgehen: Sind wir alleine im Weltall oder gibt es noch irgendwo da drau\u00dfen weiteres \u2013 intelligentes \u2013 Leben?<\/p>\n\n\n\n<p>Die gewaltige Anzahl an mittlerweile entdeckten Planeten, die um fremde Sonnen kreisen, l\u00e4sst immerhin den Schluss zu, dass es viele bewohnbare Zwillingserden geben sollte. Und nat\u00fcrlich sind bestimmt einige dabei, die sogar intelligentes Leben hervorgebracht haben k\u00f6nnten. Vielleicht sogar ganz in unserer Nachbarschaft.\u00a0 Warum diese Vorstellungen von au\u00dferirdischen Zivilisationen aber auf recht t\u00f6nernen F\u00fc\u00dfen stehen, wird Hobby-Astronom Frank Szemkus erl\u00e4utern. Ein Vortrag, der zum Staunen einl\u00e4dt! Der Vortrag beginnt vormittags um 11 Uhr im Sportzentrum in der Bahnhofstra\u00dfe 21, der Einlass ist ab 10.30 Uhr. Der Eintritt ist frei, eine Anmeldung ist nicht erforderlich.<\/p>\n","protected":false},"excerpt":{"rendered":"<p>Berkenthin (pm). Der Berkenthiner Kulturausschuss l\u00e4dt f\u00fcr Sonntag, 12.M\u00e4rz 2023 zu einem weiteren Vortrag im Rahmen der Matinee-Reihe ein. Der Stecknitz-Astronom Frank Szemkus wird dann der spannenden Frage nachgehen: Sind wir alleine im Weltall oder gibt es noch irgendwo da drau\u00dfen weiteres \u2013 intelligentes \u2013 Leben? Die gewaltige Anzahl an mittlerweile entdeckten Planeten, die um [&hellip;]<\/p>\n","protected":false},"author":2,"featured_media":48458,"comment_status":"closed","ping_status":"closed","sticky":false,"template":"","format":"standard","meta":{"jnews-multi-image_gallery":[],"jnews_single_post":{"subtitle":"Vortrag vom Astronomen Frank Szemkus                        ","format":"standard","video":"","gallery":"","source_name":"","source_url":"","via_name":"","via_url":"","jpwt_enable_post_donation":"0","override_template":"0","override":[{"template":"1","single_blog_custom":"","parallax":"1","fullscreen":"1","layout":"right-sidebar","sidebar":"default-sidebar","second_sidebar":"default-sidebar","sticky_sidebar":"1","share_position":"top","share_float_style":"share-monocrhome","show_share_counter":"0","show_view_counter":"1","show_featured":"1","show_post_meta":"1","show_post_author":"1","show_post_author_image":"1","show_post_date":"1","post_date_format":"default","post_date_format_custom":"Y\/m\/d","show_post_category":"0","show_post_reading_time":"0","post_reading_time_wpm":"300","show_zoom_button":"0","zoom_button_out_step":"2","zoom_button_in_step":"3","show_post_tag":"1","show_prev_next_post":"0","show_popup_post":"1","number_popup_post":"1","show_author_box":"1","show_post_related":"1","show_inline_post_related":"0"}],"override_image_size":"0","image_override":[{"single_post_thumbnail_size":"crop-500","single_post_gallery_size":"crop-500"}],"trending_post":"0","trending_post_position":"meta","trending_post_label":"Trending","sponsored_post":"0","sponsored_post_label":"Sponsored by","sponsored_post_name":"","sponsored_post_url":"","sponsored_post_logo_enable":"0","sponsored_post_logo":"","sponsored_post_desc":"","disable_ad":"0"},"jnews_primary_category":{"id":"","hide":""},"jnews_social_meta":{"fb_title":"","fb_description":"","fb_image":"","twitter_title":"","twitter_description":"","twitter_image":""},"jnews_override_counter":{"override_view_counter":"0","view_counter_number":"0","override_share_counter":"0","share_counter_number":"0","override_like_counter":"0","like_counter_number":"0","override_dislike_counter":"0","dislike_counter_number":"0"},"jnews_post_split":{"enable_post_split":"0","post_split":[{"template":"1","tag":"h2","numbering":"asc","mode":"normal","first":"0","enable_toc":"0","toc_type":"normal"}]},"footnotes":""},"categories":[65,63,70],"tags":[1267,118,3638,1266],"class_list":["post-48457","post","type-post","status-publish","format-standard","has-post-thumbnail","hentry","category-amt-berkenthin","category-herzogtum-lauenburg","category-kultur","tag-astronomie","tag-berkenthin","tag-martinee","tag-vhs-berkenthin"],"_links":{"self":[{"href":"https:\/\/herzogtum-direkt.de\/index.php\/wp-json\/wp\/v2\/posts\/48457","targetHints":{"allow":["GET"]}}],"collection":[{"href":"https:\/\/herzogtum-direkt.de\/index.php\/wp-json\/wp\/v2\/posts"}],"about":[{"href":"https:\/\/herzogtum-direkt.de\/index.php\/wp-json\/wp\/v2\/types\/post"}],"author":[{"embeddable":true,"href":"https:\/\/herzogtum-direkt.de\/index.php\/wp-json\/wp\/v2\/users\/2"}],"replies":[{"embeddable":true,"href":"https:\/\/herzogtum-direkt.de\/index.php\/wp-json\/wp\/v2\/comments?post=48457"}],"version-history":[{"count":1,"href":"https:\/\/herzogtum-direkt.de\/index.php\/wp-json\/wp\/v2\/posts\/48457\/revisions"}],"predecessor-version":[{"id":48459,"href":"https:\/\/herzogtum-direkt.de\/index.php\/wp-json\/wp\/v2\/posts\/48457\/revisions\/48459"}],"wp:featuredmedia":[{"embeddable":true,"href":"https:\/\/herzogtum-direkt.de\/index.php\/wp-json\/wp\/v2\/media\/48458"}],"wp:attachment":[{"href":"https:\/\/herzogtum-direkt.de\/index.php\/wp-json\/wp\/v2\/media?parent=48457"}],"wp:term":[{"taxonomy":"category","embeddable":true,"href":"https:\/\/herzogtum-direkt.de\/index.php\/wp-json\/wp\/v2\/categories?post=48457"},{"taxonomy":"post_tag","embeddable":true,"href":"https:\/\/herzogtum-direkt.de\/index.php\/wp-json\/wp\/v2\/tags?post=48457"}],"curies":[{"name":"wp","href":"https:\/\/api.w.org\/{rel}","templated":true}]}}