{"id":48419,"date":"2023-02-27T11:42:57","date_gmt":"2023-02-27T09:42:57","guid":{"rendered":"https:\/\/herzogtum-direkt.de\/?p=48419"},"modified":"2023-02-27T11:42:58","modified_gmt":"2023-02-27T09:42:58","slug":"die-brueckenbauer-wurden-erfolgreich-gegruendet","status":"publish","type":"post","link":"https:\/\/herzogtum-direkt.de\/index.php\/2023\/02\/27\/die-brueckenbauer-wurden-erfolgreich-gegruendet\/","title":{"rendered":"&#8222;DIE BR\u00dcCKENBAUER&#8220; wurden erfolgreich gegr\u00fcndet"},"content":{"rendered":"\n<p><strong>Kuddew\u00f6rde (pm).<\/strong> In der Gr\u00fcndungsversammlung vom Freitag, 24. Februar im Richard-Dohrn-Haus in Grande wurde die W\u00e4hlergemeinschaft &#8222;DIE BR\u00dcCKENBAUER&#8220; mit 16 Mitgliedern gegr\u00fcndet. Die Gr\u00fcndung fand mit einigen interessierten G\u00e4sten statt.<\/p>\n\n\n\n<p>Nach ausf\u00fchrlicher Aussprache \u00fcber das Programm wurde der Vorstand gew\u00e4hlt mit: Thomas vom Bruck (Vorsitzender), Hilke Soltau (Vorsitzende), Hans-Heinrich Stamer (stellvertretender Vorsitzender), Anne Christina Remus (Kassenwartin) und Doris Salkowsky (Schriftf\u00fchrerin). Die Satzung und das Programm wurden einstimmig beschlossen. &#8222;Die Br\u00fcckenbauer&#8220; laden alle Mitglieder und potentiell interessierte B\u00fcrgerInnen ab 18 Jahren in Kuddew\u00f6rde ein, sich bei der n\u00e4chsten Mitgliederversammlung am Sonnabend, 4. M\u00e4rz um 15 Uhr, wiederum im Richard-Dohrn-Haus in Grande, als neue Mitglieder an der Kandidatenaufstellung zur Gemeinderatswahl am 14. Mai zu beteiligen. Mehr Informationen siehe <a href=\"http:\/\/www.brueckenbauer-kuddewoerde.de\" target=\"_blank\" rel=\"noreferrer noopener\">www.brueckenbauer-kuddewoerde.de <\/a>sowie bei Thomas vom Bruck unter der Rufnummer 0170-2041464 und Hans-Heinrich Stamer unter der Telefonnummer 04154 9995920.<\/p>\n","protected":false},"excerpt":{"rendered":"<p>Kuddew\u00f6rde (pm). In der Gr\u00fcndungsversammlung vom Freitag, 24. Februar im Richard-Dohrn-Haus in Grande wurde die W\u00e4hlergemeinschaft &#8222;DIE BR\u00dcCKENBAUER&#8220; mit 16 Mitgliedern gegr\u00fcndet. Die Gr\u00fcndung fand mit einigen interessierten G\u00e4sten statt. Nach ausf\u00fchrlicher Aussprache \u00fcber das Programm wurde der Vorstand gew\u00e4hlt mit: Thomas vom Bruck (Vorsitzender), Hilke Soltau (Vorsitzende), Hans-Heinrich Stamer (stellvertretender Vorsitzender), Anne Christina Remus [&hellip;]<\/p>\n","protected":false},"author":2,"featured_media":48420,"comment_status":"closed","ping_status":"closed","sticky":false,"template":"","format":"standard","meta":{"jnews-multi-image_gallery":[],"jnews_single_post":{"subtitle":"","format":"standard","video":"","gallery":"","source_name":"","source_url":"","via_name":"","via_url":"","jpwt_enable_post_donation":"0","override_template":"0","override":[{"template":"1","single_blog_custom":"","parallax":"1","fullscreen":"1","layout":"right-sidebar","sidebar":"default-sidebar","second_sidebar":"default-sidebar","sticky_sidebar":"1","share_position":"top","share_float_style":"share-monocrhome","show_share_counter":"0","show_view_counter":"1","show_featured":"1","show_post_meta":"1","show_post_author":"1","show_post_author_image":"1","show_post_date":"1","post_date_format":"default","post_date_format_custom":"Y\/m\/d","show_post_category":"0","show_post_reading_time":"0","post_reading_time_wpm":"300","show_zoom_button":"0","zoom_button_out_step":"2","zoom_button_in_step":"3","show_post_tag":"1","show_prev_next_post":"0","show_popup_post":"1","number_popup_post":"1","show_author_box":"1","show_post_related":"1","show_inline_post_related":"0"}],"override_image_size":"0","image_override":[{"single_post_thumbnail_size":"crop-500","single_post_gallery_size":"crop-500"}],"trending_post":"0","trending_post_position":"meta","trending_post_label":"Trending","sponsored_post":"0","sponsored_post_label":"Sponsored by","sponsored_post_name":"","sponsored_post_url":"","sponsored_post_logo_enable":"0","sponsored_post_logo":"","sponsored_post_desc":"","disable_ad":"0"},"jnews_primary_category":{"id":"","hide":""},"jnews_social_meta":{"fb_title":"","fb_description":"","fb_image":"","twitter_title":"","twitter_description":"","twitter_image":""},"jnews_override_counter":{"override_view_counter":"0","view_counter_number":"0","override_share_counter":"0","share_counter_number":"0","override_like_counter":"0","like_counter_number":"0","override_dislike_counter":"0","dislike_counter_number":"0"},"jnews_post_split":{"enable_post_split":"0","post_split":[{"template":"1","tag":"h2","numbering":"asc","mode":"normal","first":"0","enable_toc":"0","toc_type":"normal"}]},"footnotes":""},"categories":[3319,63,73],"tags":[1222,3521,1321,642],"class_list":["post-48419","post","type-post","status-publish","format-standard","has-post-thumbnail","hentry","category-amt-schwarzenbek-land","category-herzogtum-lauenburg","category-landleute","tag-demokratie","tag-kommunalwahl-2023","tag-kuddewoerde","tag-politik"],"_links":{"self":[{"href":"https:\/\/herzogtum-direkt.de\/index.php\/wp-json\/wp\/v2\/posts\/48419","targetHints":{"allow":["GET"]}}],"collection":[{"href":"https:\/\/herzogtum-direkt.de\/index.php\/wp-json\/wp\/v2\/posts"}],"about":[{"href":"https:\/\/herzogtum-direkt.de\/index.php\/wp-json\/wp\/v2\/types\/post"}],"author":[{"embeddable":true,"href":"https:\/\/herzogtum-direkt.de\/index.php\/wp-json\/wp\/v2\/users\/2"}],"replies":[{"embeddable":true,"href":"https:\/\/herzogtum-direkt.de\/index.php\/wp-json\/wp\/v2\/comments?post=48419"}],"version-history":[{"count":1,"href":"https:\/\/herzogtum-direkt.de\/index.php\/wp-json\/wp\/v2\/posts\/48419\/revisions"}],"predecessor-version":[{"id":48421,"href":"https:\/\/herzogtum-direkt.de\/index.php\/wp-json\/wp\/v2\/posts\/48419\/revisions\/48421"}],"wp:featuredmedia":[{"embeddable":true,"href":"https:\/\/herzogtum-direkt.de\/index.php\/wp-json\/wp\/v2\/media\/48420"}],"wp:attachment":[{"href":"https:\/\/herzogtum-direkt.de\/index.php\/wp-json\/wp\/v2\/media?parent=48419"}],"wp:term":[{"taxonomy":"category","embeddable":true,"href":"https:\/\/herzogtum-direkt.de\/index.php\/wp-json\/wp\/v2\/categories?post=48419"},{"taxonomy":"post_tag","embeddable":true,"href":"https:\/\/herzogtum-direkt.de\/index.php\/wp-json\/wp\/v2\/tags?post=48419"}],"curies":[{"name":"wp","href":"https:\/\/api.w.org\/{rel}","templated":true}]}}