{"id":48024,"date":"2023-02-13T10:11:28","date_gmt":"2023-02-13T08:11:28","guid":{"rendered":"https:\/\/herzogtum-direkt.de\/?p=48024"},"modified":"2023-02-14T08:33:49","modified_gmt":"2023-02-14T06:33:49","slug":"freisprechung-im-kfz-handwerk-2","status":"publish","type":"post","link":"https:\/\/herzogtum-direkt.de\/index.php\/2023\/02\/13\/freisprechung-im-kfz-handwerk-2\/","title":{"rendered":"Freisprechung im Kfz-Handwerk"},"content":{"rendered":"\n<p><strong>M\u00f6lln (pm).<\/strong> Nach 3 \u00bd j\u00e4hriger Ausbildung freuten sich eine Kraftfahrzeugmechatronikerin und 25 Kraftfahrzeugmechatroniker \u00fcber ihre Pr\u00fcfungszeugnisse, die Obermeister Timo Maltzahn anl\u00e4sslich der Freisprechungsfeier der Innung des Kraftfahrzeuggewerbes am Freitag, 27. Januar 2023 im Quellenhof in M\u00f6lln \u00fcberreichte. Die Jungesellin und die Junggesellen erhielten au\u00dferdem die Abschlusszeugnisse der Berufsschule aus den H\u00e4nden von Ferdinand Sch\u00fctt und Rainer Plewe.<\/p>\n\n\n\n<p>Der Pr\u00fcfungsbester wurde Daniel-Pascal Riedel, der von der Bundespolizei Ratzeburg ausgebildet wurde. Er wurde mit einem Pr\u00e4sent der Innung ausgezeichnet.<\/p>\n\n\n\n<p><strong>Freigesprochen wurden:<\/strong><br>Mohammad Alali Alalian, Autohaus an der Salzstra\u00dfe, M\u00f6lln<br>Alexander Albrecht, Reifen- und Autoservice Holst, Geesthacht<br>Mahran Aldbs, Brinkmann, Geesthacht<br>Bashar Allakeh, Jan Freytag, Berkenthin<br>Jonas Backhaus, Autohaus am Sachsenwald, B\u00f6rnsen<br>Rico Benjamin Charo, Bundespolizeipr\u00e4sidium Ratzeburg<br>Mateusz Cieslak, Fahrzeugtechnik Mielke &amp; Flei\u00df, Schwarzenbek<br>Damian-Gabriel Eibich, Hermann M\u00fcller, L\u00fctjensee<br>Aaron Gerlach, Brinkmann GmbH, Geesthacht<br>Lars Hansen, Johns &amp; Roepke Automobile, Schwarzenbek<br>Laurin Ludwig Hoehle, Autohaus Lau, Gro\u00df Gr\u00f6nau<br>Marwin Johns, Brinkmann, Geesthacht<br>Onur Kocyigit, Autohaus Siemers, Geesthacht<br>Tim Dominik Langer, Bundespolizeipr\u00e4sidium Ratzeburg<br>Philipp Lorenzen, Schirren &amp; Wacker Automobil, Schwarzenbek<br>Leon Petersen, Autohaus Alt, Dassendorf<br>Nico Petersen, Autohaus Siemers, Geesthacht<br>Yannic P\u00f6hls, Alexander Weischedel, Ratzeburg<br>Daniel-Pascal Riedel, Bundespolizeipr\u00e4sidium Ratzeburg<br>Perparim Sadiku, Hermann M\u00fcller, L\u00fctjensee<br>Kim Leonie Schwarz, M\u00fclot Autotechnik Reifen, Bad Segeberg<br>Tristan Rune Staeck, Eric Biermann, M\u00f6lln<br>Marvin Stamer, Oliver Menzel, Grinau<br>Finn Stelly, Johns &amp; Roepke Automobile, Schwarzenbek<br>Tom Stuckenbrock, Kommanditgesellschaft Dittmer &amp; S\u00f6hne, Geesthacht<br>Tom-Niklas T\u00f6nies, Autohaus Lau, Gro\u00df Gr\u00f6nau<br><br>Ihre vorzeitige Gesellenpr\u00fcfung im Sommer 2022 haben bereits absolviert:<br>Bjarne Husmann, Brinkmann, Geesthacht<br>Felix Schumacher, Alexander Weischedel, Ratzeburg<br>Finn Christoph Strey, S\u00fcverkr\u00fcp Automobile, M\u00f6lln<\/p>\n","protected":false},"excerpt":{"rendered":"<p>M\u00f6lln (pm). Nach 3 \u00bd j\u00e4hriger Ausbildung freuten sich eine Kraftfahrzeugmechatronikerin und 25 Kraftfahrzeugmechatroniker \u00fcber ihre Pr\u00fcfungszeugnisse, die Obermeister Timo Maltzahn anl\u00e4sslich der Freisprechungsfeier der Innung des Kraftfahrzeuggewerbes am Freitag, 27. Januar 2023 im Quellenhof in M\u00f6lln \u00fcberreichte. Die Jungesellin und die Junggesellen erhielten au\u00dferdem die Abschlusszeugnisse der Berufsschule aus den H\u00e4nden von Ferdinand Sch\u00fctt [&hellip;]<\/p>\n","protected":false},"author":2,"featured_media":48025,"comment_status":"closed","ping_status":"closed","sticky":false,"template":"","format":"standard","meta":{"jnews-multi-image_gallery":[],"jnews_single_post":{"subtitle":"","format":"standard","video":"","gallery":"","source_name":"","source_url":"","via_name":"","via_url":"","jpwt_enable_post_donation":"0","override_template":"0","override":[{"template":"1","single_blog_custom":"","parallax":"1","fullscreen":"1","layout":"right-sidebar","sidebar":"default-sidebar","second_sidebar":"default-sidebar","sticky_sidebar":"1","share_position":"top","share_float_style":"share-monocrhome","show_share_counter":"0","show_view_counter":"1","show_featured":"1","show_post_meta":"1","show_post_author":"1","show_post_author_image":"1","show_post_date":"1","post_date_format":"default","post_date_format_custom":"Y\/m\/d","show_post_category":"0","show_post_reading_time":"0","post_reading_time_wpm":"300","show_zoom_button":"0","zoom_button_out_step":"2","zoom_button_in_step":"3","show_post_tag":"1","show_prev_next_post":"0","show_popup_post":"1","number_popup_post":"1","show_author_box":"1","show_post_related":"1","show_inline_post_related":"0"}],"override_image_size":"0","image_override":[{"single_post_thumbnail_size":"crop-500","single_post_gallery_size":"crop-500"}],"trending_post":"0","trending_post_position":"meta","trending_post_label":"Trending","sponsored_post":"0","sponsored_post_label":"Sponsored by","sponsored_post_name":"","sponsored_post_url":"","sponsored_post_logo_enable":"0","sponsored_post_logo":"","sponsored_post_desc":"","disable_ad":"0"},"jnews_primary_category":{"id":"","hide":""},"jnews_social_meta":{"fb_title":"","fb_description":"","fb_image":"","twitter_title":"","twitter_description":"","twitter_image":""},"jnews_override_counter":{"override_view_counter":"0","view_counter_number":"0","override_share_counter":"0","share_counter_number":"0","override_like_counter":"0","like_counter_number":"0","override_dislike_counter":"0","dislike_counter_number":"0"},"jnews_post_split":{"enable_post_split":"0","post_split":[{"template":"1","tag":"h2","numbering":"asc","mode":"normal","first":"0","enable_toc":"0","toc_type":"normal"}]},"footnotes":""},"categories":[63,74,66,2],"tags":[513,3399,249,1982,133,114,252],"class_list":["post-48024","post","type-post","status-publish","format-standard","has-post-thumbnail","hentry","category-herzogtum-lauenburg","category-jugend-direkt","category-moelln","category-startseite","tag-dassendorf","tag-freisprechnung","tag-geesthacht","tag-kfz-handwerk","tag-moelln","tag-ratzeburg","tag-schwarzenbek"],"_links":{"self":[{"href":"https:\/\/herzogtum-direkt.de\/index.php\/wp-json\/wp\/v2\/posts\/48024","targetHints":{"allow":["GET"]}}],"collection":[{"href":"https:\/\/herzogtum-direkt.de\/index.php\/wp-json\/wp\/v2\/posts"}],"about":[{"href":"https:\/\/herzogtum-direkt.de\/index.php\/wp-json\/wp\/v2\/types\/post"}],"author":[{"embeddable":true,"href":"https:\/\/herzogtum-direkt.de\/index.php\/wp-json\/wp\/v2\/users\/2"}],"replies":[{"embeddable":true,"href":"https:\/\/herzogtum-direkt.de\/index.php\/wp-json\/wp\/v2\/comments?post=48024"}],"version-history":[{"count":1,"href":"https:\/\/herzogtum-direkt.de\/index.php\/wp-json\/wp\/v2\/posts\/48024\/revisions"}],"predecessor-version":[{"id":48026,"href":"https:\/\/herzogtum-direkt.de\/index.php\/wp-json\/wp\/v2\/posts\/48024\/revisions\/48026"}],"wp:featuredmedia":[{"embeddable":true,"href":"https:\/\/herzogtum-direkt.de\/index.php\/wp-json\/wp\/v2\/media\/48025"}],"wp:attachment":[{"href":"https:\/\/herzogtum-direkt.de\/index.php\/wp-json\/wp\/v2\/media?parent=48024"}],"wp:term":[{"taxonomy":"category","embeddable":true,"href":"https:\/\/herzogtum-direkt.de\/index.php\/wp-json\/wp\/v2\/categories?post=48024"},{"taxonomy":"post_tag","embeddable":true,"href":"https:\/\/herzogtum-direkt.de\/index.php\/wp-json\/wp\/v2\/tags?post=48024"}],"curies":[{"name":"wp","href":"https:\/\/api.w.org\/{rel}","templated":true}]}}