{"id":48021,"date":"2023-02-13T09:45:07","date_gmt":"2023-02-13T07:45:07","guid":{"rendered":"https:\/\/herzogtum-direkt.de\/?p=48021"},"modified":"2023-02-13T09:45:09","modified_gmt":"2023-02-13T07:45:09","slug":"fried-wolff-singt-in-berkenthin","status":"publish","type":"post","link":"https:\/\/herzogtum-direkt.de\/index.php\/2023\/02\/13\/fried-wolff-singt-in-berkenthin\/","title":{"rendered":"Fried Wolff singt in Berkenthin"},"content":{"rendered":"\n<p><strong>Berkenthin (pm).<\/strong> Der Berkenthiner Kulturausschuss l\u00e4dt f\u00fcr Sonntag, 26. Februar 2023 zu einem weiteren Konzert im Rahmen der Matinee-Reihe ein. Auf der B\u00fchne im Sportzentrum in der Bahnhofstra\u00dfe 21, steht dieses Mal der S\u00e4nger und Schauspieler Fried Wolff aus Ratzeburg, der seine Zuh\u00f6rer auf eine musikalische Reise durch die Welt der deutschen Dichtkunst mitnehmen wird.\u00a0<\/p>\n\n\n\n<figure class=\"wp-block-image size-full is-resized\"><img fetchpriority=\"high\" decoding=\"async\" src=\"https:\/\/herzogtum-direkt.de\/wp-content\/uploads\/2023\/02\/Fried-Wolff-3-Berkenthin-2023.jpg\" alt=\"\" class=\"wp-image-48022\" width=\"691\" height=\"459\" srcset=\"https:\/\/herzogtum-direkt.de\/wp-content\/uploads\/2023\/02\/Fried-Wolff-3-Berkenthin-2023.jpg 1000w, https:\/\/herzogtum-direkt.de\/wp-content\/uploads\/2023\/02\/Fried-Wolff-3-Berkenthin-2023-300x199.jpg 300w, https:\/\/herzogtum-direkt.de\/wp-content\/uploads\/2023\/02\/Fried-Wolff-3-Berkenthin-2023-768x510.jpg 768w, https:\/\/herzogtum-direkt.de\/wp-content\/uploads\/2023\/02\/Fried-Wolff-3-Berkenthin-2023-750x498.jpg 750w\" sizes=\"(max-width: 691px) 100vw, 691px\" \/><figcaption class=\"wp-element-caption\">Foto: Fried Wolff, hfr<\/figcaption><\/figure>\n\n\n\n<p>Selbstvertonte Gedichte und Geschichten begleitet Fried Wolff mit Gitarre und Mundharmonika, so dass die Musik nicht zu kurz kommt. F\u00fcr anspruchsvolle Unterhaltung ist gesorgt! Das Konzert beginnt vormittags um 11 Uhr, der Einlass ist ab 10.30 Uhr. Der Eintritt ist frei, eine Anmeldung ist nicht erforderlich. Am Ende geht dann der Spendenhut rum.<\/p>\n","protected":false},"excerpt":{"rendered":"<p>Berkenthin (pm). Der Berkenthiner Kulturausschuss l\u00e4dt f\u00fcr Sonntag, 26. Februar 2023 zu einem weiteren Konzert im Rahmen der Matinee-Reihe ein. Auf der B\u00fchne im Sportzentrum in der Bahnhofstra\u00dfe 21, steht dieses Mal der S\u00e4nger und Schauspieler Fried Wolff aus Ratzeburg, der seine Zuh\u00f6rer auf eine musikalische Reise durch die Welt der deutschen Dichtkunst mitnehmen wird.\u00a0 [&hellip;]<\/p>\n","protected":false},"author":2,"featured_media":1095,"comment_status":"closed","ping_status":"closed","sticky":false,"template":"","format":"standard","meta":{"jnews-multi-image_gallery":[],"jnews_single_post":{"subtitle":"","format":"standard","video":"","gallery":"","source_name":"","source_url":"","via_name":"","via_url":"","jpwt_enable_post_donation":"0","override_template":"0","override":[{"template":"1","single_blog_custom":"","parallax":"1","fullscreen":"1","layout":"right-sidebar","sidebar":"default-sidebar","second_sidebar":"default-sidebar","sticky_sidebar":"1","share_position":"top","share_float_style":"share-monocrhome","show_share_counter":"0","show_view_counter":"1","show_featured":"1","show_post_meta":"1","show_post_author":"1","show_post_author_image":"1","show_post_date":"1","post_date_format":"default","post_date_format_custom":"Y\/m\/d","show_post_category":"0","show_post_reading_time":"0","post_reading_time_wpm":"300","show_zoom_button":"0","zoom_button_out_step":"2","zoom_button_in_step":"3","show_post_tag":"1","show_prev_next_post":"0","show_popup_post":"1","number_popup_post":"1","show_author_box":"1","show_post_related":"1","show_inline_post_related":"0"}],"override_image_size":"0","image_override":[{"single_post_thumbnail_size":"crop-500","single_post_gallery_size":"crop-500"}],"trending_post":"0","trending_post_position":"meta","trending_post_label":"Trending","sponsored_post":"0","sponsored_post_label":"Sponsored by","sponsored_post_name":"","sponsored_post_url":"","sponsored_post_logo_enable":"0","sponsored_post_logo":"","sponsored_post_desc":"","disable_ad":"0"},"jnews_primary_category":{"id":"","hide":""},"jnews_social_meta":{"fb_title":"","fb_description":"","fb_image":"","twitter_title":"","twitter_description":"","twitter_image":""},"jnews_override_counter":{"override_view_counter":"0","view_counter_number":"0","override_share_counter":"0","share_counter_number":"0","override_like_counter":"0","like_counter_number":"0","override_dislike_counter":"0","dislike_counter_number":"0"},"jnews_post_split":{"enable_post_split":"0","post_split":[{"template":"1","tag":"h2","numbering":"asc","mode":"normal","first":"0","enable_toc":"0","toc_type":"normal"}]},"footnotes":""},"categories":[65,63,70],"tags":[118,125],"class_list":["post-48021","post","type-post","status-publish","format-standard","has-post-thumbnail","hentry","category-amt-berkenthin","category-herzogtum-lauenburg","category-kultur","tag-berkenthin","tag-konzert"],"_links":{"self":[{"href":"https:\/\/herzogtum-direkt.de\/index.php\/wp-json\/wp\/v2\/posts\/48021","targetHints":{"allow":["GET"]}}],"collection":[{"href":"https:\/\/herzogtum-direkt.de\/index.php\/wp-json\/wp\/v2\/posts"}],"about":[{"href":"https:\/\/herzogtum-direkt.de\/index.php\/wp-json\/wp\/v2\/types\/post"}],"author":[{"embeddable":true,"href":"https:\/\/herzogtum-direkt.de\/index.php\/wp-json\/wp\/v2\/users\/2"}],"replies":[{"embeddable":true,"href":"https:\/\/herzogtum-direkt.de\/index.php\/wp-json\/wp\/v2\/comments?post=48021"}],"version-history":[{"count":1,"href":"https:\/\/herzogtum-direkt.de\/index.php\/wp-json\/wp\/v2\/posts\/48021\/revisions"}],"predecessor-version":[{"id":48023,"href":"https:\/\/herzogtum-direkt.de\/index.php\/wp-json\/wp\/v2\/posts\/48021\/revisions\/48023"}],"wp:featuredmedia":[{"embeddable":true,"href":"https:\/\/herzogtum-direkt.de\/index.php\/wp-json\/wp\/v2\/media\/1095"}],"wp:attachment":[{"href":"https:\/\/herzogtum-direkt.de\/index.php\/wp-json\/wp\/v2\/media?parent=48021"}],"wp:term":[{"taxonomy":"category","embeddable":true,"href":"https:\/\/herzogtum-direkt.de\/index.php\/wp-json\/wp\/v2\/categories?post=48021"},{"taxonomy":"post_tag","embeddable":true,"href":"https:\/\/herzogtum-direkt.de\/index.php\/wp-json\/wp\/v2\/tags?post=48021"}],"curies":[{"name":"wp","href":"https:\/\/api.w.org\/{rel}","templated":true}]}}