{"id":47865,"date":"2023-02-08T12:46:38","date_gmt":"2023-02-08T10:46:38","guid":{"rendered":"https:\/\/herzogtum-direkt.de\/?p=47865"},"modified":"2023-02-08T12:46:39","modified_gmt":"2023-02-08T10:46:39","slug":"jubilaeumstour-zum-40-jaehrigen-bestehen-der-skandinavischen-folk-band","status":"publish","type":"post","link":"https:\/\/herzogtum-direkt.de\/index.php\/2023\/02\/08\/jubilaeumstour-zum-40-jaehrigen-bestehen-der-skandinavischen-folk-band\/","title":{"rendered":"Jubil\u00e4umstour zum 40-j\u00e4hrigen Bestehen der skandinavischen Folk-Band"},"content":{"rendered":"\n<p><strong>M\u00f6lln (pm).<\/strong> Mit ihren einzigartigen Interpretationen nordischer Folkmusik wird Groupa zu den Supergruppen des Genres gez\u00e4hlt. Ihre moderne Mixtur aus alten Melodien, freien Improvisationsans\u00e4tzen, neuen Kompositionen und phantasievollen Instrumentierungen kann das Publikum am Sonnabend, 18. Februar um 19.30 Uhr im M\u00f6llner Stadthauptmannshof in der Hauptstra\u00dfe 150 erleben. Karten gibt es f\u00fcr 20 Euro unter info@folksfest-moelln.de oder unter der Telefonnummer 04542 \/ 87000.<\/p>\n\n\n\n<p>Groupa war mit ihren Konzerten Mitte der 1980er-Jahre sowohl in der Bundesrepublik als auch in der DDR die erste Formation, die bei uns schwedische Folkkl\u00e4nge popul\u00e4r gemacht hat. Zur Feier des 40-j\u00e4hrigen Bestehens spannen die beiden Gr\u00fcndungsmitglieder Jonas Simonson (Querfl\u00f6ten, Obertonfl\u00f6ten) und Mats Ed\u00e9n (Geige, Viola d\u00b4amore) zusammen mit dem norwegischen Fabel-Percussionisten und Maultrommelvirtuosen Terje Isungset einen gro\u00dfen Bogen von den \u201eHits\u201c der Anfangsjahre bis hin zu den drei Alben der neuen \u201eKind of Folk\u201c-Reihe mit traditionellen St\u00fccken aus Schweden, Norwegen und Island.<\/p>\n\n\n\n<figure class=\"wp-block-image size-full\"><img fetchpriority=\"high\" decoding=\"async\" width=\"1000\" height=\"888\" src=\"https:\/\/herzogtum-direkt.de\/wp-content\/uploads\/2023\/02\/Lena-Willemark-Per-Kristiansen.jpg\" alt=\"\" class=\"wp-image-47866\" srcset=\"https:\/\/herzogtum-direkt.de\/wp-content\/uploads\/2023\/02\/Lena-Willemark-Per-Kristiansen.jpg 1000w, https:\/\/herzogtum-direkt.de\/wp-content\/uploads\/2023\/02\/Lena-Willemark-Per-Kristiansen-300x266.jpg 300w, https:\/\/herzogtum-direkt.de\/wp-content\/uploads\/2023\/02\/Lena-Willemark-Per-Kristiansen-768x682.jpg 768w, https:\/\/herzogtum-direkt.de\/wp-content\/uploads\/2023\/02\/Lena-Willemark-Per-Kristiansen-750x666.jpg 750w\" sizes=\"(max-width: 1000px) 100vw, 1000px\" \/><figcaption class=\"wp-element-caption\">Lena Willemark. Foto: Per Kristiansen, hfr<\/figcaption><\/figure>\n\n\n\n<p>\u201eSpecial guest\u201c auf dieser Tournee ist die charismatische Folk-S\u00e4ngerin und Geigerin Lena Willemark aus Mittelschweden, mit der Groupa 2002 das mit dem schwedischen Grammy ausgezeichnete Album \u201eM\u00e5nskratt\u201c aufgenommen hat. Lena Willemark ist eine der zentralen Figuren der zeitgen\u00f6ssischen, skandinavischen Musikszene. In Deutschland konzertierte sie zuletzt 2016 beim Rudolstadt-Festival mit dem th\u00fcringischen Landessymphonieorchester und 2022 beim Jazzbaltica-Festival mit der NDR-Bigband. Diese Konzert ist durch eine Kooperation vom F\u00f6rderverein M\u00f6llner Folksfeste und der Stiftung Herzogtum Lauenburg entstanden.<\/p>\n","protected":false},"excerpt":{"rendered":"<p>M\u00f6lln (pm). Mit ihren einzigartigen Interpretationen nordischer Folkmusik wird Groupa zu den Supergruppen des Genres gez\u00e4hlt. Ihre moderne Mixtur aus alten Melodien, freien Improvisationsans\u00e4tzen, neuen Kompositionen und phantasievollen Instrumentierungen kann das Publikum am Sonnabend, 18. Februar um 19.30 Uhr im M\u00f6llner Stadthauptmannshof in der Hauptstra\u00dfe 150 erleben. Karten gibt es f\u00fcr 20 Euro unter info@folksfest-moelln.de [&hellip;]<\/p>\n","protected":false},"author":2,"featured_media":47867,"comment_status":"closed","ping_status":"closed","sticky":false,"template":"","format":"standard","meta":{"jnews-multi-image_gallery":[],"jnews_single_post":{"subtitle":"Groupa mit Folk-S\u00e4ngerin Lena Willemark","format":"standard","video":"","gallery":"","source_name":"","source_url":"","via_name":"","via_url":"","jpwt_enable_post_donation":"0","override_template":"0","override":[{"template":"1","single_blog_custom":"","parallax":"1","fullscreen":"1","layout":"right-sidebar","sidebar":"default-sidebar","second_sidebar":"default-sidebar","sticky_sidebar":"1","share_position":"top","share_float_style":"share-monocrhome","show_share_counter":"0","show_view_counter":"1","show_featured":"1","show_post_meta":"1","show_post_author":"1","show_post_author_image":"1","show_post_date":"1","post_date_format":"default","post_date_format_custom":"Y\/m\/d","show_post_category":"0","show_post_reading_time":"0","post_reading_time_wpm":"300","show_zoom_button":"0","zoom_button_out_step":"2","zoom_button_in_step":"3","show_post_tag":"1","show_prev_next_post":"0","show_popup_post":"1","number_popup_post":"1","show_author_box":"1","show_post_related":"1","show_inline_post_related":"0"}],"override_image_size":"0","image_override":[{"single_post_thumbnail_size":"crop-500","single_post_gallery_size":"crop-500"}],"trending_post":"0","trending_post_position":"meta","trending_post_label":"Trending","sponsored_post":"0","sponsored_post_label":"Sponsored by","sponsored_post_name":"","sponsored_post_url":"","sponsored_post_logo_enable":"0","sponsored_post_logo":"","sponsored_post_desc":"","disable_ad":"0"},"jnews_primary_category":{"id":"","hide":""},"jnews_social_meta":{"fb_title":"","fb_description":"","fb_image":"","twitter_title":"","twitter_description":"","twitter_image":""},"jnews_override_counter":{"override_view_counter":"0","view_counter_number":"0","override_share_counter":"0","share_counter_number":"0","override_like_counter":"0","like_counter_number":"0","override_dislike_counter":"0","dislike_counter_number":"0"},"jnews_post_split":{"enable_post_split":"0","post_split":[{"template":"1","tag":"h2","numbering":"asc","mode":"normal","first":"0","enable_toc":"0","toc_type":"normal"}]},"footnotes":""},"categories":[63,70,66],"tags":[1392,125,3262,752],"class_list":["post-47865","post","type-post","status-publish","format-standard","has-post-thumbnail","hentry","category-herzogtum-lauenburg","category-kultur","category-moelln","tag-folkclub-moelln","tag-konzert","tag-stadthauptmannshof","tag-stiftung-herzogtum-lauenburg"],"_links":{"self":[{"href":"https:\/\/herzogtum-direkt.de\/index.php\/wp-json\/wp\/v2\/posts\/47865","targetHints":{"allow":["GET"]}}],"collection":[{"href":"https:\/\/herzogtum-direkt.de\/index.php\/wp-json\/wp\/v2\/posts"}],"about":[{"href":"https:\/\/herzogtum-direkt.de\/index.php\/wp-json\/wp\/v2\/types\/post"}],"author":[{"embeddable":true,"href":"https:\/\/herzogtum-direkt.de\/index.php\/wp-json\/wp\/v2\/users\/2"}],"replies":[{"embeddable":true,"href":"https:\/\/herzogtum-direkt.de\/index.php\/wp-json\/wp\/v2\/comments?post=47865"}],"version-history":[{"count":1,"href":"https:\/\/herzogtum-direkt.de\/index.php\/wp-json\/wp\/v2\/posts\/47865\/revisions"}],"predecessor-version":[{"id":47868,"href":"https:\/\/herzogtum-direkt.de\/index.php\/wp-json\/wp\/v2\/posts\/47865\/revisions\/47868"}],"wp:featuredmedia":[{"embeddable":true,"href":"https:\/\/herzogtum-direkt.de\/index.php\/wp-json\/wp\/v2\/media\/47867"}],"wp:attachment":[{"href":"https:\/\/herzogtum-direkt.de\/index.php\/wp-json\/wp\/v2\/media?parent=47865"}],"wp:term":[{"taxonomy":"category","embeddable":true,"href":"https:\/\/herzogtum-direkt.de\/index.php\/wp-json\/wp\/v2\/categories?post=47865"},{"taxonomy":"post_tag","embeddable":true,"href":"https:\/\/herzogtum-direkt.de\/index.php\/wp-json\/wp\/v2\/tags?post=47865"}],"curies":[{"name":"wp","href":"https:\/\/api.w.org\/{rel}","templated":true}]}}