{"id":47860,"date":"2023-02-08T12:09:53","date_gmt":"2023-02-08T10:09:53","guid":{"rendered":"https:\/\/herzogtum-direkt.de\/?p=47860"},"modified":"2023-02-08T12:09:54","modified_gmt":"2023-02-08T10:09:54","slug":"fuer-mehr-wasser-in-der-landschaft-biologischer-klimaschutz-bei-dargow","status":"publish","type":"post","link":"https:\/\/herzogtum-direkt.de\/index.php\/2023\/02\/08\/fuer-mehr-wasser-in-der-landschaft-biologischer-klimaschutz-bei-dargow\/","title":{"rendered":"F\u00fcr mehr Wasser in der Landschaft \u2013 biologischer Klimaschutz bei Dargow"},"content":{"rendered":"\n<p><strong>Herzogtum Lauenburg\/Dargow (pm).<\/strong> \u201eWussten Sie, dass entw\u00e4sserte Moore in Deutschland mehr als sieben Prozent der gesamten CO2-Emissionen ausmachen? Nein? Dann geht es Ihnen wie Vielen, die bei dem Aussto\u00df von Treibhausgasen zun\u00e4chst an Autos oder Energie aus Kohle denken\u201c, stellt der Zweckverband Schaalseelandschaft fest.<\/p>\n\n\n\n<p>Das Konzept des biologischen Klimaschutzes ist noch wenig verbreitet. Dabei werden durch die Wiedervern\u00e4ssung des Moorbodens sowohl der Aussto\u00df von Treibhausgasen gestoppt und somit das Klima gesch\u00fctzt, als auch einzigartige Lebensr\u00e4ume f\u00fcr die Artenvielfalt gef\u00f6rdert \u2013 ein Gewinn f\u00fcr alle. Aus diesem Grund dr\u00f6hnt und kracht es ab dieser Woche (6. KW 2023) bei den Bauma\u00dfnahmen auf der Weidelandschaft des Zweckverbandes \u201eSchaalsee-Landschaft\u201c bei Dargow. Auf der Fl\u00e4che werden alte Drainagerohre verschlossen und ein Stau gebaut. Der Kranich freut sich \u00fcber die weitere Vern\u00e4ssung der Fl\u00e4che. Er braucht nasse S\u00fcmpfe zum Br\u00fcten. Und auch seine Nachbarn, die Rotbauchunken, bekommen ein besseres zu Hause. Deren T\u00fcmpel werden durch die Ma\u00dfnahmen ebenfalls nasser. So k\u00f6nnen ihre glockenhaften Rufe im Fr\u00fchjahr wieder zahlreich erschallen.<\/p>\n\n\n<div class=\"wp-block-image is-style-rounded\">\n<figure class=\"aligncenter size-full\"><img fetchpriority=\"high\" decoding=\"async\" width=\"1000\" height=\"563\" src=\"https:\/\/herzogtum-direkt.de\/wp-content\/uploads\/2023\/02\/Baumassnahme-in-der-Maura-bei-Dargow-Zweckverbnd-Schaalsee-2023-1.jpeg\" alt=\"\" class=\"wp-image-47863\" srcset=\"https:\/\/herzogtum-direkt.de\/wp-content\/uploads\/2023\/02\/Baumassnahme-in-der-Maura-bei-Dargow-Zweckverbnd-Schaalsee-2023-1.jpeg 1000w, https:\/\/herzogtum-direkt.de\/wp-content\/uploads\/2023\/02\/Baumassnahme-in-der-Maura-bei-Dargow-Zweckverbnd-Schaalsee-2023-1-300x169.jpeg 300w, https:\/\/herzogtum-direkt.de\/wp-content\/uploads\/2023\/02\/Baumassnahme-in-der-Maura-bei-Dargow-Zweckverbnd-Schaalsee-2023-1-768x432.jpeg 768w, https:\/\/herzogtum-direkt.de\/wp-content\/uploads\/2023\/02\/Baumassnahme-in-der-Maura-bei-Dargow-Zweckverbnd-Schaalsee-2023-1-750x422.jpeg 750w\" sizes=\"(max-width: 1000px) 100vw, 1000px\" \/><figcaption class=\"wp-element-caption\">Bauma\u00dfnahme in der Maura bei Dargow. Foto: Zweckverband Schaalseelandschaft, hfr<\/figcaption><\/figure>\n<\/div>\n\n\n<p>\u201eDie Bauarbeiten werden voraussichtlich drei Wochen dauern. Wir bitten um Verst\u00e4ndnis f\u00fcr etwaige Einschr\u00e4nkungen bei der Nutzung des Rundweges um die Eichhorst und Maura\u201c, sagt Jasmin G\u00fcnther, Ma\u00dfnahmenmanagerin beim Zweckverband. Neben den Arbeiten auf der Fl\u00e4che wird auch ein kleines St\u00fcck des Rundweges f\u00fcr eine neue Rohrleitung erneuert \u2013 hier kann es zeitweilig zu Sperrungen kommen.<\/p>\n\n\n<div class=\"wp-block-image\">\n<figure class=\"aligncenter size-full\"><img decoding=\"async\" width=\"1000\" height=\"563\" src=\"https:\/\/herzogtum-direkt.de\/wp-content\/uploads\/2023\/02\/Baumassnahme-in-der-Maura-bei-Dargow-Zweckverbnd-Schaalsee-2023.jpeg\" alt=\"\" class=\"wp-image-47861\" srcset=\"https:\/\/herzogtum-direkt.de\/wp-content\/uploads\/2023\/02\/Baumassnahme-in-der-Maura-bei-Dargow-Zweckverbnd-Schaalsee-2023.jpeg 1000w, https:\/\/herzogtum-direkt.de\/wp-content\/uploads\/2023\/02\/Baumassnahme-in-der-Maura-bei-Dargow-Zweckverbnd-Schaalsee-2023-300x169.jpeg 300w, https:\/\/herzogtum-direkt.de\/wp-content\/uploads\/2023\/02\/Baumassnahme-in-der-Maura-bei-Dargow-Zweckverbnd-Schaalsee-2023-768x432.jpeg 768w, https:\/\/herzogtum-direkt.de\/wp-content\/uploads\/2023\/02\/Baumassnahme-in-der-Maura-bei-Dargow-Zweckverbnd-Schaalsee-2023-750x422.jpeg 750w\" sizes=\"(max-width: 1000px) 100vw, 1000px\" \/><figcaption class=\"wp-element-caption\">Bauma\u00dfnahme in der Maura bei Dargow. Foto: Zweckverband Schaalseelandschaft, hfr<\/figcaption><\/figure>\n<\/div>\n\n\n<p>Die Ma\u00dfnahme wird vom Fl\u00e4cheneigent\u00fcmer Zweckverband \u201eSchaalsee-Landschaft\u201c umgesetzt und vom Land Schleswig Holstein finanziert. Seit \u00fcber 30 Jahren setzt sich der l\u00e4nder\u00fcbergreifende Verband f\u00fcr eine dauerhafte Sicherung und Renaturierung von naturschutzfachlich wertvollen Fl\u00e4chen in der ehemaligen innerdeutschen Grenzregion um den Schaalsee ein.&nbsp;<\/p>\n","protected":false},"excerpt":{"rendered":"<p>Herzogtum Lauenburg\/Dargow (pm). \u201eWussten Sie, dass entw\u00e4sserte Moore in Deutschland mehr als sieben Prozent der gesamten CO2-Emissionen ausmachen? Nein? Dann geht es Ihnen wie Vielen, die bei dem Aussto\u00df von Treibhausgasen zun\u00e4chst an Autos oder Energie aus Kohle denken\u201c, stellt der Zweckverband Schaalseelandschaft fest. Das Konzept des biologischen Klimaschutzes ist noch wenig verbreitet. Dabei werden [&hellip;]<\/p>\n","protected":false},"author":2,"featured_media":47862,"comment_status":"closed","ping_status":"closed","sticky":false,"template":"","format":"standard","meta":{"jnews-multi-image_gallery":[],"jnews_single_post":{"subtitle":"","format":"standard","video":"","gallery":"","source_name":"","source_url":"","via_name":"","via_url":"","jpwt_enable_post_donation":"0","override_template":"0","override":[{"template":"1","single_blog_custom":"","parallax":"1","fullscreen":"1","layout":"right-sidebar","sidebar":"default-sidebar","second_sidebar":"default-sidebar","sticky_sidebar":"1","share_position":"top","share_float_style":"share-monocrhome","show_share_counter":"0","show_view_counter":"1","show_featured":"1","show_post_meta":"1","show_post_author":"1","show_post_author_image":"1","show_post_date":"1","post_date_format":"default","post_date_format_custom":"Y\/m\/d","show_post_category":"0","show_post_reading_time":"0","post_reading_time_wpm":"300","show_zoom_button":"0","zoom_button_out_step":"2","zoom_button_in_step":"3","show_post_tag":"1","show_prev_next_post":"0","show_popup_post":"1","number_popup_post":"1","show_author_box":"1","show_post_related":"1","show_inline_post_related":"0"}],"override_image_size":"0","image_override":[{"single_post_thumbnail_size":"crop-500","single_post_gallery_size":"crop-500"}],"trending_post":"0","trending_post_position":"meta","trending_post_label":"Trending","sponsored_post":"0","sponsored_post_label":"Sponsored by","sponsored_post_name":"","sponsored_post_url":"","sponsored_post_logo_enable":"0","sponsored_post_logo":"","sponsored_post_desc":"","disable_ad":"0"},"jnews_primary_category":{"id":"","hide":""},"jnews_social_meta":{"fb_title":"","fb_description":"","fb_image":"","twitter_title":"","twitter_description":"","twitter_image":""},"jnews_override_counter":{"override_view_counter":"0","view_counter_number":"0","override_share_counter":"0","share_counter_number":"0","override_like_counter":"0","like_counter_number":"0","override_dislike_counter":"0","dislike_counter_number":"0"},"jnews_post_split":{"enable_post_split":"0","post_split":[{"template":"1","tag":"h2","numbering":"asc","mode":"normal","first":"0","enable_toc":"0","toc_type":"normal"}]},"footnotes":""},"categories":[69,63,2,1237],"tags":[237,2885,787,1719,3421],"class_list":["post-47860","post","type-post","status-publish","format-standard","has-post-thumbnail","hentry","category-amt-lauenburgische-seen","category-herzogtum-lauenburg","category-startseite","category-umweltnatur","tag-kranich","tag-moor","tag-naturschutzprojekt","tag-umweltschutz","tag-zweckverband-schaalsee-landschaft"],"_links":{"self":[{"href":"https:\/\/herzogtum-direkt.de\/index.php\/wp-json\/wp\/v2\/posts\/47860","targetHints":{"allow":["GET"]}}],"collection":[{"href":"https:\/\/herzogtum-direkt.de\/index.php\/wp-json\/wp\/v2\/posts"}],"about":[{"href":"https:\/\/herzogtum-direkt.de\/index.php\/wp-json\/wp\/v2\/types\/post"}],"author":[{"embeddable":true,"href":"https:\/\/herzogtum-direkt.de\/index.php\/wp-json\/wp\/v2\/users\/2"}],"replies":[{"embeddable":true,"href":"https:\/\/herzogtum-direkt.de\/index.php\/wp-json\/wp\/v2\/comments?post=47860"}],"version-history":[{"count":1,"href":"https:\/\/herzogtum-direkt.de\/index.php\/wp-json\/wp\/v2\/posts\/47860\/revisions"}],"predecessor-version":[{"id":47864,"href":"https:\/\/herzogtum-direkt.de\/index.php\/wp-json\/wp\/v2\/posts\/47860\/revisions\/47864"}],"wp:featuredmedia":[{"embeddable":true,"href":"https:\/\/herzogtum-direkt.de\/index.php\/wp-json\/wp\/v2\/media\/47862"}],"wp:attachment":[{"href":"https:\/\/herzogtum-direkt.de\/index.php\/wp-json\/wp\/v2\/media?parent=47860"}],"wp:term":[{"taxonomy":"category","embeddable":true,"href":"https:\/\/herzogtum-direkt.de\/index.php\/wp-json\/wp\/v2\/categories?post=47860"},{"taxonomy":"post_tag","embeddable":true,"href":"https:\/\/herzogtum-direkt.de\/index.php\/wp-json\/wp\/v2\/tags?post=47860"}],"curies":[{"name":"wp","href":"https:\/\/api.w.org\/{rel}","templated":true}]}}