{"id":47171,"date":"2023-01-16T12:21:24","date_gmt":"2023-01-16T10:21:24","guid":{"rendered":"https:\/\/herzogtum-direkt.de\/?p=47171"},"modified":"2023-01-16T12:21:26","modified_gmt":"2023-01-16T10:21:26","slug":"silvester-2022-bi-uns-in-hamfelln","status":"publish","type":"post","link":"https:\/\/herzogtum-direkt.de\/index.php\/2023\/01\/16\/silvester-2022-bi-uns-in-hamfelln\/","title":{"rendered":"<strong>Silvester 2022 bi uns in Hamfelln<\/strong>"},"content":{"rendered":"\n<p><strong>Hamfelln\/Hamfelde (hs).<\/strong> Dat weer scheun gem\u00fctlich bi uns in de Stuuv, Beseuk harrn w\u00fc nich. Naja in\u2019n Glotzkassen is ja an\u2019n so\u2019n Abend f\u00f6r uns ok nich recht wat bin\u2019n. Ick harr mi doch up de Rummelpott-Kinner freid und extra feine Naschis ink\u00f6ft bi S\u00fcllau. Mini Knoppers und Eiskonfenkt\u2026. de Tieden wo w\u00fc Niederegger Marzipan in Mengen schenkt kreegen hebbt, de s\u00fcnd v\u00f6rbi.<\/p>\n\n\n\n<p>So \u2013 und denn sitt ik in de K\u00f6\u00f6k an\u2019t Finster und buten pladdert dat, allns wat vun Heeben r\u00fcnner will , sch\u00fctt Petrus nu hier ut. Dat ward d\u00fcster, ik mok dat Butenlicht an, v\u00f6rdn und achtern, dormit de L\u00fctten uns Husd\u00f6r beeder finnen k\u00f6nnt. Ik dacht, een poor L\u00fc\u00fcd hebbt villicht min Rummelpott-Leed vun letzte Woch in Hahnheider leest und harrn nu Lust up sowat mit ehre Kinner. In\u2019n Fernsehen hebbt se dat an Friedag ok noch in\u2018t Schleswich Holsteen Magazin br\u00f6cht und verkloort, woans man eenen Rummelpott ut eene Blickdoos moken kann.<\/p>\n\n\n\n<p>Wat schall ick seggen, nich\u00a0 een Minsch is koomen, ik heff noch luert und utkeeken, nix to seihn. Denn b\u00fcn ick wedder in de warme Stuuv. Fernsehn weer j\u00fcmmer noch dat s\u00fclbige Speelwark, w\u00fc hebbt affschallt un uns watt vertellt. Un denn ward ja so bil\u00fctten gegen Middernacht buten beten luter, de een und anner lett all mol to\u2019n Probeern een l\u00fctt Raket in de Luft fleegen. Dor will ik taukieken, s\u00fclben knallen, nee dor heff ik Bang v\u00f6r, den\u2019n Larm mag ik nich lieden, de bunten Sterns an Heeben ja de s\u00fcnd scheun. Und Petrus hett\u00a0 dat Inseihn, he schivt de Wulken an de Siet und schickt warmen Wind no uns henn. Weer dat scheun, min Jack vun Haken , Erdbeerm\u00fctz ! ja, de givt dat w\u00fcrklich, se hett mi all f\u00f6r mennig een\u00a0 Koppweihdaag bewohrt.<\/p>\n\n\n\n<p>Gerhard und Katja koomt ok rut und dat ward j\u00fcmmer mehr L\u00fc\u00fcd up den\u2018n Kabenwech und de Heeben ward j\u00fcmmer bunter\u2026.Prost Niejohr raupt w\u00fc in den Runn \u2013 ik heff minen Korf mit all den Naschkram inne Hand und goh dormit r\u00fcmm. <\/p>\n\n\n<div class=\"wp-block-image is-style-rounded\">\n<figure class=\"aligncenter size-full is-resized\"><img fetchpriority=\"high\" decoding=\"async\" src=\"https:\/\/herzogtum-direkt.de\/wp-content\/uploads\/2023\/01\/Marzipan-Glueck-Silvester-Pixabay-2023.jpg\" alt=\"\" class=\"wp-image-47172\" width=\"743\" height=\"523\" srcset=\"https:\/\/herzogtum-direkt.de\/wp-content\/uploads\/2023\/01\/Marzipan-Glueck-Silvester-Pixabay-2023.jpg 1000w, https:\/\/herzogtum-direkt.de\/wp-content\/uploads\/2023\/01\/Marzipan-Glueck-Silvester-Pixabay-2023-300x211.jpg 300w, https:\/\/herzogtum-direkt.de\/wp-content\/uploads\/2023\/01\/Marzipan-Glueck-Silvester-Pixabay-2023-768x541.jpg 768w, https:\/\/herzogtum-direkt.de\/wp-content\/uploads\/2023\/01\/Marzipan-Glueck-Silvester-Pixabay-2023-750x528.jpg 750w\" sizes=\"(max-width: 743px) 100vw, 743px\" \/><figcaption class=\"wp-element-caption\">Foto: Image by <a href=\"https:\/\/pixabay.com\/users\/cocoparisienne-127419\/?utm_source=link-attribution&amp;utm_medium=referral&amp;utm_campaign=image&amp;utm_content=1457311\">Anja<\/a> from <a href=\"https:\/\/pixabay.com\/\/?utm_source=link-attribution&amp;utm_medium=referral&amp;utm_campaign=image&amp;utm_content=1457311\">Pixabay<\/a>, hfr<\/figcaption><\/figure>\n<\/div>\n\n\n<p>Jedeen d\u00f6rf sick wat rutseuken. Dat hett fein klappt, de Freid weer groot und Spoo\u00df mokt hett mi dat , wieldat ik nu nich mehr dormit r\u00fcmheuden m\u00fctt \u2013 und s\u00fclben eeten, dat is den doch to veel vun\u2019t Gaude! An annern Morgen weer j\u00fcmmer noch feinet Weeder, ik b\u00fcn rut und heff mi wunnert, wo scheun de Straat upr\u00fc\u00fcmt weer, keen Schiet und Dreck to seihn. Alle Achtung, dat weer nich j\u00fcmmer so! Mine Familie und ik, w\u00fc secht Danke dorf\u00f6r und nochmal alln\u2019s Gaude f\u00f6r ditt Johr 2023.<\/p>\n\n\n\n<p>Beleevt und upschreeben &nbsp;&nbsp;&nbsp;&nbsp;&nbsp;vun Hilde Schulz,&nbsp;&nbsp;&nbsp;&nbsp;&nbsp;&nbsp;&nbsp;&nbsp;&nbsp;&nbsp;&nbsp;&nbsp;&nbsp;&nbsp;&nbsp;&nbsp;&nbsp; &nbsp;&nbsp;&nbsp;&nbsp;Hamfelln, &nbsp;an\u2019n 2. Januar 2023<\/p>\n","protected":false},"excerpt":{"rendered":"<p>Hamfelln\/Hamfelde (hs). Dat weer scheun gem\u00fctlich bi uns in de Stuuv, Beseuk harrn w\u00fc nich. Naja in\u2019n Glotzkassen is ja an\u2019n so\u2019n Abend f\u00f6r uns ok nich recht wat bin\u2019n. Ick harr mi doch up de Rummelpott-Kinner freid und extra feine Naschis ink\u00f6ft bi S\u00fcllau. Mini Knoppers und Eiskonfenkt\u2026. de Tieden wo w\u00fc Niederegger Marzipan [&hellip;]<\/p>\n","protected":false},"author":19,"featured_media":47173,"comment_status":"closed","ping_status":"closed","sticky":false,"template":"","format":"standard","meta":{"jnews-multi-image_gallery":[],"jnews_single_post":{"subtitle":"","format":"standard","video":"","gallery":"","source_name":"","source_url":"","via_name":"","via_url":"","jpwt_enable_post_donation":"0","override_template":"0","override":[{"template":"1","single_blog_custom":"","parallax":"1","fullscreen":"1","layout":"right-sidebar","sidebar":"default-sidebar","second_sidebar":"default-sidebar","sticky_sidebar":"1","share_position":"top","share_float_style":"share-monocrhome","show_share_counter":"0","show_view_counter":"1","show_featured":"1","show_post_meta":"1","show_post_author":"1","show_post_author_image":"1","show_post_date":"1","post_date_format":"default","post_date_format_custom":"Y\/m\/d","show_post_category":"0","show_post_reading_time":"0","post_reading_time_wpm":"300","show_zoom_button":"0","zoom_button_out_step":"2","zoom_button_in_step":"3","show_post_tag":"1","show_prev_next_post":"0","show_popup_post":"1","number_popup_post":"1","show_author_box":"1","show_post_related":"1","show_inline_post_related":"0"}],"override_image_size":"0","image_override":[{"single_post_thumbnail_size":"crop-500","single_post_gallery_size":"crop-500"}],"trending_post":"0","trending_post_position":"meta","trending_post_label":"Trending","sponsored_post":"0","sponsored_post_label":"Sponsored by","sponsored_post_name":"","sponsored_post_url":"","sponsored_post_logo_enable":"0","sponsored_post_logo":"","sponsored_post_desc":"","disable_ad":"0"},"jnews_primary_category":{"id":"","hide":""},"jnews_social_meta":{"fb_title":"","fb_description":"","fb_image":"","twitter_title":"","twitter_description":"","twitter_image":""},"jnews_override_counter":{"override_view_counter":"0","view_counter_number":"0","override_share_counter":"0","share_counter_number":"0","override_like_counter":"0","like_counter_number":"0","override_dislike_counter":"0","dislike_counter_number":"0"},"jnews_post_split":{"enable_post_split":"0","post_split":[{"template":"1","tag":"h2","numbering":"asc","mode":"normal","first":"0","enable_toc":"0","toc_type":"normal"}]},"footnotes":""},"categories":[63,73,108],"tags":[1243,1857],"class_list":["post-47171","post","type-post","status-publish","format-standard","has-post-thumbnail","hentry","category-herzogtum-lauenburg","category-landleute","category-op-platt","tag-op-platt","tag-silvester"],"_links":{"self":[{"href":"https:\/\/herzogtum-direkt.de\/index.php\/wp-json\/wp\/v2\/posts\/47171","targetHints":{"allow":["GET"]}}],"collection":[{"href":"https:\/\/herzogtum-direkt.de\/index.php\/wp-json\/wp\/v2\/posts"}],"about":[{"href":"https:\/\/herzogtum-direkt.de\/index.php\/wp-json\/wp\/v2\/types\/post"}],"author":[{"embeddable":true,"href":"https:\/\/herzogtum-direkt.de\/index.php\/wp-json\/wp\/v2\/users\/19"}],"replies":[{"embeddable":true,"href":"https:\/\/herzogtum-direkt.de\/index.php\/wp-json\/wp\/v2\/comments?post=47171"}],"version-history":[{"count":2,"href":"https:\/\/herzogtum-direkt.de\/index.php\/wp-json\/wp\/v2\/posts\/47171\/revisions"}],"predecessor-version":[{"id":47175,"href":"https:\/\/herzogtum-direkt.de\/index.php\/wp-json\/wp\/v2\/posts\/47171\/revisions\/47175"}],"wp:featuredmedia":[{"embeddable":true,"href":"https:\/\/herzogtum-direkt.de\/index.php\/wp-json\/wp\/v2\/media\/47173"}],"wp:attachment":[{"href":"https:\/\/herzogtum-direkt.de\/index.php\/wp-json\/wp\/v2\/media?parent=47171"}],"wp:term":[{"taxonomy":"category","embeddable":true,"href":"https:\/\/herzogtum-direkt.de\/index.php\/wp-json\/wp\/v2\/categories?post=47171"},{"taxonomy":"post_tag","embeddable":true,"href":"https:\/\/herzogtum-direkt.de\/index.php\/wp-json\/wp\/v2\/tags?post=47171"}],"curies":[{"name":"wp","href":"https:\/\/api.w.org\/{rel}","templated":true}]}}