{"id":46407,"date":"2022-12-10T06:08:00","date_gmt":"2022-12-10T04:08:00","guid":{"rendered":"https:\/\/herzogtum-direkt.de\/?p=46407"},"modified":"2022-12-08T11:12:42","modified_gmt":"2022-12-08T09:12:42","slug":"adventskonzert-volles-haus-volles-programm-voller-applaus","status":"publish","type":"post","link":"https:\/\/herzogtum-direkt.de\/index.php\/2022\/12\/10\/adventskonzert-volles-haus-volles-programm-voller-applaus\/","title":{"rendered":"Adventskonzert &#8211; Volles Haus, volles Programm, voller Applaus"},"content":{"rendered":"\n<p><strong>Schwarzenbek (pm).<\/strong> SingSangSong, der Frauenchor der Volkshochschule (VHS) Schwarzenbek, hat am vergangenen Sonntag, 4. Dezember ein Konzert gegeben. Die Zuh\u00f6renden wurden durch den Chor aus dem Alltag zu entf\u00fchrt.<\/p>\n\n\n\n<p>Es wurden Lieder der Advents- und Weihnachtszeit aus verschiedenen L\u00e4ndern Europas, auf deutsch, englisch und plattdeutsch gesungen. Mit den Liedern wurde ein weiter drei- und vierstimmiger Bogen gespannt, mit der Erz\u00e4hlung von Wanja zum Nachdenken eingeladen und bei einigen Klassikern zum Mitsingen angeregt. Das Publikum, in dem auch viele junge Gesichter zu sehen waren, bedankte sich f\u00fcr diesen vielseitigen Abend auf seine Weise: mit Standing Ovations. Ein Besucher brachte es sinngem\u00e4\u00df so auf den Punkt: \u201eWas, schon eineinhalb Stunden um? Mir kam es vor, als h\u00e4tte es eben erst angefangen.\u201c F\u00fcr die Zukunft plant SingSangSong, seit \u00fcber 40 Jahren im Herzogtum und dar\u00fcber hinaus aktiv, wieder anzukn\u00fcpfen an die \u201eVor-Corona-Zeit\u201c und mehrere Auftritte im Verlaufe des kommenden Jahres m\u00f6glich zu machen. \u201eMan darf gespannt sein\u201c, sagen die Veranstaltenden, sie werden Konzerttermine rechtzeitig ver\u00f6ffentlichen.<\/p>\n","protected":false},"excerpt":{"rendered":"<p>Schwarzenbek (pm). SingSangSong, der Frauenchor der Volkshochschule (VHS) Schwarzenbek, hat am vergangenen Sonntag, 4. Dezember ein Konzert gegeben. Die Zuh\u00f6renden wurden durch den Chor aus dem Alltag zu entf\u00fchrt. Es wurden Lieder der Advents- und Weihnachtszeit aus verschiedenen L\u00e4ndern Europas, auf deutsch, englisch und plattdeutsch gesungen. Mit den Liedern wurde ein weiter drei- und vierstimmiger [&hellip;]<\/p>\n","protected":false},"author":2,"featured_media":46408,"comment_status":"closed","ping_status":"closed","sticky":false,"template":"","format":"standard","meta":{"jnews-multi-image_gallery":[],"jnews_single_post":{"subtitle":"","format":"standard","video":"","gallery":"","source_name":"","source_url":"","via_name":"","via_url":"","jpwt_enable_post_donation":"0","override_template":"0","override":[{"template":"1","single_blog_custom":"","parallax":"1","fullscreen":"1","layout":"right-sidebar","sidebar":"default-sidebar","second_sidebar":"default-sidebar","sticky_sidebar":"1","share_position":"top","share_float_style":"share-monocrhome","show_share_counter":"0","show_view_counter":"1","show_featured":"1","show_post_meta":"1","show_post_author":"1","show_post_author_image":"1","show_post_date":"1","post_date_format":"default","post_date_format_custom":"Y\/m\/d","show_post_category":"0","show_post_reading_time":"0","post_reading_time_wpm":"300","show_zoom_button":"0","zoom_button_out_step":"2","zoom_button_in_step":"3","show_post_tag":"1","show_prev_next_post":"0","show_popup_post":"1","number_popup_post":"1","show_author_box":"1","show_post_related":"1","show_inline_post_related":"0"}],"override_image_size":"0","image_override":[{"single_post_thumbnail_size":"crop-500","single_post_gallery_size":"crop-500"}],"trending_post":"0","trending_post_position":"meta","trending_post_label":"Trending","sponsored_post":"0","sponsored_post_label":"Sponsored by","sponsored_post_name":"","sponsored_post_url":"","sponsored_post_logo_enable":"0","sponsored_post_logo":"","sponsored_post_desc":"","disable_ad":"0"},"jnews_primary_category":{"id":"","hide":""},"jnews_social_meta":{"fb_title":"","fb_description":"","fb_image":"","twitter_title":"","twitter_description":"","twitter_image":""},"jnews_override_counter":{"override_view_counter":"0","view_counter_number":"0","override_share_counter":"0","share_counter_number":"0","override_like_counter":"0","like_counter_number":"0","override_dislike_counter":"0","dislike_counter_number":"0"},"jnews_post_split":{"enable_post_split":"0","post_split":[{"template":"1","tag":"h2","numbering":"asc","mode":"normal","first":"0","enable_toc":"0","toc_type":"normal"}]},"footnotes":""},"categories":[63,70,2646],"tags":[252,683,1814],"class_list":["post-46407","post","type-post","status-publish","format-standard","has-post-thumbnail","hentry","category-herzogtum-lauenburg","category-kultur","category-schwarzenbek","tag-schwarzenbek","tag-vhs","tag-weihnachtskonzert"],"_links":{"self":[{"href":"https:\/\/herzogtum-direkt.de\/index.php\/wp-json\/wp\/v2\/posts\/46407","targetHints":{"allow":["GET"]}}],"collection":[{"href":"https:\/\/herzogtum-direkt.de\/index.php\/wp-json\/wp\/v2\/posts"}],"about":[{"href":"https:\/\/herzogtum-direkt.de\/index.php\/wp-json\/wp\/v2\/types\/post"}],"author":[{"embeddable":true,"href":"https:\/\/herzogtum-direkt.de\/index.php\/wp-json\/wp\/v2\/users\/2"}],"replies":[{"embeddable":true,"href":"https:\/\/herzogtum-direkt.de\/index.php\/wp-json\/wp\/v2\/comments?post=46407"}],"version-history":[{"count":1,"href":"https:\/\/herzogtum-direkt.de\/index.php\/wp-json\/wp\/v2\/posts\/46407\/revisions"}],"predecessor-version":[{"id":46409,"href":"https:\/\/herzogtum-direkt.de\/index.php\/wp-json\/wp\/v2\/posts\/46407\/revisions\/46409"}],"wp:featuredmedia":[{"embeddable":true,"href":"https:\/\/herzogtum-direkt.de\/index.php\/wp-json\/wp\/v2\/media\/46408"}],"wp:attachment":[{"href":"https:\/\/herzogtum-direkt.de\/index.php\/wp-json\/wp\/v2\/media?parent=46407"}],"wp:term":[{"taxonomy":"category","embeddable":true,"href":"https:\/\/herzogtum-direkt.de\/index.php\/wp-json\/wp\/v2\/categories?post=46407"},{"taxonomy":"post_tag","embeddable":true,"href":"https:\/\/herzogtum-direkt.de\/index.php\/wp-json\/wp\/v2\/tags?post=46407"}],"curies":[{"name":"wp","href":"https:\/\/api.w.org\/{rel}","templated":true}]}}