{"id":4607,"date":"2018-06-13T09:43:48","date_gmt":"2018-06-13T07:43:48","guid":{"rendered":"https:\/\/herzogtum-direkt.de\/?p=4607"},"modified":"2018-06-13T09:43:48","modified_gmt":"2018-06-13T07:43:48","slug":"gesetzentwurf-zur-neuregelung-der-zustaendigkeiten-fuer-den-fehmarnbelt-tunnel-geht-in-die-anhoerung","status":"publish","type":"post","link":"https:\/\/herzogtum-direkt.de\/index.php\/2018\/06\/13\/gesetzentwurf-zur-neuregelung-der-zustaendigkeiten-fuer-den-fehmarnbelt-tunnel-geht-in-die-anhoerung\/","title":{"rendered":"Gesetzentwurf zur Neuregelung der Zust\u00e4ndigkeiten f\u00fcr den Fehmarnbelt-Tunnel geht in die Anh\u00f6rung"},"content":{"rendered":"<p><strong>Kiel\/Fehmarn (pm).<\/strong> Damit auch au\u00dferhalb des Festlands von Fehmarn die Zust\u00e4ndigkeiten der Beh\u00f6rden f\u00fcr den geplanten Belttunnel k\u00fcnftig klar geregelt sind, hat das Verkehrsministerium gestern (12. Juni) die Anh\u00f6rung zum Gesetzesentwurf zur Erweiterung der beh\u00f6rdlichen Bezirke eingeleitet. Wie Verkehrsminister Dr. Bernd Buchholz erl\u00e4uterte, sei das Gesetz notwendig, damit s\u00e4mtliche Verwaltungstr\u00e4ger ihre Aufgaben auch im Bereich des K\u00fcstenmeeres und der so genannten Ausschlie\u00dflichen Wirtschaftszone rund um die Insel wahrnehmen k\u00f6nnen.<\/p>\n<p>Die Beteiligung erfolgt sehr umfangreich: Neben der kommunalen und beh\u00f6rdlichen Seite werden auch alle \u00fcbrigen Beteiligten des Planfeststellungsverfahrens f\u00fcr den Belttunnel angeh\u00f6rt. &#8222;Es ist mir wichtig, die Region umfassend zu informieren und ihr Gelegenheit zur Stellungnahme zu geben&#8220;, so Buchholz. Der Gesetzentwurf hatte bereits im Vorfeld der offiziellen Beteiligung vor Ort f\u00fcr Unruhe gesorgt, da die Stadt Fehmarn dadurch zus\u00e4tzliche Lasten f\u00fcr ihre Freiwillige Feuerwehr bef\u00fcrchtete. Dazu stellte Buchholz einmal mehr klar: &#8222;Das Land wird die Freiwillige Feuerwehr der Stadt Fehmarn und auch die \u00fcbrigen Freiwilligen Feuerwehren des Kreises Ostholstein nicht mit dieser Aufgabe belasten.&#8220;<\/p>\n<p>Die Frage des Brandschutzes im Tunnel wird im zust\u00e4ndigen Innenministerium bearbeitet. Buchholz: &#8222;Wir sind uns innerhalb der Landesregierung einig, dass die Aufgabe allein durch eine Freiwillige Feuerwehr nicht geleistet werden kann.<\/p>\n","protected":false},"excerpt":{"rendered":"<p>Kiel\/Fehmarn (pm). Damit auch au\u00dferhalb des Festlands von Fehmarn die Zust\u00e4ndigkeiten der Beh\u00f6rden f\u00fcr den geplanten Belttunnel k\u00fcnftig klar geregelt sind, hat das Verkehrsministerium gestern (12. Juni) die Anh\u00f6rung zum Gesetzesentwurf zur Erweiterung der beh\u00f6rdlichen Bezirke eingeleitet. Wie Verkehrsminister Dr. Bernd Buchholz erl\u00e4uterte, sei das Gesetz notwendig, damit s\u00e4mtliche Verwaltungstr\u00e4ger ihre Aufgaben auch im Bereich [&hellip;]<\/p>\n","protected":false},"author":2,"featured_media":1186,"comment_status":"open","ping_status":"closed","sticky":false,"template":"","format":"standard","meta":{"jnews-multi-image_gallery":[],"jnews_single_post":[],"jnews_primary_category":[],"jnews_social_meta":[],"jnews_override_counter":[],"jnews_post_split":[],"footnotes":""},"categories":[94,93],"tags":[390],"class_list":["post-4607","post","type-post","status-publish","format-standard","has-post-thumbnail","hentry","category-deutschland","category-weltweit","tag-fehmarnbelttunnel"],"_links":{"self":[{"href":"https:\/\/herzogtum-direkt.de\/index.php\/wp-json\/wp\/v2\/posts\/4607","targetHints":{"allow":["GET"]}}],"collection":[{"href":"https:\/\/herzogtum-direkt.de\/index.php\/wp-json\/wp\/v2\/posts"}],"about":[{"href":"https:\/\/herzogtum-direkt.de\/index.php\/wp-json\/wp\/v2\/types\/post"}],"author":[{"embeddable":true,"href":"https:\/\/herzogtum-direkt.de\/index.php\/wp-json\/wp\/v2\/users\/2"}],"replies":[{"embeddable":true,"href":"https:\/\/herzogtum-direkt.de\/index.php\/wp-json\/wp\/v2\/comments?post=4607"}],"version-history":[{"count":1,"href":"https:\/\/herzogtum-direkt.de\/index.php\/wp-json\/wp\/v2\/posts\/4607\/revisions"}],"predecessor-version":[{"id":4608,"href":"https:\/\/herzogtum-direkt.de\/index.php\/wp-json\/wp\/v2\/posts\/4607\/revisions\/4608"}],"wp:featuredmedia":[{"embeddable":true,"href":"https:\/\/herzogtum-direkt.de\/index.php\/wp-json\/wp\/v2\/media\/1186"}],"wp:attachment":[{"href":"https:\/\/herzogtum-direkt.de\/index.php\/wp-json\/wp\/v2\/media?parent=4607"}],"wp:term":[{"taxonomy":"category","embeddable":true,"href":"https:\/\/herzogtum-direkt.de\/index.php\/wp-json\/wp\/v2\/categories?post=4607"},{"taxonomy":"post_tag","embeddable":true,"href":"https:\/\/herzogtum-direkt.de\/index.php\/wp-json\/wp\/v2\/tags?post=4607"}],"curies":[{"name":"wp","href":"https:\/\/api.w.org\/{rel}","templated":true}]}}