{"id":45445,"date":"2022-11-04T06:16:00","date_gmt":"2022-11-04T04:16:00","guid":{"rendered":"https:\/\/herzogtum-direkt.de\/?p=45445"},"modified":"2022-11-03T13:18:04","modified_gmt":"2022-11-03T11:18:04","slug":"neue-delfi-kurse-in-ratzeburg-und-moelln-2","status":"publish","type":"post","link":"https:\/\/herzogtum-direkt.de\/index.php\/2022\/11\/04\/neue-delfi-kurse-in-ratzeburg-und-moelln-2\/","title":{"rendered":"Neue DELFI-Kurse in Ratzeburg und M\u00f6lln"},"content":{"rendered":"\n<p><strong>Ratzeburg\/M\u00f6lln (pm).<\/strong> In Ratzeburg und M\u00f6lln beginnen neue DELFI-Kurse f\u00fcr Eltern mit Babys, die im Sp\u00e4tsommer 2022 geboren wurden. Die Anmeldungen sind jetzt m\u00f6glich.<\/p>\n\n\n\n<p>DELFI ist ein Angebot, das Eltern und Babys ab der 8. Lebenswoche durch das aufregende erste Lebensjahr begleitet. Im DELFI-Kurs k\u00f6nnen M\u00fctter und V\u00e4ter gemeinsam mit anderen Eltern die wachsenden F\u00e4higkeiten Ihres Babys bestaunen und begleiten. In wohliger Atmosph\u00e4re k\u00f6nnen Eltern ihr Baby in seiner jeweiligen Entwicklungsphase intensiv erleben und es durch Sinnes-, Bewegungs- und Spielangebote liebevoll und spielerisch unterst\u00fctzen und sich mit anderen Eltern austauschen.<\/p>\n\n\n\n<p>Das Angebot findet au\u00dferhalb der Schulferien einmal w\u00f6chentlich in einer Gruppe von 8 Mamis oder Papis mit ihren Babys statt. Die Kosten betragen 32 Euro pro Monat, Erm\u00e4\u00dfigungen sind auf Anfrage m\u00f6glich.<\/p>\n\n\n\n<p>Anmeldung und Information bei der Evangelischen Familienbildungsst\u00e4tte Ratzeburg unter&nbsp;<a href=\"http:\/\/www.fbs-rz.de\/\" target=\"_blank\" rel=\"noreferrer noopener\">www.fbs-rz.de<\/a>&nbsp;oder unter der Telefonnummer 04541\/5262.<\/p>\n","protected":false},"excerpt":{"rendered":"<p>Ratzeburg\/M\u00f6lln (pm). In Ratzeburg und M\u00f6lln beginnen neue DELFI-Kurse f\u00fcr Eltern mit Babys, die im Sp\u00e4tsommer 2022 geboren wurden. Die Anmeldungen sind jetzt m\u00f6glich. DELFI ist ein Angebot, das Eltern und Babys ab der 8. Lebenswoche durch das aufregende erste Lebensjahr begleitet. Im DELFI-Kurs k\u00f6nnen M\u00fctter und V\u00e4ter gemeinsam mit anderen Eltern die wachsenden F\u00e4higkeiten [&hellip;]<\/p>\n","protected":false},"author":2,"featured_media":24462,"comment_status":"closed","ping_status":"closed","sticky":false,"template":"","format":"standard","meta":{"jnews-multi-image_gallery":[],"jnews_single_post":{"subtitle":"","format":"standard","video":"","gallery":"","source_name":"","source_url":"","via_name":"","via_url":"","override_template":"0","override":[{"template":"1","single_blog_custom":"","parallax":"1","fullscreen":"1","layout":"right-sidebar","sidebar":"default-sidebar","second_sidebar":"default-sidebar","sticky_sidebar":"1","share_position":"top","share_float_style":"share-monocrhome","show_share_counter":"0","show_view_counter":"1","show_featured":"1","show_post_meta":"1","show_post_author":"1","show_post_author_image":"1","show_post_date":"1","post_date_format":"default","post_date_format_custom":"Y\/m\/d","show_post_category":"0","show_post_reading_time":"0","post_reading_time_wpm":"300","show_zoom_button":"0","zoom_button_out_step":"2","zoom_button_in_step":"3","show_post_tag":"1","show_prev_next_post":"0","show_popup_post":"1","number_popup_post":"1","show_author_box":"1","show_post_related":"1","show_inline_post_related":"0"}],"override_image_size":"0","image_override":[{"single_post_thumbnail_size":"crop-500","single_post_gallery_size":"crop-500"}],"trending_post":"0","trending_post_position":"meta","trending_post_label":"Trending","sponsored_post":"0","sponsored_post_label":"Sponsored by","sponsored_post_name":"","sponsored_post_url":"","sponsored_post_logo_enable":"0","sponsored_post_logo":"","sponsored_post_desc":"","disable_ad":"0"},"jnews_primary_category":{"id":"","hide":""},"jnews_social_meta":{"fb_title":"","fb_description":"","fb_image":"","twitter_title":"","twitter_description":"","twitter_image":""},"jnews_override_counter":{"override_view_counter":"0","view_counter_number":"0","override_share_counter":"0","share_counter_number":"0","override_like_counter":"0","like_counter_number":"0","override_dislike_counter":"0","dislike_counter_number":"0"},"jnews_post_split":{"enable_post_split":"0","post_split":[{"template":"1","tag":"h2","numbering":"asc","mode":"normal","first":"0","enable_toc":"0","toc_type":"normal"}]},"footnotes":""},"categories":[63,74,64],"tags":[775,365,133],"class_list":["post-45445","post","type-post","status-publish","format-standard","has-post-thumbnail","hentry","category-herzogtum-lauenburg","category-jugend-direkt","category-ratzeburg","tag-delfi","tag-evangelische-familienbildungsstaette-ratzeburg","tag-moelln"],"_links":{"self":[{"href":"https:\/\/herzogtum-direkt.de\/index.php\/wp-json\/wp\/v2\/posts\/45445","targetHints":{"allow":["GET"]}}],"collection":[{"href":"https:\/\/herzogtum-direkt.de\/index.php\/wp-json\/wp\/v2\/posts"}],"about":[{"href":"https:\/\/herzogtum-direkt.de\/index.php\/wp-json\/wp\/v2\/types\/post"}],"author":[{"embeddable":true,"href":"https:\/\/herzogtum-direkt.de\/index.php\/wp-json\/wp\/v2\/users\/2"}],"replies":[{"embeddable":true,"href":"https:\/\/herzogtum-direkt.de\/index.php\/wp-json\/wp\/v2\/comments?post=45445"}],"version-history":[{"count":1,"href":"https:\/\/herzogtum-direkt.de\/index.php\/wp-json\/wp\/v2\/posts\/45445\/revisions"}],"predecessor-version":[{"id":45446,"href":"https:\/\/herzogtum-direkt.de\/index.php\/wp-json\/wp\/v2\/posts\/45445\/revisions\/45446"}],"wp:featuredmedia":[{"embeddable":true,"href":"https:\/\/herzogtum-direkt.de\/index.php\/wp-json\/wp\/v2\/media\/24462"}],"wp:attachment":[{"href":"https:\/\/herzogtum-direkt.de\/index.php\/wp-json\/wp\/v2\/media?parent=45445"}],"wp:term":[{"taxonomy":"category","embeddable":true,"href":"https:\/\/herzogtum-direkt.de\/index.php\/wp-json\/wp\/v2\/categories?post=45445"},{"taxonomy":"post_tag","embeddable":true,"href":"https:\/\/herzogtum-direkt.de\/index.php\/wp-json\/wp\/v2\/tags?post=45445"}],"curies":[{"name":"wp","href":"https:\/\/api.w.org\/{rel}","templated":true}]}}