{"id":45287,"date":"2022-10-31T16:02:14","date_gmt":"2022-10-31T14:02:14","guid":{"rendered":"https:\/\/herzogtum-direkt.de\/?p=45287"},"modified":"2022-11-01T12:28:00","modified_gmt":"2022-11-01T10:28:00","slug":"lauenburg-demonstrierte-fuer-vielfalt-demokratie-toleranz-und-menschlichkeit","status":"publish","type":"post","link":"https:\/\/herzogtum-direkt.de\/index.php\/2022\/10\/31\/lauenburg-demonstrierte-fuer-vielfalt-demokratie-toleranz-und-menschlichkeit\/","title":{"rendered":"Lauenburg demonstrierte f\u00fcr Vielfalt, Demokratie, Toleranz und Menschlichkeit"},"content":{"rendered":"\n<p><strong>Lauenburg (aa). <\/strong>Rund 1.000 Menschen demonstrierten am 31. Oktober 2018 in Berkenthin erstmals f\u00fcr Vielfalt, Demokratie, Toleranz und Menschlichkeit. Ihr Motto lautete &#8222;Wir sind nicht still&#8220;. Dieser Staffelstab wird seit dem im Kreisgebiet von Gemeinde zu Gemeinde weitergereicht. Nach Ratzeburg und M\u00f6lln war es nun heute (31. Oktober 2022) an Lauenburg ein buntes Ausrufezeichen zu setzen.<\/p>\n\n\n\n<p>&#8222;Es ist mir eine gro\u00dfe Freude diese Kundgebung in Lauenburg er\u00f6ffnen zu d\u00fcrfen&#8220;, erkl\u00e4rte Lauenburgs Stadtpr\u00e4sident Wilhelm Bischoff heute vor rund 300 Personen im F\u00fcrstengarten, wo die Demo ihren Start- und Zielpunkt hatte. Bischoff weiter: &#8222;Wir leben zum Gl\u00fcck in einem demokratischen Staat. Aber die Demokratie ist nicht selbstverst\u00e4ndlich und muss stets verteidigt werden. Wir wollen vereint gegen Menschenverachtung und Rassismus demonstrieren &#8211; denn sowas hat in unserer Stadt keinen Platz. Wir sind nicht still!&#8220;<\/p>\n\n\n\n<figure class=\"wp-block-image size-full\"><img fetchpriority=\"high\" decoding=\"async\" width=\"1000\" height=\"530\" src=\"https:\/\/herzogtum-direkt.de\/wp-content\/uploads\/2022\/10\/wir-sind-nicht-still-2022-a.jpg\" alt=\"\" class=\"wp-image-45290\" srcset=\"https:\/\/herzogtum-direkt.de\/wp-content\/uploads\/2022\/10\/wir-sind-nicht-still-2022-a.jpg 1000w, https:\/\/herzogtum-direkt.de\/wp-content\/uploads\/2022\/10\/wir-sind-nicht-still-2022-a-300x159.jpg 300w, https:\/\/herzogtum-direkt.de\/wp-content\/uploads\/2022\/10\/wir-sind-nicht-still-2022-a-768x407.jpg 768w, https:\/\/herzogtum-direkt.de\/wp-content\/uploads\/2022\/10\/wir-sind-nicht-still-2022-a-750x398.jpg 750w\" sizes=\"(max-width: 1000px) 100vw, 1000px\" \/><figcaption>Rund 300 Menschen demonstrierten heute in Lauenburg demonstrierten f\u00fcr Vielfalt, Demokratie, Toleranz und Menschlichlkeit. Foto: Anders<\/figcaption><\/figure>\n\n\n\n<p>Danach ging der Demonstrationszug auf einen Rundkurs durch die Stadt. Zur\u00fcck im F\u00fcrstengarten folgten weitere Redebeitr\u00e4ge. Am Ende wurde der Staffelstab Pastorin Doris Pfeifer aus Sandesneben \u00fcberreicht, wo die Demonstration dann am 31. Oktober 2023 fortgesetzt werden soll.<\/p>\n","protected":false},"excerpt":{"rendered":"<p>Lauenburg (aa). Rund 1.000 Menschen demonstrierten am 31. Oktober 2018 in Berkenthin erstmals f\u00fcr Vielfalt, Demokratie, Toleranz und Menschlichkeit. Ihr Motto lautete &#8222;Wir sind nicht still&#8220;. Dieser Staffelstab wird seit dem im Kreisgebiet von Gemeinde zu Gemeinde weitergereicht. Nach Ratzeburg und M\u00f6lln war es nun heute (31. Oktober 2022) an Lauenburg ein buntes Ausrufezeichen zu [&hellip;]<\/p>\n","protected":false},"author":6,"featured_media":45289,"comment_status":"closed","ping_status":"closed","sticky":false,"template":"","format":"standard","meta":{"jnews-multi-image_gallery":[],"jnews_single_post":{"subtitle":"","format":"standard","video":"","gallery":"","source_name":"","source_url":"","via_name":"","via_url":"","override_template":"0","override":[{"template":"1","single_blog_custom":"","parallax":"1","fullscreen":"1","layout":"right-sidebar","sidebar":"default-sidebar","second_sidebar":"default-sidebar","sticky_sidebar":"1","share_position":"top","share_float_style":"share-monocrhome","show_share_counter":"0","show_view_counter":"1","show_featured":"1","show_post_meta":"1","show_post_author":"1","show_post_author_image":"1","show_post_date":"1","post_date_format":"default","post_date_format_custom":"Y\/m\/d","show_post_category":"0","show_post_reading_time":"0","post_reading_time_wpm":"300","show_zoom_button":"0","zoom_button_out_step":"2","zoom_button_in_step":"3","show_post_tag":"1","show_prev_next_post":"0","show_popup_post":"1","number_popup_post":"1","show_author_box":"1","show_post_related":"1","show_inline_post_related":"0"}],"override_image_size":"0","image_override":[{"single_post_thumbnail_size":"crop-500","single_post_gallery_size":"crop-500"}],"trending_post":"0","trending_post_position":"meta","trending_post_label":"Trending","sponsored_post":"0","sponsored_post_label":"Sponsored by","sponsored_post_name":"","sponsored_post_url":"","sponsored_post_logo_enable":"0","sponsored_post_logo":"","sponsored_post_desc":"","disable_ad":"0"},"jnews_primary_category":{"id":"","hide":""},"jnews_social_meta":{"fb_title":"","fb_description":"","fb_image":"","twitter_title":"","twitter_description":"","twitter_image":""},"jnews_override_counter":{"override_view_counter":"0","view_counter_number":"0","override_share_counter":"0","share_counter_number":"0","override_like_counter":"0","like_counter_number":"0","override_dislike_counter":"0","dislike_counter_number":"0"},"jnews_post_split":{"enable_post_split":"0","post_split":[{"template":"1","tag":"h2","numbering":"asc","mode":"normal","first":"0","enable_toc":"0","toc_type":"normal"}]},"footnotes":""},"categories":[63,2626,2],"tags":[1637],"class_list":["post-45287","post","type-post","status-publish","format-standard","has-post-thumbnail","hentry","category-herzogtum-lauenburg","category-lauenburg","category-startseite","tag-wir-sind-nicht-still"],"_links":{"self":[{"href":"https:\/\/herzogtum-direkt.de\/index.php\/wp-json\/wp\/v2\/posts\/45287","targetHints":{"allow":["GET"]}}],"collection":[{"href":"https:\/\/herzogtum-direkt.de\/index.php\/wp-json\/wp\/v2\/posts"}],"about":[{"href":"https:\/\/herzogtum-direkt.de\/index.php\/wp-json\/wp\/v2\/types\/post"}],"author":[{"embeddable":true,"href":"https:\/\/herzogtum-direkt.de\/index.php\/wp-json\/wp\/v2\/users\/6"}],"replies":[{"embeddable":true,"href":"https:\/\/herzogtum-direkt.de\/index.php\/wp-json\/wp\/v2\/comments?post=45287"}],"version-history":[{"count":3,"href":"https:\/\/herzogtum-direkt.de\/index.php\/wp-json\/wp\/v2\/posts\/45287\/revisions"}],"predecessor-version":[{"id":45292,"href":"https:\/\/herzogtum-direkt.de\/index.php\/wp-json\/wp\/v2\/posts\/45287\/revisions\/45292"}],"wp:featuredmedia":[{"embeddable":true,"href":"https:\/\/herzogtum-direkt.de\/index.php\/wp-json\/wp\/v2\/media\/45289"}],"wp:attachment":[{"href":"https:\/\/herzogtum-direkt.de\/index.php\/wp-json\/wp\/v2\/media?parent=45287"}],"wp:term":[{"taxonomy":"category","embeddable":true,"href":"https:\/\/herzogtum-direkt.de\/index.php\/wp-json\/wp\/v2\/categories?post=45287"},{"taxonomy":"post_tag","embeddable":true,"href":"https:\/\/herzogtum-direkt.de\/index.php\/wp-json\/wp\/v2\/tags?post=45287"}],"curies":[{"name":"wp","href":"https:\/\/api.w.org\/{rel}","templated":true}]}}