{"id":45180,"date":"2022-10-21T12:32:27","date_gmt":"2022-10-21T10:32:27","guid":{"rendered":"https:\/\/herzogtum-direkt.de\/?p=45180"},"modified":"2022-10-21T12:32:27","modified_gmt":"2022-10-21T10:32:27","slug":"waehlernahe-entwicklung-in-der-kommunalpolitik","status":"publish","type":"post","link":"https:\/\/herzogtum-direkt.de\/index.php\/2022\/10\/21\/waehlernahe-entwicklung-in-der-kommunalpolitik\/","title":{"rendered":"W\u00e4hlernahe Entwicklung in der Kommunalpolitik"},"content":{"rendered":"\n<p><strong>Ratzeburg (pm).<\/strong> Am 14. Mai 2023 finden in Schleswig-Holstein die Kommunalwahlen statt. Der Ratzeburger Ortsverband der Gr\u00fcnen befindet sich aus diesem Grund momentan mitten in den Planungen dieser Wahl. Bis zum Ende dieses Jahres soll das Wahlprogramm sowie die Listen- und Direktkandidierenden der Ratzeburger Gr\u00fcnen stehen.\u00a0<\/p>\n\n\n\n<p>F\u00fcr den Prozess der Ausarbeitung eines Wahlprogramms findet Ende dieses Monats eine Kommunalwahl-Klausur statt, in der die Ziele der Gr\u00fcnen f\u00fcr die kommende Legislaturperiode ausgearbeitet werden sollen. Hierbei verl\u00e4sst man sich nicht nur auf die innerparteiliche Meinung, sondern auch auf Expertisen in der Stadtgesellschaft. So wurden und werden proaktiv Vereine, Verb\u00e4nde, Institutionen, Verwaltung und Unternehmen kontaktiert, um deren W\u00fcnsche an die Stadtpolitik im Einklang der Parteipolitischen Grunds\u00e4tze im Wahlprogramm zu ber\u00fccksichtigen.&nbsp;<\/p>\n\n\n\n<p>Die Gr\u00fcnen Ratzeburgs m\u00f6chten dar\u00fcber hinaus auch die B\u00fcrgerinnen und B\u00fcrger bereits sehr fr\u00fchzeitig in den Programmprozess mit einbeziehen. Parteivorsitz Robert Wlodarczyk hierzu: \u201eAls Lokalpolitik ist es wichtig zu wissen, was die B\u00fcrgerinnen und B\u00fcrger bewegt. Deshalb m\u00f6chten wir allen die M\u00f6glichkeit bieten, ihre Ideen einzubringen, die dann anschlie\u00dfend von uns diskutiert werden.&#8220; Die Gr\u00fcnen bieten dementsprechend die M\u00f6glichkeit an, W\u00fcnsche an die Kommunalpolitik per Mail an die Vorsitzenden Tom Kallweit (<a href=\"mailto:kallweit.tom@gmail.com\" target=\"_blank\" rel=\"noreferrer noopener\">kallweit.tom@gmail.com<\/a>) oder Robert Wlodarczyk (<a href=\"mailto:robertw1309@outlook.de\" target=\"_blank\" rel=\"noreferrer noopener\">robertw1309@outlook.de<\/a>) zu formulieren. Jeder Wunsch, welcher bis zum Donnerstag, 27. Oktober 2022 bei den Vorsitzenden eingeht, wird in die Kommunalwahl-Klausur mitgenommen und diskutiert.<\/p>\n","protected":false},"excerpt":{"rendered":"<p>Ratzeburg (pm). Am 14. Mai 2023 finden in Schleswig-Holstein die Kommunalwahlen statt. Der Ratzeburger Ortsverband der Gr\u00fcnen befindet sich aus diesem Grund momentan mitten in den Planungen dieser Wahl. Bis zum Ende dieses Jahres soll das Wahlprogramm sowie die Listen- und Direktkandidierenden der Ratzeburger Gr\u00fcnen stehen.\u00a0 F\u00fcr den Prozess der Ausarbeitung eines Wahlprogramms findet Ende [&hellip;]<\/p>\n","protected":false},"author":2,"featured_media":38052,"comment_status":"closed","ping_status":"closed","sticky":false,"template":"","format":"standard","meta":{"jnews-multi-image_gallery":[],"jnews_single_post":{"subtitle":"Gr\u00fcne rufen zur Mitgestaltung des Wahlprogrammes auf","format":"standard","video":"","gallery":"","source_name":"","source_url":"","via_name":"","via_url":"","override_template":"0","override":[{"template":"1","single_blog_custom":"","parallax":"1","fullscreen":"1","layout":"right-sidebar","sidebar":"default-sidebar","second_sidebar":"default-sidebar","sticky_sidebar":"1","share_position":"top","share_float_style":"share-monocrhome","show_share_counter":"0","show_view_counter":"1","show_featured":"1","show_post_meta":"1","show_post_author":"1","show_post_author_image":"1","show_post_date":"1","post_date_format":"default","post_date_format_custom":"Y\/m\/d","show_post_category":"0","show_post_reading_time":"0","post_reading_time_wpm":"300","show_zoom_button":"0","zoom_button_out_step":"2","zoom_button_in_step":"3","show_post_tag":"1","show_prev_next_post":"0","show_popup_post":"1","number_popup_post":"1","show_author_box":"1","show_post_related":"1","show_inline_post_related":"0"}],"override_image_size":"0","image_override":[{"single_post_thumbnail_size":"crop-500","single_post_gallery_size":"crop-500"}],"trending_post":"0","trending_post_position":"meta","trending_post_label":"Trending","sponsored_post":"0","sponsored_post_label":"Sponsored by","sponsored_post_name":"","sponsored_post_url":"","sponsored_post_logo_enable":"0","sponsored_post_logo":"","sponsored_post_desc":"","disable_ad":"0"},"jnews_primary_category":{"id":"","hide":""},"jnews_social_meta":{"fb_title":"","fb_description":"","fb_image":"","twitter_title":"","twitter_description":"","twitter_image":""},"jnews_override_counter":{"override_view_counter":"0","view_counter_number":"0","override_share_counter":"0","share_counter_number":"0","override_like_counter":"0","like_counter_number":"0","override_dislike_counter":"0","dislike_counter_number":"0"},"jnews_post_split":{"enable_post_split":"0","post_split":[{"template":"1","tag":"h2","numbering":"asc","mode":"normal","first":"0","enable_toc":"0","toc_type":"normal"}]},"footnotes":""},"categories":[63,64],"tags":[3210,2231,3521,348],"class_list":["post-45180","post","type-post","status-publish","format-standard","has-post-thumbnail","hentry","category-herzogtum-lauenburg","category-ratzeburg","tag-gruene-ratzeburg","tag-kommunalpolitik","tag-kommunalwahl-2023","tag-wahlen"],"_links":{"self":[{"href":"https:\/\/herzogtum-direkt.de\/index.php\/wp-json\/wp\/v2\/posts\/45180","targetHints":{"allow":["GET"]}}],"collection":[{"href":"https:\/\/herzogtum-direkt.de\/index.php\/wp-json\/wp\/v2\/posts"}],"about":[{"href":"https:\/\/herzogtum-direkt.de\/index.php\/wp-json\/wp\/v2\/types\/post"}],"author":[{"embeddable":true,"href":"https:\/\/herzogtum-direkt.de\/index.php\/wp-json\/wp\/v2\/users\/2"}],"replies":[{"embeddable":true,"href":"https:\/\/herzogtum-direkt.de\/index.php\/wp-json\/wp\/v2\/comments?post=45180"}],"version-history":[{"count":2,"href":"https:\/\/herzogtum-direkt.de\/index.php\/wp-json\/wp\/v2\/posts\/45180\/revisions"}],"predecessor-version":[{"id":45183,"href":"https:\/\/herzogtum-direkt.de\/index.php\/wp-json\/wp\/v2\/posts\/45180\/revisions\/45183"}],"wp:featuredmedia":[{"embeddable":true,"href":"https:\/\/herzogtum-direkt.de\/index.php\/wp-json\/wp\/v2\/media\/38052"}],"wp:attachment":[{"href":"https:\/\/herzogtum-direkt.de\/index.php\/wp-json\/wp\/v2\/media?parent=45180"}],"wp:term":[{"taxonomy":"category","embeddable":true,"href":"https:\/\/herzogtum-direkt.de\/index.php\/wp-json\/wp\/v2\/categories?post=45180"},{"taxonomy":"post_tag","embeddable":true,"href":"https:\/\/herzogtum-direkt.de\/index.php\/wp-json\/wp\/v2\/tags?post=45180"}],"curies":[{"name":"wp","href":"https:\/\/api.w.org\/{rel}","templated":true}]}}