{"id":44326,"date":"2022-09-23T11:49:10","date_gmt":"2022-09-23T09:49:10","guid":{"rendered":"https:\/\/herzogtum-direkt.de\/?p=44326"},"modified":"2022-09-23T11:49:11","modified_gmt":"2022-09-23T09:49:11","slug":"nachwuchs-rallye-der-kreisfeuerwehr","status":"publish","type":"post","link":"https:\/\/herzogtum-direkt.de\/index.php\/2022\/09\/23\/nachwuchs-rallye-der-kreisfeuerwehr\/","title":{"rendered":"Nachwuchs-Rallye der Kreisfeuerwehr"},"content":{"rendered":"\n<p><strong>M\u00f6lln\/Elmenhorst (pm).<\/strong> Am vergangenen Sonnabend, 17 September 2022 fand zum zweiten Mal die vom Kreisfeuerwehrverband (KFV) Herzogtum Lauenburg organisierte Kinder- und Jugend-Rallye im M\u00f6llner Naturparkzentrum Uhlenkolk statt. \u201eIm letzten Jahr konnten wir 65 Kinder und Jugendliche zur Veranstaltung begr\u00fc\u00dfen, in diesem Jahr waren es bereits 138\u201c, freute sich Kreiswehrf\u00fchrer Sven Stonies. Zusammen mit Betreuung und Organisation waren zuletzt rund 200 Beteiligte im M\u00f6llner Uhlenkolk vor Ort.<\/p>\n\n\n\n<p>Die Gruppen hatten erneut als Aufgabe viele und komplexe Fragen zum Feuerwehrwesen und der Tierwelt zu l\u00f6sen. Besonderes Gl\u00fcck: Entgegen der Prognosen f\u00fcr unbest\u00e4ndiges Wetter, erlebten die Anwesenden einen tollen Sp\u00e4tsommertag in der Eulenspiegelstadt. In diesem Jahr waren die Feuer-Flitzer Berkenthin, die L\u00f6schzwerge Wentorf A. S., die L\u00f6schl\u00f6wen Schnakenbek, die L\u00f6schpiraten aus Woltersdorf, die Schwarzenbeker L\u00f6schw\u00f6lfe, die L\u00f6schzwerge aus Geesthacht und Ziethen, die Lauenburger Mini-Retter, die L\u00f6schbande Brunstorf sowie die Jugendfeuerwehren aus Wentorf bei Hamburg, B\u00fcchen, Gro\u00df Gr\u00f6nau, M\u00f6lln und Elmenhorst bei der KFV-Veranstaltung dabei.<\/p>\n\n\n<div class=\"wp-block-image is-style-rounded\">\n<figure class=\"aligncenter size-full\"><img fetchpriority=\"high\" decoding=\"async\" width=\"1000\" height=\"665\" src=\"https:\/\/herzogtum-direkt.de\/wp-content\/uploads\/2022\/09\/Sven-Stonies-KFV-Jugendfeuerwehr-Ralley-2022-Plakette.jpg\" alt=\"\" class=\"wp-image-44333\" srcset=\"https:\/\/herzogtum-direkt.de\/wp-content\/uploads\/2022\/09\/Sven-Stonies-KFV-Jugendfeuerwehr-Ralley-2022-Plakette.jpg 1000w, https:\/\/herzogtum-direkt.de\/wp-content\/uploads\/2022\/09\/Sven-Stonies-KFV-Jugendfeuerwehr-Ralley-2022-Plakette-300x200.jpg 300w, https:\/\/herzogtum-direkt.de\/wp-content\/uploads\/2022\/09\/Sven-Stonies-KFV-Jugendfeuerwehr-Ralley-2022-Plakette-768x511.jpg 768w, https:\/\/herzogtum-direkt.de\/wp-content\/uploads\/2022\/09\/Sven-Stonies-KFV-Jugendfeuerwehr-Ralley-2022-Plakette-750x499.jpg 750w\" sizes=\"(max-width: 1000px) 100vw, 1000px\" \/><figcaption>Sven Stonies \u00fcberreicht den  Jugendfeuerwehren die Pokale der  Ralley 2022. Foto: hfr<\/figcaption><\/figure>\n<\/div>\n\n\n<p>Zum Abschluss der Rallye konnten sich alle Teilnehmerinnen und Teilnehmer mit einer Grillwurst und Getr\u00e4nk st\u00e4rken. Danach wurde der Feuerwehrnachwuchs mit Pokalen und Teilnahmeb\u00e4ndern offiziell geehrt. Die Kreiswehrf\u00fchrung und Teile des Kreisvorstandes lie\u00dfen es sich nehmen, pers\u00f6nlich den Feuerwehrnachwuchs zu versorgen und zu ehren. Sven Stonies dankte in diesem Zusammenhang im insbesonderen dem KFV-Orga-Team Anja Oberm\u00fcller (Fachwartin), Stephanie Tesche (Kreisgesch\u00e4ftsstelle), Jerik Schr\u00f6der und Till St\u00e4ding (FSJler).<\/p>\n\n\n\n<p>Der Nachwuchs hat bei unseren Feuerwehren weiterhin einen sehr hohen Stellenwert: \u201eNur mit Nachwuchs k\u00f6nnen wir auch zuk\u00fcnftig den wichtigen Brandschutz in den St\u00e4dten und Gemeinden weiterhin ehrenamtlich sicherstellen und gew\u00e4hrleisten\u201c, unterstreicht Stonies. &nbsp;Aufgrund der sehr positiven Resonanz, wird auch im n\u00e4chsten Jahr die mittlerweile bekannte Rallye stattfinden: \u201eEs gibt gute Ideen, wie wir die Veranstaltung noch weiter ausgestalten k\u00f6nnen. Details dazu wollen wir bereits in den n\u00e4chsten Wochen und Monaten gemeinsam besprechen und ausarbeiten\u201c, berichtet Kreiswehrf\u00fchrer Sven Stonies abschlie\u00dfend.&nbsp;&nbsp;&nbsp;&nbsp;<\/p>\n","protected":false},"excerpt":{"rendered":"<p>M\u00f6lln\/Elmenhorst (pm). Am vergangenen Sonnabend, 17 September 2022 fand zum zweiten Mal die vom Kreisfeuerwehrverband (KFV) Herzogtum Lauenburg organisierte Kinder- und Jugend-Rallye im M\u00f6llner Naturparkzentrum Uhlenkolk statt. \u201eIm letzten Jahr konnten wir 65 Kinder und Jugendliche zur Veranstaltung begr\u00fc\u00dfen, in diesem Jahr waren es bereits 138\u201c, freute sich Kreiswehrf\u00fchrer Sven Stonies. Zusammen mit Betreuung und [&hellip;]<\/p>\n","protected":false},"author":2,"featured_media":44331,"comment_status":"closed","ping_status":"closed","sticky":false,"template":"","format":"standard","meta":{"jnews-multi-image_gallery":[],"jnews_single_post":{"subtitle":"Teilnehmerzahlen mehr als verdoppelt","format":"standard","video":"","gallery":"","source_name":"","source_url":"","via_name":"","via_url":"","override_template":"0","override":[{"template":"1","single_blog_custom":"","parallax":"1","fullscreen":"1","layout":"right-sidebar","sidebar":"default-sidebar","second_sidebar":"default-sidebar","sticky_sidebar":"1","share_position":"top","share_float_style":"share-monocrhome","show_share_counter":"0","show_view_counter":"1","show_featured":"1","show_post_meta":"1","show_post_author":"1","show_post_author_image":"1","show_post_date":"1","post_date_format":"default","post_date_format_custom":"Y\/m\/d","show_post_category":"0","show_post_reading_time":"0","post_reading_time_wpm":"300","show_zoom_button":"0","zoom_button_out_step":"2","zoom_button_in_step":"3","show_post_tag":"1","show_prev_next_post":"0","show_popup_post":"1","number_popup_post":"1","show_author_box":"1","show_post_related":"1","show_inline_post_related":"0"}],"override_image_size":"0","image_override":[{"single_post_thumbnail_size":"crop-500","single_post_gallery_size":"crop-500"}],"trending_post":"0","trending_post_position":"meta","trending_post_label":"Trending","sponsored_post":"0","sponsored_post_label":"Sponsored by","sponsored_post_name":"","sponsored_post_url":"","sponsored_post_logo_enable":"0","sponsored_post_logo":"","sponsored_post_desc":"","disable_ad":"0"},"jnews_primary_category":{"id":""},"jnews_social_meta":{"fb_title":"","fb_description":"","fb_image":"","twitter_title":"","twitter_description":"","twitter_image":""},"jnews_override_counter":{"override_view_counter":"0","view_counter_number":"0","override_share_counter":"0","share_counter_number":"0","override_like_counter":"0","like_counter_number":"0","override_dislike_counter":"0","dislike_counter_number":"0"},"jnews_post_split":{"enable_post_split":"0","post_split":[{"template":"1","tag":"h2","numbering":"asc","mode":"normal","first":"0","enable_toc":"0","toc_type":"normal"}]},"footnotes":""},"categories":[63,74,66],"tags":[409,238,952],"class_list":["post-44326","post","type-post","status-publish","format-standard","has-post-thumbnail","hentry","category-herzogtum-lauenburg","category-jugend-direkt","category-moelln","tag-feuerwehr","tag-jugendfeuerwehr","tag-kreisfeuerwehrverband"],"_links":{"self":[{"href":"https:\/\/herzogtum-direkt.de\/index.php\/wp-json\/wp\/v2\/posts\/44326","targetHints":{"allow":["GET"]}}],"collection":[{"href":"https:\/\/herzogtum-direkt.de\/index.php\/wp-json\/wp\/v2\/posts"}],"about":[{"href":"https:\/\/herzogtum-direkt.de\/index.php\/wp-json\/wp\/v2\/types\/post"}],"author":[{"embeddable":true,"href":"https:\/\/herzogtum-direkt.de\/index.php\/wp-json\/wp\/v2\/users\/2"}],"replies":[{"embeddable":true,"href":"https:\/\/herzogtum-direkt.de\/index.php\/wp-json\/wp\/v2\/comments?post=44326"}],"version-history":[{"count":2,"href":"https:\/\/herzogtum-direkt.de\/index.php\/wp-json\/wp\/v2\/posts\/44326\/revisions"}],"predecessor-version":[{"id":44334,"href":"https:\/\/herzogtum-direkt.de\/index.php\/wp-json\/wp\/v2\/posts\/44326\/revisions\/44334"}],"wp:featuredmedia":[{"embeddable":true,"href":"https:\/\/herzogtum-direkt.de\/index.php\/wp-json\/wp\/v2\/media\/44331"}],"wp:attachment":[{"href":"https:\/\/herzogtum-direkt.de\/index.php\/wp-json\/wp\/v2\/media?parent=44326"}],"wp:term":[{"taxonomy":"category","embeddable":true,"href":"https:\/\/herzogtum-direkt.de\/index.php\/wp-json\/wp\/v2\/categories?post=44326"},{"taxonomy":"post_tag","embeddable":true,"href":"https:\/\/herzogtum-direkt.de\/index.php\/wp-json\/wp\/v2\/tags?post=44326"}],"curies":[{"name":"wp","href":"https:\/\/api.w.org\/{rel}","templated":true}]}}