{"id":44159,"date":"2022-09-19T11:24:30","date_gmt":"2022-09-19T09:24:30","guid":{"rendered":"https:\/\/herzogtum-direkt.de\/?p=44159"},"modified":"2022-09-19T12:28:53","modified_gmt":"2022-09-19T10:28:53","slug":"ratzeburger-jugendbeirat-verleiht-den-nachhaltigkeitspreis-der-ratzeburger-jugend","status":"publish","type":"post","link":"https:\/\/herzogtum-direkt.de\/index.php\/2022\/09\/19\/ratzeburger-jugendbeirat-verleiht-den-nachhaltigkeitspreis-der-ratzeburger-jugend\/","title":{"rendered":"Ratzeburger Jugendbeirat verleiht den &#8222;Nachhaltigkeitspreis der Ratzeburger Jugend&#8220;"},"content":{"rendered":"\n<p><strong>Ratzeburg (pm).<\/strong> Der Ratzeburger Kinder- und Jugendbeirat hat 2021 den \u201eNachhaltigkeitspreis der Ratzeburger Jugend&#8220; ausgelobt. Eine Jury, bestehend aus Vertreterinnen und Vertreter des Jugendbeirates, den Ratzeburger Sch\u00fclervertretungen, dem Seniorenbeirat und dem pr\u00f6bstlichen Kirchenb\u00fcro, das die Schirmherrschaft des Nachhaltigkeitspreises \u00fcbernommen, hat erste Preistr\u00e4gerInnen gek\u00fcrt, die sich in Projekten, Initiativen oder Konzepten beispielgebend, motivierend, durchdacht und gut umgesetzt f\u00fcr nachhaltiges Handeln einsetzen und in diesem Sinne Vorbilder in Stadt und Umland sind. &nbsp;<\/p>\n\n\n\n<p>Am 1. Oktober 2022 um 15 Uhr ist eine erste festliche Preisverleihung im Rahmen der Demokratiekonferenz der Partnerschaft f\u00fcr Demokratie der Stadt Ratzeburg und des Amtes Lauenburgische Seen im Forum der Lauenburgischen Gelehrtenschule geplant, zu der der Ratzeburger Jugendbeirat am Thema interessierte und engagierte Menschen sehr herzlich einl\u00e4dt. Es wird um eine kurze Anmeldung unter&nbsp;<a href=\"mailto:jugendbeirat@ratzeburg.de\" target=\"_blank\" rel=\"noreferrer noopener\">jugendbeirat@ratzeburg.de<\/a>&nbsp;gebeten.<\/p>\n\n\n<div class=\"wp-block-image\">\n<figure class=\"aligncenter size-full\"><img fetchpriority=\"high\" decoding=\"async\" width=\"1000\" height=\"750\" src=\"https:\/\/herzogtum-direkt.de\/wp-content\/uploads\/2022\/09\/Insektenhotel-Jugenclub-Jugendbeirat-Nachhaltigkeit.jpg\" alt=\"\" class=\"wp-image-44162\" srcset=\"https:\/\/herzogtum-direkt.de\/wp-content\/uploads\/2022\/09\/Insektenhotel-Jugenclub-Jugendbeirat-Nachhaltigkeit.jpg 1000w, https:\/\/herzogtum-direkt.de\/wp-content\/uploads\/2022\/09\/Insektenhotel-Jugenclub-Jugendbeirat-Nachhaltigkeit-300x225.jpg 300w, https:\/\/herzogtum-direkt.de\/wp-content\/uploads\/2022\/09\/Insektenhotel-Jugenclub-Jugendbeirat-Nachhaltigkeit-768x576.jpg 768w, https:\/\/herzogtum-direkt.de\/wp-content\/uploads\/2022\/09\/Insektenhotel-Jugenclub-Jugendbeirat-Nachhaltigkeit-750x563.jpg 750w\" sizes=\"(max-width: 1000px) 100vw, 1000px\" \/><figcaption>Ratzeburger Jugendbeirat lobt &#8222;Nachhaltigkeitspreis der Ratzeburger Jugend&#8220; aus &#8230; vielleicht f\u00fcr das &#8222;Insektenhotel&#8220; am Jugendzentrum &#8222;STELLWERK&#8220;? (von links) Luc Petzold, Johann Tessmer, Lucca Rosenkranz, Paul Tessmer und Tobi Dzatkowski vom Team der Jugendzentren GLEIS21 und STELLWERK. Foto: Stadt Ratzeburg, hfr<\/figcaption><\/figure>\n<\/div>\n\n\n<p>Der Nachhaltigkeitspreis lehnt sich an die&nbsp;<a href=\"https:\/\/www.ratzeburg.de\/redirect.phtml?extlink=1&amp;La=1&amp;url_fid=2559.810.1\" target=\"_blank\" rel=\"noreferrer noopener\">\u00ab17 Ziele f\u00fcr nachhaltige Entwicklung\u00bb<\/a>&nbsp;der Vereinten Nationen an und legt den Fokus auf folgende Kategorien:&nbsp;<a href=\"https:\/\/www.ratzeburg.de\/redirect.phtml?extlink=1&amp;La=1&amp;url_fid=2559.811.1\" target=\"_blank\" rel=\"noreferrer noopener\">\u00bbNachhaltige St\u00e4dte und Gemeinden\u00ab<\/a>&nbsp;&#8211;&nbsp;<a href=\"https:\/\/www.ratzeburg.de\/redirect.phtml?extlink=1&amp;La=1&amp;url_fid=2559.812.1\" target=\"_blank\" rel=\"noreferrer noopener\">\u00bbVerantwortungsvolle Konsum- und Produktionsmuster\u00ab<\/a>&nbsp;&#8211;&nbsp;<a href=\"https:\/\/www.ratzeburg.de\/redirect.phtml?extlink=1&amp;La=1&amp;url_fid=2559.813.1\" target=\"_blank\" rel=\"noreferrer noopener\">\u00bbMa\u00dfnahmen zum Klimaschutz\u00ab<\/a>&nbsp;&#8211;&nbsp;<a href=\"https:\/\/www.ratzeburg.de\/redirect.phtml?extlink=1&amp;La=1&amp;url_fid=2559.814.1\" target=\"_blank\" rel=\"noreferrer noopener\">\u00bbLeben unter Wasser\u00ab<\/a>&nbsp;&#8211;&nbsp;<a href=\"https:\/\/www.ratzeburg.de\/redirect.phtml?extlink=1&amp;La=1&amp;url_fid=2559.815.1\" target=\"_blank\" rel=\"noreferrer noopener\">\u00bbLeben an Land\u00ab<\/a>. Zus\u00e4tzlich wird die Kategorie \u00bbBeste Idee\u00ab ausgeschrieben, die im Rahmen einer Social-Media-Umfrage ausgew\u00e4hlt werden soll.<\/p>\n\n\n<div class=\"wp-block-image is-style-rounded\">\n<figure class=\"aligncenter size-full is-resized\"><img decoding=\"async\" src=\"https:\/\/herzogtum-direkt.de\/wp-content\/uploads\/2021\/10\/IMG_20211028_181908.jpg\" alt=\"\" class=\"wp-image-33886\" width=\"817\" height=\"613\" srcset=\"https:\/\/herzogtum-direkt.de\/wp-content\/uploads\/2021\/10\/IMG_20211028_181908.jpg 1000w, https:\/\/herzogtum-direkt.de\/wp-content\/uploads\/2021\/10\/IMG_20211028_181908-300x225.jpg 300w, https:\/\/herzogtum-direkt.de\/wp-content\/uploads\/2021\/10\/IMG_20211028_181908-768x576.jpg 768w, https:\/\/herzogtum-direkt.de\/wp-content\/uploads\/2021\/10\/IMG_20211028_181908-750x563.jpg 750w\" sizes=\"(max-width: 817px) 100vw, 817px\" \/><figcaption>Jury f\u00fcr den &#8222;Nachhaltigkeitspreis der Ratzeburger Jugend&#8220; berufen (vl.) Jorgen von Lingelsheim, Sch\u00fclersprecher der Gemeinschaftsschule Lauenburgische Seen, Stadtjugendpfleger Peter Linnenkohl, Seniorenbeiratsvorsitzender J\u00fcrgen Pfeiffer, Jugendbeiratsvorsitzender Lucca Rosenkranz, Pr\u00f6pstin Frauke Eiben, Angelina Schlecht, Sch\u00fclersprecherin der Lauenburgischen Gelehrtenschule sowie Neda Rahmani und Vivian Ndubuisi vom Jugendbeirat. Foto: hfr<\/figcaption><\/figure>\n<\/div>\n\n\n<p>&#8222;Der Ratzeburger Jugendbeirat m\u00f6chte mit dem \u201eNachhaltigkeitspreis der Ratzeburger Jugend&#8220; \u00f6ffentlichkeitswirksam das Thema &#8222;Nachhaltiges Handeln&#8220; in Ratzeburg und dem Umland bewegen. Der Preis soll anhand von positiven, preisw\u00fcrdigen Beispielen Bewusstsein sch\u00e4rfen und sensibilisieren. Es ist ein Thema, dass f\u00fcr unsere Generation allerh\u00f6chste Priorit\u00e4t hat&#8220;, sagt Lucca Rosenkranz, Vorsitzender des Ratzeburger Jugendbeirates mit Verweis auf die Ergebnisse der Ratzeburger Jugendklimakonferenz, aus der diese Idee des \u201eNachhaltigkeitspreis der Ratzeburger Jugend&#8220; erwachsen ist. Das Team der Ratzeburger Jugendzentren GLEIS21 und STELLWERK unterst\u00fctzt das Projekt. Der \u201eNachhaltigkeitspreis der Ratzeburger Jugend&#8220; soll nach Willen des Ratzeburger Jugendbeirates auch in Zukunft an Institutionen, Unternehmen, Gruppen oder Einzelpersonen verliehen werden, um dieses wichtige Thema immer pr\u00e4sent zu halten.<\/p>\n","protected":false},"excerpt":{"rendered":"<p>Ratzeburg (pm). Der Ratzeburger Kinder- und Jugendbeirat hat 2021 den \u201eNachhaltigkeitspreis der Ratzeburger Jugend&#8220; ausgelobt. Eine Jury, bestehend aus Vertreterinnen und Vertreter des Jugendbeirates, den Ratzeburger Sch\u00fclervertretungen, dem Seniorenbeirat und dem pr\u00f6bstlichen Kirchenb\u00fcro, das die Schirmherrschaft des Nachhaltigkeitspreises \u00fcbernommen, hat erste Preistr\u00e4gerInnen gek\u00fcrt, die sich in Projekten, Initiativen oder Konzepten beispielgebend, motivierend, durchdacht und gut [&hellip;]<\/p>\n","protected":false},"author":2,"featured_media":44160,"comment_status":"closed","ping_status":"closed","sticky":false,"template":"","format":"standard","meta":{"jnews-multi-image_gallery":[],"jnews_single_post":{"subtitle":"","format":"standard","video":"","gallery":"","source_name":"","source_url":"","via_name":"","via_url":"","override_template":"0","override":[{"template":"1","single_blog_custom":"","parallax":"1","fullscreen":"1","layout":"right-sidebar","sidebar":"default-sidebar","second_sidebar":"default-sidebar","sticky_sidebar":"1","share_position":"top","share_float_style":"share-monocrhome","show_share_counter":"0","show_view_counter":"1","show_featured":"1","show_post_meta":"1","show_post_author":"1","show_post_author_image":"1","show_post_date":"1","post_date_format":"default","post_date_format_custom":"Y\/m\/d","show_post_category":"0","show_post_reading_time":"0","post_reading_time_wpm":"300","show_zoom_button":"0","zoom_button_out_step":"2","zoom_button_in_step":"3","show_post_tag":"1","show_prev_next_post":"0","show_popup_post":"1","number_popup_post":"1","show_author_box":"1","show_post_related":"1","show_inline_post_related":"0"}],"override_image_size":"0","image_override":[{"single_post_thumbnail_size":"crop-500","single_post_gallery_size":"crop-500"}],"trending_post":"0","trending_post_position":"meta","trending_post_label":"Trending","sponsored_post":"0","sponsored_post_label":"Sponsored by","sponsored_post_name":"","sponsored_post_url":"","sponsored_post_logo_enable":"0","sponsored_post_logo":"","sponsored_post_desc":"","disable_ad":"0"},"jnews_primary_category":{"id":""},"jnews_social_meta":{"fb_title":"","fb_description":"","fb_image":"","twitter_title":"","twitter_description":"","twitter_image":""},"jnews_override_counter":{"override_view_counter":"0","view_counter_number":"0","override_share_counter":"0","share_counter_number":"0","override_like_counter":"0","like_counter_number":"0","override_dislike_counter":"0","dislike_counter_number":"0"},"jnews_post_split":{"enable_post_split":"0","post_split":[{"template":"1","tag":"h2","numbering":"asc","mode":"normal","first":"0","enable_toc":"0","toc_type":"normal"}]},"footnotes":""},"categories":[63,74,64,2],"tags":[451,151,654,230,1719],"class_list":["post-44159","post","type-post","status-publish","format-standard","has-post-thumbnail","hentry","category-herzogtum-lauenburg","category-jugend-direkt","category-ratzeburg","category-startseite","tag-gleis-21","tag-jugendbeirat-ratzeburg","tag-nachhaltigkeit","tag-stellwerk","tag-umweltschutz"],"_links":{"self":[{"href":"https:\/\/herzogtum-direkt.de\/index.php\/wp-json\/wp\/v2\/posts\/44159","targetHints":{"allow":["GET"]}}],"collection":[{"href":"https:\/\/herzogtum-direkt.de\/index.php\/wp-json\/wp\/v2\/posts"}],"about":[{"href":"https:\/\/herzogtum-direkt.de\/index.php\/wp-json\/wp\/v2\/types\/post"}],"author":[{"embeddable":true,"href":"https:\/\/herzogtum-direkt.de\/index.php\/wp-json\/wp\/v2\/users\/2"}],"replies":[{"embeddable":true,"href":"https:\/\/herzogtum-direkt.de\/index.php\/wp-json\/wp\/v2\/comments?post=44159"}],"version-history":[{"count":2,"href":"https:\/\/herzogtum-direkt.de\/index.php\/wp-json\/wp\/v2\/posts\/44159\/revisions"}],"predecessor-version":[{"id":44173,"href":"https:\/\/herzogtum-direkt.de\/index.php\/wp-json\/wp\/v2\/posts\/44159\/revisions\/44173"}],"wp:featuredmedia":[{"embeddable":true,"href":"https:\/\/herzogtum-direkt.de\/index.php\/wp-json\/wp\/v2\/media\/44160"}],"wp:attachment":[{"href":"https:\/\/herzogtum-direkt.de\/index.php\/wp-json\/wp\/v2\/media?parent=44159"}],"wp:term":[{"taxonomy":"category","embeddable":true,"href":"https:\/\/herzogtum-direkt.de\/index.php\/wp-json\/wp\/v2\/categories?post=44159"},{"taxonomy":"post_tag","embeddable":true,"href":"https:\/\/herzogtum-direkt.de\/index.php\/wp-json\/wp\/v2\/tags?post=44159"}],"curies":[{"name":"wp","href":"https:\/\/api.w.org\/{rel}","templated":true}]}}