{"id":44148,"date":"2022-09-24T06:32:00","date_gmt":"2022-09-24T04:32:00","guid":{"rendered":"https:\/\/herzogtum-direkt.de\/?p=44148"},"modified":"2022-09-19T11:42:22","modified_gmt":"2022-09-19T09:42:22","slug":"selbstverstaendlich-politik-im-offenen-kanal-luebeck","status":"publish","type":"post","link":"https:\/\/herzogtum-direkt.de\/index.php\/2022\/09\/24\/selbstverstaendlich-politik-im-offenen-kanal-luebeck\/","title":{"rendered":"\u201eSelbstVerst\u00e4ndlich Politik&#8220; im Offenen Kanal L\u00fcbeck"},"content":{"rendered":"\n<p><strong>Ratzeburg\/M\u00f6lln (pm).<\/strong> In der Sendreihe \u201eSelbstVerst\u00e4ndlich Politik&#8220; des Offenen Kanals L\u00fcbeck (L\u00fcbeck FM) unter spricht Mark Sauer vom Verein Miteinander leben e.V. am 22. September 2022 um 19 Uhr mit dem Antisemitismusexperten Dr. Olaf Kistenmacher.&nbsp;<\/p>\n\n\n\n<p>Antisemitismus hat in sich den vergangenen Jahren in unserer Gesellschaft weiter verfestigen k\u00f6nnen. Dr. Olaf Kistenmacher gibt in der Sendung \u00a0\u201eAntisemitismus \u2013 immer gleich und immer anders&#8220; einen \u00dcberblick zu den vielen, oft widerspr\u00fcchlichen Grundstr\u00f6mungen, aus denen sich Antisemitismus scheinbar uners\u00e4ttlich n\u00e4hrt. Obwohl 73 Prozent der Menschen Antisemitismus nach eigener Aussage als gesamtgesellschaftliches Problem wahrnehmen, zirkulieren antisemitische Erz\u00e4hlungen im Netz, emp\u00f6ren sich Menschen \u00fcber die Politik israelischer Regierungen mehr als \u00fcber die Regierungspolitik anderer Staaten, werden J\u00fcdinnen und Juden attackiert. Seit Jahrzehnten muss j\u00fcdischen Leben in Deutschland unter Polizeischutz stattfinden. Antisemitismus erkennen, benennen und aktiv entgegentreten scheint somit dringender denn je.\u00a0Die Sendung wird am 26. September 2022 um 10 Uhr und 2. Oktober 2022 um 16 Uhr\u00a0wiederholt.<\/p>\n\n\n\n<p>Die Sendung wird gef\u00f6rdert \u00fcber die Partnerschaft f\u00fcr Demokratie der Stadt Ratzeburg und des Amtes Lauenburgische Seen im Rahmen des Bundesprogramms \u201eDemokratie leben!&#8220;.&nbsp;Zu empfangen ist sie auf der Frequenz 98,8 MHz (106,5 Kabel), auf DAB+ und als Livestream im Internet unter&nbsp;<strong><a href=\"https:\/\/www.ratzeburg.de\/redirect.phtml?extlink=1&amp;La=1&amp;url_fid=2559.218.1\" target=\"_blank\" rel=\"noreferrer noopener\">www.okluebeck.de.<\/a>&nbsp;<\/strong>Eine andere M\u00f6glichkeit ist der Empfang im Internet \u00fcber die App &#8222;tunein&#8220;.<\/p>\n","protected":false},"excerpt":{"rendered":"<p>Ratzeburg\/M\u00f6lln (pm). In der Sendreihe \u201eSelbstVerst\u00e4ndlich Politik&#8220; des Offenen Kanals L\u00fcbeck (L\u00fcbeck FM) unter spricht Mark Sauer vom Verein Miteinander leben e.V. am 22. September 2022 um 19 Uhr mit dem Antisemitismusexperten Dr. Olaf Kistenmacher.&nbsp; Antisemitismus hat in sich den vergangenen Jahren in unserer Gesellschaft weiter verfestigen k\u00f6nnen. Dr. Olaf Kistenmacher gibt in der Sendung [&hellip;]<\/p>\n","protected":false},"author":2,"featured_media":1386,"comment_status":"closed","ping_status":"closed","sticky":false,"template":"","format":"standard","meta":{"jnews-multi-image_gallery":[],"jnews_single_post":{"subtitle":"\u201eAntisemitismus \u2013 immer gleich und immer anders\" - Im Gespr\u00e4ch mit Dr. Olaf Kistenmacher","format":"standard","video":"","gallery":"","source_name":"","source_url":"","via_name":"","via_url":"","override_template":"0","override":[{"template":"1","single_blog_custom":"","parallax":"1","fullscreen":"1","layout":"right-sidebar","sidebar":"default-sidebar","second_sidebar":"default-sidebar","sticky_sidebar":"1","share_position":"top","share_float_style":"share-monocrhome","show_share_counter":"0","show_view_counter":"1","show_featured":"1","show_post_meta":"1","show_post_author":"1","show_post_author_image":"1","show_post_date":"1","post_date_format":"default","post_date_format_custom":"Y\/m\/d","show_post_category":"0","show_post_reading_time":"0","post_reading_time_wpm":"300","show_zoom_button":"0","zoom_button_out_step":"2","zoom_button_in_step":"3","show_post_tag":"1","show_prev_next_post":"0","show_popup_post":"1","number_popup_post":"1","show_author_box":"1","show_post_related":"1","show_inline_post_related":"0"}],"override_image_size":"0","image_override":[{"single_post_thumbnail_size":"crop-500","single_post_gallery_size":"crop-500"}],"trending_post":"0","trending_post_position":"meta","trending_post_label":"Trending","sponsored_post":"0","sponsored_post_label":"Sponsored by","sponsored_post_name":"","sponsored_post_url":"","sponsored_post_logo_enable":"0","sponsored_post_logo":"","sponsored_post_desc":"","disable_ad":"0"},"jnews_primary_category":{"id":""},"jnews_social_meta":{"fb_title":"","fb_description":"","fb_image":"","twitter_title":"","twitter_description":"","twitter_image":""},"jnews_override_counter":{"override_view_counter":"0","view_counter_number":"0","override_share_counter":"0","share_counter_number":"0","override_like_counter":"0","like_counter_number":"0","override_dislike_counter":"0","dislike_counter_number":"0"},"jnews_post_split":{"enable_post_split":"0","post_split":[{"template":"1","tag":"h2","numbering":"asc","mode":"normal","first":"0","enable_toc":"0","toc_type":"normal"}]},"footnotes":""},"categories":[63,64],"tags":[1888,175,327,325],"class_list":["post-44148","post","type-post","status-publish","format-standard","has-post-thumbnail","hentry","category-herzogtum-lauenburg","category-ratzeburg","tag-antisemitismus","tag-demokratie-leben","tag-offener-kanal-luebeck","tag-radio"],"_links":{"self":[{"href":"https:\/\/herzogtum-direkt.de\/index.php\/wp-json\/wp\/v2\/posts\/44148","targetHints":{"allow":["GET"]}}],"collection":[{"href":"https:\/\/herzogtum-direkt.de\/index.php\/wp-json\/wp\/v2\/posts"}],"about":[{"href":"https:\/\/herzogtum-direkt.de\/index.php\/wp-json\/wp\/v2\/types\/post"}],"author":[{"embeddable":true,"href":"https:\/\/herzogtum-direkt.de\/index.php\/wp-json\/wp\/v2\/users\/2"}],"replies":[{"embeddable":true,"href":"https:\/\/herzogtum-direkt.de\/index.php\/wp-json\/wp\/v2\/comments?post=44148"}],"version-history":[{"count":2,"href":"https:\/\/herzogtum-direkt.de\/index.php\/wp-json\/wp\/v2\/posts\/44148\/revisions"}],"predecessor-version":[{"id":44164,"href":"https:\/\/herzogtum-direkt.de\/index.php\/wp-json\/wp\/v2\/posts\/44148\/revisions\/44164"}],"wp:featuredmedia":[{"embeddable":true,"href":"https:\/\/herzogtum-direkt.de\/index.php\/wp-json\/wp\/v2\/media\/1386"}],"wp:attachment":[{"href":"https:\/\/herzogtum-direkt.de\/index.php\/wp-json\/wp\/v2\/media?parent=44148"}],"wp:term":[{"taxonomy":"category","embeddable":true,"href":"https:\/\/herzogtum-direkt.de\/index.php\/wp-json\/wp\/v2\/categories?post=44148"},{"taxonomy":"post_tag","embeddable":true,"href":"https:\/\/herzogtum-direkt.de\/index.php\/wp-json\/wp\/v2\/tags?post=44148"}],"curies":[{"name":"wp","href":"https:\/\/api.w.org\/{rel}","templated":true}]}}