{"id":4409,"date":"2018-06-07T08:21:09","date_gmt":"2018-06-07T06:21:09","guid":{"rendered":"https:\/\/herzogtum-direkt.de\/?p=4409"},"modified":"2018-06-07T08:21:09","modified_gmt":"2018-06-07T06:21:09","slug":"storm-preis-fuer-frank-duewel","status":"publish","type":"post","link":"https:\/\/herzogtum-direkt.de\/index.php\/2018\/06\/07\/storm-preis-fuer-frank-duewel\/","title":{"rendered":"Storm-Preis f\u00fcr Frank D\u00fcwel"},"content":{"rendered":"<p><strong>Husum\/M\u00f6lln (pm).<\/strong> Tolle Auszeichnung f\u00fcr Frank D\u00fcwel: Die Theodor-Storm-Gesellschaft verleiht dem Intendanten des KulturSommers am Kanal den Theodor-Storm-Preis 2018. Ihm sei es mit seinen Storm-Theater-Projekten gelungen, \u201edas Werk des Schriftstellers auf eine anspruchsvolle und zugleich frische Weise neu zu interpretieren\u201c, hei\u00dft es in der Begr\u00fcndung.<\/p>\n<p>D\u00fcwel hatte anl\u00e4sslich des 100. Geburtstages des Schriftstellers 2017 das St\u00fcck \u201eSTORM \u2013 das Meer \u2013 die Geister \u2013 DU\u201c mit zwei Laiendarstellergruppen in Hamburg und Husum aufgef\u00fchrt. Weiter zur\u00fcck liegt eine dreiteilige Schimmelreiter-Inszenierung (2013 bis 2015). Aktuell arbeitet er an der Auff\u00fchrung von \u201eJohn Riew\u201c.<\/p>\n<p>\u201eFrank D\u00fcwel hat sich diese Auszeichnung verdient. Seine Storm-Inszenierung war ein au\u00dferordentlich wichtiger Beitrag im Jubil\u00e4umsjahr\u201c, begr\u00fc\u00dfte Klaus Schlie, Pr\u00e4sident der Stiftung Herzogtum Lauenburg, die Entscheidung. Er sehe darin auch eine Adelung des KulturSommers am Kanal. Immerhin habe die Urauff\u00fchrung von \u201eSTORM \u2013 das Meer \u2013 die Geister \u2013 DU\u201c im Rahmen des Festivals stattgefunden, was dessen hohe k\u00fcnstlerische Bedeutung unterstreiche.<\/p>\n<p>Gl\u00fcckw\u00fcnsche kamen auch von Andrea Funk, Gesch\u00e4ftsf\u00fchrerin der Stiftung Herzogtum Lauenburg. Sie lobte seine Kreativit\u00e4t, die sich Jahr um Jahr in den Veranstaltungen zum KulturSommer widerspiegele. Das kreisweite Festival findet unter dem Dach der Stiftung Herzogtum Lauenburg statt.<\/p>\n<p>Der Theodor-Storm-Preis wird alle vier Jahre von der Stadt Husum vergeben. Er ist mit 8.200 Euro dotiert. 2014 war die Auszeichnung an den FAZ-Journalisten und Autor Tilman Spreckelsen gegangen.<\/p>\n","protected":false},"excerpt":{"rendered":"<p>Husum\/M\u00f6lln (pm). Tolle Auszeichnung f\u00fcr Frank D\u00fcwel: Die Theodor-Storm-Gesellschaft verleiht dem Intendanten des KulturSommers am Kanal den Theodor-Storm-Preis 2018. Ihm sei es mit seinen Storm-Theater-Projekten gelungen, \u201edas Werk des Schriftstellers auf eine anspruchsvolle und zugleich frische Weise neu zu interpretieren\u201c, hei\u00dft es in der Begr\u00fcndung. D\u00fcwel hatte anl\u00e4sslich des 100. Geburtstages des Schriftstellers 2017 das [&hellip;]<\/p>\n","protected":false},"author":2,"featured_media":4410,"comment_status":"open","ping_status":"closed","sticky":false,"template":"","format":"standard","meta":{"jnews-multi-image_gallery":[],"jnews_single_post":[],"jnews_primary_category":[],"jnews_social_meta":[],"jnews_override_counter":[],"jnews_post_split":[],"footnotes":""},"categories":[70,2],"tags":[900,752],"class_list":["post-4409","post","type-post","status-publish","format-standard","has-post-thumbnail","hentry","category-kultur","category-startseite","tag-kultursommer-am-kanal","tag-stiftung-herzogtum-lauenburg"],"_links":{"self":[{"href":"https:\/\/herzogtum-direkt.de\/index.php\/wp-json\/wp\/v2\/posts\/4409","targetHints":{"allow":["GET"]}}],"collection":[{"href":"https:\/\/herzogtum-direkt.de\/index.php\/wp-json\/wp\/v2\/posts"}],"about":[{"href":"https:\/\/herzogtum-direkt.de\/index.php\/wp-json\/wp\/v2\/types\/post"}],"author":[{"embeddable":true,"href":"https:\/\/herzogtum-direkt.de\/index.php\/wp-json\/wp\/v2\/users\/2"}],"replies":[{"embeddable":true,"href":"https:\/\/herzogtum-direkt.de\/index.php\/wp-json\/wp\/v2\/comments?post=4409"}],"version-history":[{"count":1,"href":"https:\/\/herzogtum-direkt.de\/index.php\/wp-json\/wp\/v2\/posts\/4409\/revisions"}],"predecessor-version":[{"id":4411,"href":"https:\/\/herzogtum-direkt.de\/index.php\/wp-json\/wp\/v2\/posts\/4409\/revisions\/4411"}],"wp:featuredmedia":[{"embeddable":true,"href":"https:\/\/herzogtum-direkt.de\/index.php\/wp-json\/wp\/v2\/media\/4410"}],"wp:attachment":[{"href":"https:\/\/herzogtum-direkt.de\/index.php\/wp-json\/wp\/v2\/media?parent=4409"}],"wp:term":[{"taxonomy":"category","embeddable":true,"href":"https:\/\/herzogtum-direkt.de\/index.php\/wp-json\/wp\/v2\/categories?post=4409"},{"taxonomy":"post_tag","embeddable":true,"href":"https:\/\/herzogtum-direkt.de\/index.php\/wp-json\/wp\/v2\/tags?post=4409"}],"curies":[{"name":"wp","href":"https:\/\/api.w.org\/{rel}","templated":true}]}}