{"id":43710,"date":"2022-09-02T11:38:04","date_gmt":"2022-09-02T09:38:04","guid":{"rendered":"https:\/\/herzogtum-direkt.de\/?p=43710"},"modified":"2022-09-02T11:38:05","modified_gmt":"2022-09-02T09:38:05","slug":"alfred-matthews-wird-100-jahre-alt","status":"publish","type":"post","link":"https:\/\/herzogtum-direkt.de\/index.php\/2022\/09\/02\/alfred-matthews-wird-100-jahre-alt\/","title":{"rendered":"Alfred Matthews wird 100 Jahre alt"},"content":{"rendered":"\n<p><strong>Schmilau (pm).<\/strong> Der \u00e4lteste B\u00fcrger der Gemeinde Schmilau Alfred Mattews wird am 10. September 100 Jahre alt. Der bei allen Schmilauern und besonders bei seinen Nachbarn beliebte Jubilar blickt auf ein besonders in seiner Jugend sehr bewegtes Leben zur\u00fcck, was erst in Schmilau seine Ruhe fand.<\/p>\n\n\n\n<p>Geboren wurde er im damaligen Pommern in der Gemeinde Mellenthin und lebte dort als \u00e4ltester von zwei Br\u00fcdern und drei Schwestern. Eine Lehre als Schlosser konnte er nicht abschlie\u00dfen, weil er 1941 also mit 19 Jahren als Soldat in die deutsche Wehrmacht eingezogen wurde und zun\u00e4chst in Russland, sp\u00e4ter in Finnland seinen Dienst tun musste. Nach dem Vorr\u00fccken der russischen Armee wurde er auf komplizierten Wegen an die Westfront versetzt und war dort bis zur Kapitulation am Rhein als Soldat stationiert. Dort geriet er Ende 1944 in amerikanische, sp\u00e4ter in englische Gefangenschaft und arbeitete bis 1948 in verschiedenen Straflagern. Aus dem Lager dort kehrte er nach Deutschland zur\u00fcck nach Krukow im Kreis Herzogtum Lauenburg. Hier lernte er seine sp\u00e4tere Frau kennen und lieben. Beide und eine Tochter kamen Anfang der 1950 er Jahre nach Schmilau, wo er eine Arbeit im Landwirtschaftsbetrieb Bockhop in der Gemeinde fand. Er arbeitete bis zu seinem Renteneitritt im Jahr 1985 in dem Betrieb und auch sp\u00e4ter noch saisonal in der Erdbeerernte. 1957 zog er in das von seinem Arbeitgeber gebaute Haus in der M\u00f6llner Stra\u00dfe in dem er auch heute noch lebt.<\/p>\n\n\n\n<p>Er hat drei T\u00f6chter und einen Sohn, die alle in \u00fcberschaubarer N\u00e4he wohnen. Besonders die T\u00f6chter betreuen ihn sehr liebevoll, schauen nach dem Rechten, kaufen ein und unterst\u00fctzen ihn f\u00fcrsorglich. Zumeist am Donnerstag treffen sie sich mit ihrem Vater zu einem Austausch der Ereignisse. Alfred Matthews f\u00fchrt nach dem Tod seiner Frau im Jahr 2008 seinen Haushalt noch weitgehend allein, pflegt seinen gro\u00dfen Garten und m\u00e4ht mit seinem Aufsitzm\u00e4her regelm\u00e4\u00dfig seinen Rasen. Eine besondere Delikatesse sind seine Marmeladen, die er auch f\u00fcr die T\u00f6chter und seinen Sohn bereitet. Bei dem Gespr\u00e4ch mit ihm blitzen seine Augen und er schaut interessiert und auch mit einem Schalk im Nacken in die Welt. Er erfreut sich an 11 Enkelkindern und 16 Urenkeln und einem Urur-Enkel und einer wunderbar intakten Familie.<\/p>\n\n\n<div class=\"wp-block-image is-style-rounded\">\n<figure class=\"aligncenter size-full\"><img fetchpriority=\"high\" decoding=\"async\" width=\"500\" height=\"667\" src=\"https:\/\/herzogtum-direkt.de\/wp-content\/uploads\/2022\/09\/Alfred-Matthews-Schmilau-2022-100-Jahre-Foto-Buettner-rotated.jpg\" alt=\"\" class=\"wp-image-43713\" srcset=\"https:\/\/herzogtum-direkt.de\/wp-content\/uploads\/2022\/09\/Alfred-Matthews-Schmilau-2022-100-Jahre-Foto-Buettner-rotated.jpg 500w, https:\/\/herzogtum-direkt.de\/wp-content\/uploads\/2022\/09\/Alfred-Matthews-Schmilau-2022-100-Jahre-Foto-Buettner-225x300.jpg 225w\" sizes=\"(max-width: 500px) 100vw, 500px\" \/><figcaption>Alfred Matthews in seinem Garten. Foto: B\u00fcttner, hfr<\/figcaption><\/figure>\n<\/div>\n\n\n<p>Bis zum Alter von 97 Jahren fuhr er noch selbst Auto und hat dann seinen F\u00fchrerschein nach langem und immer unfallfreien Fahren aus eigenem Entschluss freiwillig abgegeben. Sein Rezept f\u00fcr das hohe Alter mit recht guter Gesundheit ist f\u00fcr ihn Dankbarkeit und Zufriedenheit und jeden Abend auf der Bettkannte ein Glas \u201eM\u00fcmmelmann\u201c, ein Jagdbitter. Und bei dieser Aussage blitzten seine Augen wieder spitzb\u00fcbisch und lebensfroh.<\/p>\n\n\n\n<p>Alfred Matthews ist ein zufriedener, in sich ruhender Mann, der stolz ist auf einen regelm\u00e4\u00dfigen Lebenswandel: fr\u00fch aufstehen, die Tagesarbeit verrichten, ein guter Mittagsschlaf und ein oft langer Fernsehabend und nicht zuletzt das Eingebettet- Sein in eine intakte f\u00fcrsorgliche Familie.<\/p>\n\n\n\n<p><em>Ein Beitrag von Werner B\u00fcttner<\/em><\/p>\n","protected":false},"excerpt":{"rendered":"<p>Schmilau (pm). Der \u00e4lteste B\u00fcrger der Gemeinde Schmilau Alfred Mattews wird am 10. September 100 Jahre alt. Der bei allen Schmilauern und besonders bei seinen Nachbarn beliebte Jubilar blickt auf ein besonders in seiner Jugend sehr bewegtes Leben zur\u00fcck, was erst in Schmilau seine Ruhe fand. Geboren wurde er im damaligen Pommern in der Gemeinde [&hellip;]<\/p>\n","protected":false},"author":2,"featured_media":43711,"comment_status":"closed","ping_status":"closed","sticky":false,"template":"","format":"standard","meta":{"jnews-multi-image_gallery":[],"jnews_single_post":{"subtitle":"","format":"standard","video":"","gallery":"","source_name":"","source_url":"","via_name":"","via_url":"","override_template":"0","override":[{"template":"1","single_blog_custom":"","parallax":"1","fullscreen":"1","layout":"right-sidebar","sidebar":"default-sidebar","second_sidebar":"default-sidebar","sticky_sidebar":"1","share_position":"top","share_float_style":"share-monocrhome","show_share_counter":"0","show_view_counter":"1","show_featured":"1","show_post_meta":"1","show_post_author":"1","show_post_author_image":"1","show_post_date":"1","post_date_format":"default","post_date_format_custom":"Y\/m\/d","show_post_category":"0","show_post_reading_time":"0","post_reading_time_wpm":"300","show_zoom_button":"0","zoom_button_out_step":"2","zoom_button_in_step":"3","show_post_tag":"1","show_prev_next_post":"0","show_popup_post":"1","number_popup_post":"1","show_author_box":"1","show_post_related":"1","show_inline_post_related":"0"}],"override_image_size":"0","image_override":[{"single_post_thumbnail_size":"crop-500","single_post_gallery_size":"crop-500"}],"trending_post":"0","trending_post_position":"meta","trending_post_label":"Trending","sponsored_post":"0","sponsored_post_label":"Sponsored by","sponsored_post_name":"","sponsored_post_url":"","sponsored_post_logo_enable":"0","sponsored_post_logo":"","sponsored_post_desc":"","disable_ad":"0"},"jnews_primary_category":{"id":""},"jnews_social_meta":{"fb_title":"","fb_description":"","fb_image":"","twitter_title":"","twitter_description":"","twitter_image":""},"jnews_override_counter":{"override_view_counter":"0","view_counter_number":"0","override_share_counter":"0","share_counter_number":"0","override_like_counter":"0","like_counter_number":"0","override_dislike_counter":"0","dislike_counter_number":"0"},"jnews_post_split":{"enable_post_split":"0","post_split":[{"template":"1","tag":"h2","numbering":"asc","mode":"normal","first":"0","enable_toc":"0","toc_type":"normal"}]},"footnotes":""},"categories":[69,63,73],"tags":[3332,798],"class_list":["post-43710","post","type-post","status-publish","format-standard","has-post-thumbnail","hentry","category-amt-lauenburgische-seen","category-herzogtum-lauenburg","category-landleute","tag-jubilaeum","tag-schmilau"],"_links":{"self":[{"href":"https:\/\/herzogtum-direkt.de\/index.php\/wp-json\/wp\/v2\/posts\/43710","targetHints":{"allow":["GET"]}}],"collection":[{"href":"https:\/\/herzogtum-direkt.de\/index.php\/wp-json\/wp\/v2\/posts"}],"about":[{"href":"https:\/\/herzogtum-direkt.de\/index.php\/wp-json\/wp\/v2\/types\/post"}],"author":[{"embeddable":true,"href":"https:\/\/herzogtum-direkt.de\/index.php\/wp-json\/wp\/v2\/users\/2"}],"replies":[{"embeddable":true,"href":"https:\/\/herzogtum-direkt.de\/index.php\/wp-json\/wp\/v2\/comments?post=43710"}],"version-history":[{"count":2,"href":"https:\/\/herzogtum-direkt.de\/index.php\/wp-json\/wp\/v2\/posts\/43710\/revisions"}],"predecessor-version":[{"id":43715,"href":"https:\/\/herzogtum-direkt.de\/index.php\/wp-json\/wp\/v2\/posts\/43710\/revisions\/43715"}],"wp:featuredmedia":[{"embeddable":true,"href":"https:\/\/herzogtum-direkt.de\/index.php\/wp-json\/wp\/v2\/media\/43711"}],"wp:attachment":[{"href":"https:\/\/herzogtum-direkt.de\/index.php\/wp-json\/wp\/v2\/media?parent=43710"}],"wp:term":[{"taxonomy":"category","embeddable":true,"href":"https:\/\/herzogtum-direkt.de\/index.php\/wp-json\/wp\/v2\/categories?post=43710"},{"taxonomy":"post_tag","embeddable":true,"href":"https:\/\/herzogtum-direkt.de\/index.php\/wp-json\/wp\/v2\/tags?post=43710"}],"curies":[{"name":"wp","href":"https:\/\/api.w.org\/{rel}","templated":true}]}}