{"id":43361,"date":"2022-08-26T18:31:00","date_gmt":"2022-08-26T16:31:00","guid":{"rendered":"https:\/\/herzogtum-direkt.de\/?p=43361"},"modified":"2022-08-23T12:34:20","modified_gmt":"2022-08-23T10:34:20","slug":"gleichberechtigte-teilhabe-wird-weiter-gestaerkt","status":"publish","type":"post","link":"https:\/\/herzogtum-direkt.de\/index.php\/2022\/08\/26\/gleichberechtigte-teilhabe-wird-weiter-gestaerkt\/","title":{"rendered":"Gleichberechtigte Teilhabe wird weiter gest\u00e4rkt"},"content":{"rendered":"\n<p><strong>Herzogtum Lauenburg\/Ratzeburg (pm).<\/strong> Weiterer Projekte aus dem Fonds f\u00fcr Barrierefreiheit sind bewilligt. Aus diesem Grunde \u00e4u\u00dferten sich die beiden Landtagsabgeordneten Andrea Tschacher und Rasmus V\u00f6ge zu dem Thema.<\/p>\n\n\n\n<p>\u201eVor allem als fachpolitische Sprecherin f\u00fcr Menschen mit Behinderungen der CDU-Fraktion im Schleswig-Holsteinischen Landtag, freue ich mich dar\u00fcber, dass die Inklusion und Teilhabe aller Menschen in Schleswig-Holstein weiter gest\u00e4rkt wird. Von 26 aktuell gef\u00f6rderten Vorhaben aus dem Fonds f\u00fcr Barrierefreiheit profitieren drei Antragsteller aus unserem Kreis Herzogtum Lauenburg&#8220;, so Andrea Tschacher.<\/p>\n\n\n\n<p>Die Stadt Schwarzenbek erh\u00e4lt 82.107 Euro f\u00fcr die Installation einer Multifunktionssportanlage in Form eines fest verankerten Pumptracks, der auch von Rollstuhlfahrern benutzt werden kann. Ferner wird die Errichtung von weiteren Generationsb\u00e4nken im Stadtpark der Stadt unterst\u00fctzt. Die Gemeinde Niendorf an der Stecknitz wird mit 38.978 Euro zur Herstellung der barrierefreien Zug\u00e4nglichkeit zum Dorfgemeinschaft- und Feuerwehrhaus der Gemeinde durch Verlegung von barrierefreien Naturpflastersteinen und eines Blindenleitsystemen sowie der Installation von automatischen T\u00fcr\u00f6ffnern und Absenkung der T\u00fcrschwelle unterst\u00fctzt.<\/p>\n\n\n\n<p>Das CVJM Freizeit und Segelzentrum Ratzeburg bekommt eine F\u00f6rderung von 300.000 Euro. Diese F\u00f6rderung soll zum barrierefreien Umbau des Freizeit- und Segelzentrums durch Verbindung des Betten- und des Versorgungshauses mit einem \u00fcberdachten \u00dcbergang inklusive Einbau eines Fahrstuhls und eine behindertengerechte WC-Anlage und zur barrierefreien Gestaltung der Eingangsbereiche und der Zimmer dienen. \u201eUnser Ziel ist es, auch weiterhin daf\u00fcr zu sorgen, dass innovative und nachhaltige Ans\u00e4tze gef\u00f6rdert werden, um m\u00f6glichst allen Menschen mit Behinderungen ein gleichberechtigtes Zusammenleben in unserer Gesellschaft zu erm\u00f6glichen&#8220;, so Rasmus V\u00f6ge, Landtagsabgeordneter und CDU-Kreisvorsitzender im Herzogtum Lauenburg.<\/p>\n\n\n\n<p>\u201eDas Land Schleswig-Holstein f\u00f6rdert aus dem Fonds f\u00fcr Barrierefreiheit mit gut 2,3 Millionen Euro neue Projekte f\u00fcr die Inklusion und Teilhabe aller Menschen in Schleswig-Holstein. Ich begr\u00fc\u00dfe es sehr, dass die Auswahl der Projekte in enger Abstimmung mit der Landesbeauftragten f\u00fcr Menschen mit Behinderungen, Frau Michaela Pries, erfolgt ist.&#8220;, so die Landtagsabgeordnete Andrea Tschacher abschlie\u00dfend.<\/p>\n","protected":false},"excerpt":{"rendered":"<p>Herzogtum Lauenburg\/Ratzeburg (pm). Weiterer Projekte aus dem Fonds f\u00fcr Barrierefreiheit sind bewilligt. Aus diesem Grunde \u00e4u\u00dferten sich die beiden Landtagsabgeordneten Andrea Tschacher und Rasmus V\u00f6ge zu dem Thema. \u201eVor allem als fachpolitische Sprecherin f\u00fcr Menschen mit Behinderungen der CDU-Fraktion im Schleswig-Holsteinischen Landtag, freue ich mich dar\u00fcber, dass die Inklusion und Teilhabe aller Menschen in Schleswig-Holstein [&hellip;]<\/p>\n","protected":false},"author":2,"featured_media":36789,"comment_status":"closed","ping_status":"closed","sticky":false,"template":"","format":"standard","meta":{"jnews-multi-image_gallery":[],"jnews_single_post":{"subtitle":"","format":"standard","video":"","gallery":"","source_name":"","source_url":"","via_name":"","via_url":"","override_template":"0","override":[{"template":"1","single_blog_custom":"","parallax":"1","fullscreen":"1","layout":"right-sidebar","sidebar":"default-sidebar","second_sidebar":"default-sidebar","sticky_sidebar":"1","share_position":"top","share_float_style":"share-monocrhome","show_share_counter":"0","show_view_counter":"1","show_featured":"1","show_post_meta":"1","show_post_author":"1","show_post_author_image":"1","show_post_date":"1","post_date_format":"default","post_date_format_custom":"Y\/m\/d","show_post_category":"0","show_post_reading_time":"0","post_reading_time_wpm":"300","show_zoom_button":"0","zoom_button_out_step":"2","zoom_button_in_step":"3","show_post_tag":"1","show_prev_next_post":"0","show_popup_post":"1","number_popup_post":"1","show_author_box":"1","show_post_related":"1","show_inline_post_related":"0"}],"override_image_size":"0","image_override":[{"single_post_thumbnail_size":"crop-500","single_post_gallery_size":"crop-500"}],"trending_post":"0","trending_post_position":"meta","trending_post_label":"Trending","sponsored_post":"0","sponsored_post_label":"Sponsored by","sponsored_post_name":"","sponsored_post_url":"","sponsored_post_logo_enable":"0","sponsored_post_logo":"","sponsored_post_desc":"","disable_ad":"0"},"jnews_primary_category":{"id":""},"jnews_social_meta":{"fb_title":"","fb_description":"","fb_image":"","twitter_title":"","twitter_description":"","twitter_image":""},"jnews_override_counter":{"override_view_counter":"0","view_counter_number":"0","override_share_counter":"0","share_counter_number":"0","override_like_counter":"0","like_counter_number":"0","override_dislike_counter":"0","dislike_counter_number":"0"},"jnews_post_split":{"enable_post_split":"0","post_split":[{"template":"1","tag":"h2","numbering":"asc","mode":"normal","first":"0","enable_toc":"0","toc_type":"normal"}]},"footnotes":""},"categories":[63,64],"tags":[1816,549,1782],"class_list":["post-43361","post","type-post","status-publish","format-standard","has-post-thumbnail","hentry","category-herzogtum-lauenburg","category-ratzeburg","tag-cdu-herzogtum-lauenburg","tag-gleichberechtigung","tag-teilhabe"],"_links":{"self":[{"href":"https:\/\/herzogtum-direkt.de\/index.php\/wp-json\/wp\/v2\/posts\/43361","targetHints":{"allow":["GET"]}}],"collection":[{"href":"https:\/\/herzogtum-direkt.de\/index.php\/wp-json\/wp\/v2\/posts"}],"about":[{"href":"https:\/\/herzogtum-direkt.de\/index.php\/wp-json\/wp\/v2\/types\/post"}],"author":[{"embeddable":true,"href":"https:\/\/herzogtum-direkt.de\/index.php\/wp-json\/wp\/v2\/users\/2"}],"replies":[{"embeddable":true,"href":"https:\/\/herzogtum-direkt.de\/index.php\/wp-json\/wp\/v2\/comments?post=43361"}],"version-history":[{"count":1,"href":"https:\/\/herzogtum-direkt.de\/index.php\/wp-json\/wp\/v2\/posts\/43361\/revisions"}],"predecessor-version":[{"id":43362,"href":"https:\/\/herzogtum-direkt.de\/index.php\/wp-json\/wp\/v2\/posts\/43361\/revisions\/43362"}],"wp:featuredmedia":[{"embeddable":true,"href":"https:\/\/herzogtum-direkt.de\/index.php\/wp-json\/wp\/v2\/media\/36789"}],"wp:attachment":[{"href":"https:\/\/herzogtum-direkt.de\/index.php\/wp-json\/wp\/v2\/media?parent=43361"}],"wp:term":[{"taxonomy":"category","embeddable":true,"href":"https:\/\/herzogtum-direkt.de\/index.php\/wp-json\/wp\/v2\/categories?post=43361"},{"taxonomy":"post_tag","embeddable":true,"href":"https:\/\/herzogtum-direkt.de\/index.php\/wp-json\/wp\/v2\/tags?post=43361"}],"curies":[{"name":"wp","href":"https:\/\/api.w.org\/{rel}","templated":true}]}}