{"id":4333,"date":"2018-06-05T08:28:08","date_gmt":"2018-06-05T06:28:08","guid":{"rendered":"https:\/\/herzogtum-direkt.de\/?p=4333"},"modified":"2018-06-05T08:28:08","modified_gmt":"2018-06-05T06:28:08","slug":"ueberall-ist-wunderland","status":"publish","type":"post","link":"https:\/\/herzogtum-direkt.de\/index.php\/2018\/06\/05\/ueberall-ist-wunderland\/","title":{"rendered":"&#8218;\u00dcberall ist Wunderland&#8216;"},"content":{"rendered":"<p><strong>Demern (pm).<\/strong> Ein heiteres literarisches Konzert in einer wunderbaren Atmosph\u00e4re einer alten kleinen Kirche \u2013 das ist eine Kombination, auf die die Kirchengemeinde Carlow und der F\u00f6rderverein der Petrikirche Demern baut! Humoristische Geschichten und fabelhafte Musik pr\u00e4sentieren Andreas Hutzel, Martina Tegtmeyer und Jan Baruschke. Das L\u00fcbecker Trio wird das Leben und die Gedichte von Joachim Ringelnatz vortragen.<\/p>\n<p>Der Schauspieler Andreas Hutzel entf\u00fchrt in das Leben und die skurrile Welt von Ringelnatz.<br \/>\nEgal, ob es die Geschichten vom Seemann Kuddel Daddeldu oder die Verse vom nicht mehr zur\u00fcckkehrenden Bumerang oder den reisenden Ameisen sind \u2013 Andreas Hutzel wirft einen ungew\u00f6hnlichen Blick auf einen au\u00dfergew\u00f6hnlichen Dichter, der in den kleinen Dingen des Lebens das Gr\u00f6\u00dfte sah.<\/p>\n<p>Unter dem Titel: \u201e\u00dcberall ist Wunderland\u201c interpretiert Andreas Hutzel meisterhaft und differenziert die Ringelnatz Gedichte vom Unsinn und Tiefsinn des Lebens, mal heiter, innig, zart bis laut, provokativ und frech. Und dann dazu Musik: Martina Tegtmeyer und Jan Baruschke lassen mit mitrei\u00dfender Spielfreude und Virtuosit\u00e4t Tangomusik erklingen und dazu nat\u00fcrlich noch einige andere \u00dcberraschungen.<\/p>\n<p>Am Sonnabend, 16. Juni tritt das Trio um 19. Uhr in der Kirche zu Demern auf. Die beiden \u201eVorveranstaltungen\u201c in L\u00fcbeck, im April und im Mai, waren sofort ausverkauft. Daher fragen viele Interessierte bei den Akteuren &#8211; F\u00f6rderverein der Kirche zu Demern und Kirchengemeinde Carlow \u2013 nach, ob noch Karten f\u00fcr den 16. Juni zu erwerben sind. \u201eWir erheben keinen Eintritt, erbitten jedoch eine Spende. Platzreservierungen sind leider auch nicht m\u00f6glich\u201c, so Karin Homann vom F\u00f6rderverein der Kirche. \u201eWir freuen uns \u00fcber jeden Besucher und auf ein wunderbares Konzert!\u201c<\/p>\n<div class=\"brlbs-cmpnt-container brlbs-cmpnt-content-blocker brlbs-cmpnt-with-individual-styles\" data-borlabs-cookie-content-blocker-id=\"default\" data-borlabs-cookie-content=\"PGlmcmFtZSBzdHlsZT0iYm9yZGVyOiAxcHggc29saWQgYmxhY2s7IiBzcmM9Imh0dHBzOi8vd3d3Lm9wZW5zdHJlZXRtYXAub3JnL2V4cG9ydC9lbWJlZC5odG1sP2Jib3g9MTAuOTA4NzM3MTgyNjE3MTklMkM1My43MDYwNTU3NDE4MTIxMzYlMkMxMS4wODAzOTg1NTk1NzAzMTIlMkM1My43Nzg5NDkzMzQ5OTkzMyZhbXA7bGF5ZXI9bWFwbmlrJmFtcDttYXJrZXI9NTMuNzQyNTE4MzQzODQ4MTklMkMxMC45OTQ1Njc4NzEwOTM3NSIgd2lkdGg9IjYyNSIgaGVpZ2h0PSI1NTAiIGZyYW1lYm9yZGVyPSIwIiBtYXJnaW53aWR0aD0iMCIgbWFyZ2luaGVpZ2h0PSIwIiBzY3JvbGxpbmc9Im5vIj48c3BhbiBzdHlsZT0iZGlzcGxheTogaW5saW5lLWJsb2NrOyB3aWR0aDogMHB4OyBvdmVyZmxvdzogaGlkZGVuOyBsaW5lLWhlaWdodDogMDsiIGRhdGEtbWNlLXR5cGU9ImJvb2ttYXJrIiBjbGFzcz0ibWNlX1NFTFJFU19zdGFydCI+77u\/PC9zcGFuPjwvaWZyYW1lPg==\">\n<div class=\"brlbs-cmpnt-cb-preset-a\">\n<p class=\"brlbs-cmpnt-cb-description\">Sie sehen gerade einen Platzhalterinhalt von <strong>Standard<\/strong>. Um auf den eigentlichen Inhalt zuzugreifen, klicken Sie auf den Button unten. Bitte beachten Sie, dass dabei Daten an Drittanbieter weitergegeben werden.<\/p>\n<div class=\"brlbs-cmpnt-cb-buttons\"> <a class=\"brlbs-cmpnt-cb-btn\" href=\"#\" data-borlabs-cookie-unblock role=\"button\">Inhalt entsperren<\/a> <a class=\"brlbs-cmpnt-cb-btn\" href=\"#\" data-borlabs-cookie-accept-service role=\"button\" style=\"display: none\">Erforderlichen Service akzeptieren und Inhalte entsperren<\/a> <\/div>\n<p> <a class=\"brlbs-cmpnt-cb-provider-toggle\" href=\"#\" data-borlabs-cookie-show-provider-information role=\"button\">Weitere Informationen<\/a> <\/div>\n<\/div>\n<p><small><a href=\"https:\/\/www.openstreetmap.org\/?mlat=53.7425&amp;mlon=10.9946#map=13\/53.7425\/10.9946\">Gr\u00f6\u00dfere Karte anzeigen<\/a><\/small><\/p>\n","protected":false},"excerpt":{"rendered":"<p>Demern (pm). Ein heiteres literarisches Konzert in einer wunderbaren Atmosph\u00e4re einer alten kleinen Kirche \u2013 das ist eine Kombination, auf die die Kirchengemeinde Carlow und der F\u00f6rderverein der Petrikirche Demern baut! Humoristische Geschichten und fabelhafte Musik pr\u00e4sentieren Andreas Hutzel, Martina Tegtmeyer und Jan Baruschke. Das L\u00fcbecker Trio wird das Leben und die Gedichte von Joachim [&hellip;]<\/p>\n","protected":false},"author":1,"featured_media":4334,"comment_status":"open","ping_status":"closed","sticky":false,"template":"","format":"standard","meta":{"jnews-multi-image_gallery":[],"jnews_single_post":[],"jnews_primary_category":[],"jnews_social_meta":[],"jnews_override_counter":[],"jnews_post_split":[],"footnotes":""},"categories":[70],"tags":[],"class_list":["post-4333","post","type-post","status-publish","format-standard","has-post-thumbnail","hentry","category-kultur"],"_links":{"self":[{"href":"https:\/\/herzogtum-direkt.de\/index.php\/wp-json\/wp\/v2\/posts\/4333","targetHints":{"allow":["GET"]}}],"collection":[{"href":"https:\/\/herzogtum-direkt.de\/index.php\/wp-json\/wp\/v2\/posts"}],"about":[{"href":"https:\/\/herzogtum-direkt.de\/index.php\/wp-json\/wp\/v2\/types\/post"}],"author":[{"embeddable":true,"href":"https:\/\/herzogtum-direkt.de\/index.php\/wp-json\/wp\/v2\/users\/1"}],"replies":[{"embeddable":true,"href":"https:\/\/herzogtum-direkt.de\/index.php\/wp-json\/wp\/v2\/comments?post=4333"}],"version-history":[{"count":1,"href":"https:\/\/herzogtum-direkt.de\/index.php\/wp-json\/wp\/v2\/posts\/4333\/revisions"}],"predecessor-version":[{"id":4335,"href":"https:\/\/herzogtum-direkt.de\/index.php\/wp-json\/wp\/v2\/posts\/4333\/revisions\/4335"}],"wp:featuredmedia":[{"embeddable":true,"href":"https:\/\/herzogtum-direkt.de\/index.php\/wp-json\/wp\/v2\/media\/4334"}],"wp:attachment":[{"href":"https:\/\/herzogtum-direkt.de\/index.php\/wp-json\/wp\/v2\/media?parent=4333"}],"wp:term":[{"taxonomy":"category","embeddable":true,"href":"https:\/\/herzogtum-direkt.de\/index.php\/wp-json\/wp\/v2\/categories?post=4333"},{"taxonomy":"post_tag","embeddable":true,"href":"https:\/\/herzogtum-direkt.de\/index.php\/wp-json\/wp\/v2\/tags?post=4333"}],"curies":[{"name":"wp","href":"https:\/\/api.w.org\/{rel}","templated":true}]}}