{"id":43226,"date":"2022-08-20T06:47:00","date_gmt":"2022-08-20T04:47:00","guid":{"rendered":"https:\/\/herzogtum-direkt.de\/?p=43226"},"modified":"2022-08-18T11:53:23","modified_gmt":"2022-08-18T09:53:23","slug":"chorprojekt-politicalied-laedt-zu-workshopwochenende","status":"publish","type":"post","link":"https:\/\/herzogtum-direkt.de\/index.php\/2022\/08\/20\/chorprojekt-politicalied-laedt-zu-workshopwochenende\/","title":{"rendered":"Chorprojekt POLITICALied l\u00e4dt zu Workshopwochenende"},"content":{"rendered":"\n<p><strong>Ratzeburg (pm).<\/strong> Der Chor POLITICALied des Vereins Miteinander leben probt und singt seit 2019 ein Repertoire dezidiert politischer Lieder aus allen Epochen. Gestartet als Workshopprojekt, ist inzwischen ein fester Chor mit rund 20 S\u00e4ngerinnen und S\u00e4ngern unter der Leitung von Anna Bertram erwachsen, der w\u00f6chentlich, jeweils Dienstagsabends, in der Aula der Lauenburgischen Gelehrtenschule probt.<\/p>\n\n\n\n<p>Aktuell bereitet sich der Chor auf einen Chorwettbewerb vor, den er im November in Ratzeburg selbst ausrichten will. Welcher Chor in der Region singt am eindrucksvollsten politische Lieder? Um dort bestehen zu k\u00f6nnen, sind neben den w\u00f6chentlichen Proben vor allem Workshopwochenenden ein probates Mittel der Vorbereitung und der Repertoireerweiterung.<\/p>\n\n\n\n<p>Das n\u00e4chste Workshopwochenende ist vom 2. September bis zum 3. September 2022 in der Aula der Lauenburgischen Gelehrtenschule geplant. Die festgelegten Probenzeiten sind am 2. September von 18 Uhr bis 21 Uhr und am 3. September von 10 Uhr bis 18 Uhr. Eine Verpflegung wird organisiert. Der Workshop ist kostenfrei und offen f\u00fcr neue S\u00e4ngerinnen und S\u00e4nger, die Freude an Chormusik und ein Interesse an politischen Liedern haben. Eine Anmeldung unter der Telefonnummer 04541-206726 oder miteinander.leben@t-online.de ist obligatorisch. Der Chor wird vom Bundesmusikverband Chor und Orchester (BMCO) im Rahmen des Bundesprogramms IMPULS gef\u00f6rdert, das Amateurmusik in l\u00e4ndlichen R\u00e4umen unterst\u00fctzt.<\/p>\n","protected":false},"excerpt":{"rendered":"<p>Ratzeburg (pm). Der Chor POLITICALied des Vereins Miteinander leben probt und singt seit 2019 ein Repertoire dezidiert politischer Lieder aus allen Epochen. Gestartet als Workshopprojekt, ist inzwischen ein fester Chor mit rund 20 S\u00e4ngerinnen und S\u00e4ngern unter der Leitung von Anna Bertram erwachsen, der w\u00f6chentlich, jeweils Dienstagsabends, in der Aula der Lauenburgischen Gelehrtenschule probt. Aktuell [&hellip;]<\/p>\n","protected":false},"author":2,"featured_media":41069,"comment_status":"closed","ping_status":"closed","sticky":false,"template":"","format":"standard","meta":{"jnews-multi-image_gallery":[],"jnews_single_post":{"subtitle":"","format":"standard","video":"","gallery":"","source_name":"","source_url":"","via_name":"","via_url":"","override_template":"0","override":[{"template":"1","single_blog_custom":"","parallax":"1","fullscreen":"1","layout":"right-sidebar","sidebar":"default-sidebar","second_sidebar":"default-sidebar","sticky_sidebar":"1","share_position":"top","share_float_style":"share-monocrhome","show_share_counter":"0","show_view_counter":"1","show_featured":"1","show_post_meta":"1","show_post_author":"1","show_post_author_image":"1","show_post_date":"1","post_date_format":"default","post_date_format_custom":"Y\/m\/d","show_post_category":"0","show_post_reading_time":"0","post_reading_time_wpm":"300","show_zoom_button":"0","zoom_button_out_step":"2","zoom_button_in_step":"3","show_post_tag":"1","show_prev_next_post":"0","show_popup_post":"1","number_popup_post":"1","show_author_box":"1","show_post_related":"1","show_inline_post_related":"0"}],"override_image_size":"0","image_override":[{"single_post_thumbnail_size":"crop-500","single_post_gallery_size":"crop-500"}],"trending_post":"0","trending_post_position":"meta","trending_post_label":"Trending","sponsored_post":"0","sponsored_post_label":"Sponsored by","sponsored_post_name":"","sponsored_post_url":"","sponsored_post_logo_enable":"0","sponsored_post_logo":"","sponsored_post_desc":"","disable_ad":"0"},"jnews_primary_category":{"id":""},"jnews_social_meta":{"fb_title":"","fb_description":"","fb_image":"","twitter_title":"","twitter_description":"","twitter_image":""},"jnews_override_counter":{"override_view_counter":"0","view_counter_number":"0","override_share_counter":"0","share_counter_number":"0","override_like_counter":"0","like_counter_number":"0","override_dislike_counter":"0","dislike_counter_number":"0"},"jnews_post_split":{"enable_post_split":"0","post_split":[{"template":"1","tag":"h2","numbering":"asc","mode":"normal","first":"0","enable_toc":"0","toc_type":"normal"}]},"footnotes":""},"categories":[63,64],"tags":[570,571,971,2498],"class_list":["post-43226","post","type-post","status-publish","format-standard","has-post-thumbnail","hentry","category-herzogtum-lauenburg","category-ratzeburg","tag-chor","tag-chorprojekt","tag-lauenburgische-gelehrtenschule","tag-politicalied"],"_links":{"self":[{"href":"https:\/\/herzogtum-direkt.de\/index.php\/wp-json\/wp\/v2\/posts\/43226","targetHints":{"allow":["GET"]}}],"collection":[{"href":"https:\/\/herzogtum-direkt.de\/index.php\/wp-json\/wp\/v2\/posts"}],"about":[{"href":"https:\/\/herzogtum-direkt.de\/index.php\/wp-json\/wp\/v2\/types\/post"}],"author":[{"embeddable":true,"href":"https:\/\/herzogtum-direkt.de\/index.php\/wp-json\/wp\/v2\/users\/2"}],"replies":[{"embeddable":true,"href":"https:\/\/herzogtum-direkt.de\/index.php\/wp-json\/wp\/v2\/comments?post=43226"}],"version-history":[{"count":1,"href":"https:\/\/herzogtum-direkt.de\/index.php\/wp-json\/wp\/v2\/posts\/43226\/revisions"}],"predecessor-version":[{"id":43227,"href":"https:\/\/herzogtum-direkt.de\/index.php\/wp-json\/wp\/v2\/posts\/43226\/revisions\/43227"}],"wp:featuredmedia":[{"embeddable":true,"href":"https:\/\/herzogtum-direkt.de\/index.php\/wp-json\/wp\/v2\/media\/41069"}],"wp:attachment":[{"href":"https:\/\/herzogtum-direkt.de\/index.php\/wp-json\/wp\/v2\/media?parent=43226"}],"wp:term":[{"taxonomy":"category","embeddable":true,"href":"https:\/\/herzogtum-direkt.de\/index.php\/wp-json\/wp\/v2\/categories?post=43226"},{"taxonomy":"post_tag","embeddable":true,"href":"https:\/\/herzogtum-direkt.de\/index.php\/wp-json\/wp\/v2\/tags?post=43226"}],"curies":[{"name":"wp","href":"https:\/\/api.w.org\/{rel}","templated":true}]}}