{"id":43015,"date":"2022-08-11T06:25:00","date_gmt":"2022-08-11T04:25:00","guid":{"rendered":"https:\/\/herzogtum-direkt.de\/?p=43015"},"modified":"2022-08-11T10:29:47","modified_gmt":"2022-08-11T08:29:47","slug":"poetisches-auf-dem-bauernhof-am-see","status":"publish","type":"post","link":"https:\/\/herzogtum-direkt.de\/index.php\/2022\/08\/11\/poetisches-auf-dem-bauernhof-am-see\/","title":{"rendered":"Poetisches auf dem Bauernhof am See"},"content":{"rendered":"\n<p><strong>Herzogtum Lauenburg\/Buchholz (pm).<\/strong> Die K\u00fcnstlergruppe B4art schafft nicht nur ber\u00fchrende Kunstwerke, die sie auf L\u00f6dings Bauernhof am See, Auf dem Ortskampe 1 ausstellt. Neben themenbezogenen Vortr\u00e4gen zu den jeweiligen Ausstellungen (<a href=\"https:\/\/herzogtum-direkt.de\/index.php\/2022\/08\/02\/wassermangel-wasserverschmutzung\/\" target=\"_blank\" rel=\"noreferrer noopener\">Herzogtum direkt berichtete<\/a>) hat die Gruppe es jetzt geschafft einen ganzen Tag mit Poetischem zu f\u00fcllen.<\/p>\n\n\n\n<p>Wer durch die Lesungen mit musikalischer Untermalung angeregt ist k\u00f6nnte in einer Textwerkstatt erste Erfahrungen machen und eigene Prosa zu Papier bringen. Teilnehmerinnen einer Hamburger Textwerkstatt tragen ihre Werke vor. Die Veranstaltende K\u00fcnstlergruppe B4art (<a href=\"http:\/\/www.b4art.sh\" target=\"_blank\" rel=\"noreferrer noopener\">www.b4art.sh<\/a>) freut sich auf viele Besuchende am Sonntag, 14. August, 2022. <\/p>\n\n\n\n<p>Um 11 Uhr beginnt die&nbsp;Lesung von Klaus Rainer Goll, Schriftsteller mit der Musik vorgetragen durch&nbsp;Ronja Weyhenmeyer, Gesang und &nbsp;Anna Bertram, Klavier.<br><br>Um 15 Uhr &nbsp;\u201eSchreiben macht Spa\u00df\u201c \u2013 die Textwerkstatt Familienbildung Hamburg. Die Teilnehmenden lesen aus eigenen Werken. Auch hier begleiten Ronja Weyhenmeyer und Anna Bertram musikalisch die Lesung.<br><br>Abschlie\u00dfend um 19.30 Uhr wird der Lyriker Matthias Kr\u00f6ner aus seinem Werk \u201eDir geh\u00f6rt ja nichts &#8211; lyrische Grenzg\u00e4nge aus 2 Jahrzehnten\u201c lesen. Musikalisch wird er von Niels Rathje an der Gitarre begleitet.<\/p>\n\n\n\n<p>Wer am Sonntag noch nicht genug von der K\u00fcnstlergruppe geh\u00f6rt hat, der kann im <a href=\"https:\/\/www.oksh.de\/hl\/\" target=\"_blank\" rel=\"noreferrer noopener\">Offener Kanal L\u00fcbeck, 98,8 UKW<\/a> einem Interview mit zwei Angeh\u00f6rigen der K\u00fcnstlergruppe B4art zu ihrem Kunstwerk \u201eTurmbau zu B.&#8220; lauschen. Die Sendung  erfolgt am Sonntag, 14.August, 2022, 13 Uhr. Christof M\u00fcller und<a href=\"http:\/\/www.artmapping.de\" target=\"_blank\" rel=\"noreferrer noopener\"> Maren Ruf <\/a>erz\u00e4hlen lebendig rund um die Entstehung des \u201eTurmbau zu B.&#8220; und beschreiben anschaulich wie dieser aussieht.<\/p>\n","protected":false},"excerpt":{"rendered":"<p>Herzogtum Lauenburg\/Buchholz (pm). Die K\u00fcnstlergruppe B4art schafft nicht nur ber\u00fchrende Kunstwerke, die sie auf L\u00f6dings Bauernhof am See, Auf dem Ortskampe 1 ausstellt. Neben themenbezogenen Vortr\u00e4gen zu den jeweiligen Ausstellungen (Herzogtum direkt berichtete) hat die Gruppe es jetzt geschafft einen ganzen Tag mit Poetischem zu f\u00fcllen. Wer durch die Lesungen mit musikalischer Untermalung angeregt ist [&hellip;]<\/p>\n","protected":false},"author":2,"featured_media":43016,"comment_status":"closed","ping_status":"closed","sticky":false,"template":"","format":"standard","meta":{"jnews-multi-image_gallery":[],"jnews_single_post":{"subtitle":"Poetry-Tag am \u201eTurmbau zu B.\u201c und Radiosendung","format":"standard","video":"","gallery":"","source_name":"","source_url":"","via_name":"","via_url":"","override_template":"0","override":[{"template":"1","single_blog_custom":"","parallax":"1","fullscreen":"1","layout":"right-sidebar","sidebar":"default-sidebar","second_sidebar":"default-sidebar","sticky_sidebar":"1","share_position":"top","share_float_style":"share-monocrhome","show_share_counter":"0","show_view_counter":"1","show_featured":"1","show_post_meta":"1","show_post_author":"1","show_post_author_image":"1","show_post_date":"1","post_date_format":"default","post_date_format_custom":"Y\/m\/d","show_post_category":"0","show_post_reading_time":"0","post_reading_time_wpm":"300","show_zoom_button":"0","zoom_button_out_step":"2","zoom_button_in_step":"3","show_post_tag":"1","show_prev_next_post":"0","show_popup_post":"1","number_popup_post":"1","show_author_box":"1","show_post_related":"1","show_inline_post_related":"0"}],"override_image_size":"0","image_override":[{"single_post_thumbnail_size":"crop-500","single_post_gallery_size":"crop-500"}],"trending_post":"0","trending_post_position":"meta","trending_post_label":"Trending","sponsored_post":"0","sponsored_post_label":"Sponsored by","sponsored_post_name":"","sponsored_post_url":"","sponsored_post_logo_enable":"0","sponsored_post_logo":"","sponsored_post_desc":"","disable_ad":"0"},"jnews_primary_category":{"id":""},"jnews_social_meta":{"fb_title":"","fb_description":"","fb_image":"","twitter_title":"","twitter_description":"","twitter_image":""},"jnews_override_counter":{"override_view_counter":"0","view_counter_number":"0","override_share_counter":"0","share_counter_number":"0","override_like_counter":"0","like_counter_number":"0","override_dislike_counter":"0","dislike_counter_number":"0"},"jnews_post_split":{"enable_post_split":"0","post_split":[{"template":"1","tag":"h2","numbering":"asc","mode":"normal","first":"0","enable_toc":"0","toc_type":"normal"}]},"footnotes":""},"categories":[69,63,70],"tags":[535,175,1073,640],"class_list":["post-43015","post","type-post","status-publish","format-standard","has-post-thumbnail","hentry","category-amt-lauenburgische-seen","category-herzogtum-lauenburg","category-kultur","tag-buchholz","tag-demokratie-leben","tag-kunst","tag-lesung"],"_links":{"self":[{"href":"https:\/\/herzogtum-direkt.de\/index.php\/wp-json\/wp\/v2\/posts\/43015","targetHints":{"allow":["GET"]}}],"collection":[{"href":"https:\/\/herzogtum-direkt.de\/index.php\/wp-json\/wp\/v2\/posts"}],"about":[{"href":"https:\/\/herzogtum-direkt.de\/index.php\/wp-json\/wp\/v2\/types\/post"}],"author":[{"embeddable":true,"href":"https:\/\/herzogtum-direkt.de\/index.php\/wp-json\/wp\/v2\/users\/2"}],"replies":[{"embeddable":true,"href":"https:\/\/herzogtum-direkt.de\/index.php\/wp-json\/wp\/v2\/comments?post=43015"}],"version-history":[{"count":3,"href":"https:\/\/herzogtum-direkt.de\/index.php\/wp-json\/wp\/v2\/posts\/43015\/revisions"}],"predecessor-version":[{"id":43030,"href":"https:\/\/herzogtum-direkt.de\/index.php\/wp-json\/wp\/v2\/posts\/43015\/revisions\/43030"}],"wp:featuredmedia":[{"embeddable":true,"href":"https:\/\/herzogtum-direkt.de\/index.php\/wp-json\/wp\/v2\/media\/43016"}],"wp:attachment":[{"href":"https:\/\/herzogtum-direkt.de\/index.php\/wp-json\/wp\/v2\/media?parent=43015"}],"wp:term":[{"taxonomy":"category","embeddable":true,"href":"https:\/\/herzogtum-direkt.de\/index.php\/wp-json\/wp\/v2\/categories?post=43015"},{"taxonomy":"post_tag","embeddable":true,"href":"https:\/\/herzogtum-direkt.de\/index.php\/wp-json\/wp\/v2\/tags?post=43015"}],"curies":[{"name":"wp","href":"https:\/\/api.w.org\/{rel}","templated":true}]}}