{"id":42565,"date":"2022-07-24T06:19:00","date_gmt":"2022-07-24T04:19:00","guid":{"rendered":"https:\/\/herzogtum-direkt.de\/?p=42565"},"modified":"2022-07-22T10:21:56","modified_gmt":"2022-07-22T08:21:56","slug":"aktive-buerger-buechens-im-firmendialog-landwirtschaft","status":"publish","type":"post","link":"https:\/\/herzogtum-direkt.de\/index.php\/2022\/07\/24\/aktive-buerger-buechens-im-firmendialog-landwirtschaft\/","title":{"rendered":"Aktive B\u00fcrger B\u00fcchens im Firmendialog &#8211; Landwirtschaft"},"content":{"rendered":"\n<p><strong>B\u00fcchen (pm).<\/strong> Die W\u00e4hlergemeinschaft Aktive-B\u00fcrger-B\u00fcchen (ABB) besucht regelm\u00e4\u00dfig Unter-nehmen in der Region. Auch landwirtschaftliche Betriebe geh\u00f6ren hierzu.<\/p>\n\n\n\n<p>Anlaufpunkt war diesmal der Hof der Familie Erdmann Ohlrogge im Steinkrug. In einem Laufstall werden hier 180 Milchk\u00fche mit angegliederter K\u00e4lberaufzucht gehalten. Der Betrieb geh\u00f6rt zu den gr\u00f6\u00dferen Milchviehbetrieben im Kreis Herzogtum Lauenburg. Nahrung f\u00fcr die Tiere kommt von den angrenzenden Wiesen und Ackerfl\u00e4chen, die der Ausbildungsbetrieb bewirtschaftet. Eindrucksvoll wurde der Betrieb vom Landwirts-ehepaar vorgestellt. Die K\u00fche stehen hier im luftigen Laufstall nicht auf Spaltenb\u00f6den, sie werden in einem Melkrondell gemolken und das Futter in den Lagern kommt auf m\u00f6glichst kurzen Wegen zum Hof. Thematisiert wurden auch die Freifl\u00e4chenphotovoltaik. Maria Rodriguez (ABB) hierzu: \u201eIn P\u00f6trau direkt am Neubaugebiet haben wir einen Solarpark abgelehnt. Vielmehr hat die Gemeinde einen Gro\u00dfteil dieser Fl\u00e4chen erworben. Hier entsteht nun mehr eine Freizeitfl\u00e4che, eine gro\u00dfe Fl\u00e4che wird aufgeforstet und Fl\u00e4chen f\u00fcr das B\u00fcchener \u00d6ko-Konto werden angelegt.\u201c<\/p>\n\n\n\n<p>Die ABB ist nicht grunds\u00e4tzlich gegen einen Solarpark und unterst\u00fctzt daher die Suche der Gemeinde nach geeigneten Fl\u00e4chen im Einklang mit Nachbargemeinden. F\u00fcr landwirtschaftliche Betriebe k\u00f6nnen diese Gewerbegebiete, denn als solche laufen auch Solarparks das Bauleitplanverfahren durch, eine Chance f\u00fcr die Landwirte sein. \u201eOb Viehhaltung, Silomais, Ackerbau oder Photovoltaik. Auch ich lote zukunfts-gerichtete, nachhaltige Projekte auf den Fl\u00e4chen abgewogen aus, denn ich m\u00f6chte, dass auch weitere Generationen unseren Hof bewirtschaften k\u00f6nnen\u201c: so Erdmann Ohlrogge.<\/p>\n\n\n\n<p>Die Gemeinde B\u00fcchen m\u00f6chte die Fl\u00e4chen des Landwirtes \u201eSteinkr\u00fcger Koppel\u201c als Gewerbegebiet ausweisen. Dringend suchen viele Betriebe aus der Region Fl\u00e4chen f\u00fcr ihr Gewerbe. Ein B\u00fcrgerbegehren ist derzeit dazu in der Abstimmung. Das bedeutet, dass B\u00fcchens B\u00fcrger dar\u00fcber abstimmen, ob es hier eine gewerbliche Entwicklung gibt oder nicht.<\/p>\n\n\n\n<p>Dieses Gebiet grenzt an den Steinauverlauf an. Olga Gafarovas (ABB): \u201eAuch Gewerbegebiete kann man gebietsvertr\u00e4glich planen. Gro\u00dfe Abstandsfl\u00e4chen, Eingr\u00fcnung, Knicks, Gr\u00fcnd\u00e4cher und nat\u00fcrliche Regenwasserversickerung geh\u00f6ren als Steuerungsinstrumente dazu. Abst\u00e4nde zur Steinau und der Biotopverbund zum FFH-Gebiet sind f\u00fcr die ABB zwingend.\u201c Die Fl\u00e4chen des geplanten Gewerbegebietes direkt an der Steinau sollen als Ausgleichsfl\u00e4chen dienen. Die Steinau ist vom Elbe-L\u00fcbeck-Kanal bis nach Klein Pampau gr\u00f6\u00dftenteils renaturiert. Mit diesem weiteren Teilst\u00fcck als Ausgleichsfl\u00e4che k\u00f6nnte f\u00fcr den Umwelt und Naturschutz erheblich dazu gewonnen werden. \u201eEindrucksvoll mal einen Betrieb so direkt zu sehen. Wir haben wichtige Meinungen geh\u00f6rt und Eindr\u00fccke gewonnen, die unseren Abw\u00e4gungsprozess mit beeinflussen werden\u201c: so Jacqueline Rottmann (ABB) abschlie\u00dfend.<\/p>\n","protected":false},"excerpt":{"rendered":"<p>B\u00fcchen (pm). Die W\u00e4hlergemeinschaft Aktive-B\u00fcrger-B\u00fcchen (ABB) besucht regelm\u00e4\u00dfig Unter-nehmen in der Region. Auch landwirtschaftliche Betriebe geh\u00f6ren hierzu. Anlaufpunkt war diesmal der Hof der Familie Erdmann Ohlrogge im Steinkrug. In einem Laufstall werden hier 180 Milchk\u00fche mit angegliederter K\u00e4lberaufzucht gehalten. Der Betrieb geh\u00f6rt zu den gr\u00f6\u00dferen Milchviehbetrieben im Kreis Herzogtum Lauenburg. Nahrung f\u00fcr die Tiere kommt [&hellip;]<\/p>\n","protected":false},"author":2,"featured_media":42566,"comment_status":"closed","ping_status":"closed","sticky":false,"template":"","format":"standard","meta":{"jnews-multi-image_gallery":[],"jnews_single_post":{"subtitle":"","format":"standard","video":"","gallery":"","source_name":"","source_url":"","via_name":"","via_url":"","override_template":"0","override":[{"template":"1","single_blog_custom":"","parallax":"1","fullscreen":"1","layout":"right-sidebar","sidebar":"default-sidebar","second_sidebar":"default-sidebar","sticky_sidebar":"1","share_position":"top","share_float_style":"share-monocrhome","show_share_counter":"0","show_view_counter":"1","show_featured":"1","show_post_meta":"1","show_post_author":"1","show_post_author_image":"1","show_post_date":"1","post_date_format":"default","post_date_format_custom":"Y\/m\/d","show_post_category":"0","show_post_reading_time":"0","post_reading_time_wpm":"300","show_zoom_button":"0","zoom_button_out_step":"2","zoom_button_in_step":"3","show_post_tag":"1","show_prev_next_post":"0","show_popup_post":"1","number_popup_post":"1","show_author_box":"1","show_post_related":"1","show_inline_post_related":"0"}],"override_image_size":"0","image_override":[{"single_post_thumbnail_size":"crop-500","single_post_gallery_size":"crop-500"}],"trending_post":"0","trending_post_position":"meta","trending_post_label":"Trending","sponsored_post":"0","sponsored_post_label":"Sponsored by","sponsored_post_name":"","sponsored_post_url":"","sponsored_post_logo_enable":"0","sponsored_post_logo":"","sponsored_post_desc":"","disable_ad":"0"},"jnews_primary_category":{"id":""},"jnews_social_meta":{"fb_title":"","fb_description":"","fb_image":"","twitter_title":"","twitter_description":"","twitter_image":""},"jnews_override_counter":{"override_view_counter":"0","view_counter_number":"0","override_share_counter":"0","share_counter_number":"0","override_like_counter":"0","like_counter_number":"0","override_dislike_counter":"0","dislike_counter_number":"0"},"jnews_post_split":{"enable_post_split":"0","post_split":[{"template":"1","tag":"h2","numbering":"asc","mode":"normal","first":"0","enable_toc":"0","toc_type":"normal"}]},"footnotes":""},"categories":[2650,63],"tags":[423,2231],"class_list":["post-42565","post","type-post","status-publish","format-standard","has-post-thumbnail","hentry","category-buechen","category-herzogtum-lauenburg","tag-abb","tag-kommunalpolitik"],"_links":{"self":[{"href":"https:\/\/herzogtum-direkt.de\/index.php\/wp-json\/wp\/v2\/posts\/42565","targetHints":{"allow":["GET"]}}],"collection":[{"href":"https:\/\/herzogtum-direkt.de\/index.php\/wp-json\/wp\/v2\/posts"}],"about":[{"href":"https:\/\/herzogtum-direkt.de\/index.php\/wp-json\/wp\/v2\/types\/post"}],"author":[{"embeddable":true,"href":"https:\/\/herzogtum-direkt.de\/index.php\/wp-json\/wp\/v2\/users\/2"}],"replies":[{"embeddable":true,"href":"https:\/\/herzogtum-direkt.de\/index.php\/wp-json\/wp\/v2\/comments?post=42565"}],"version-history":[{"count":1,"href":"https:\/\/herzogtum-direkt.de\/index.php\/wp-json\/wp\/v2\/posts\/42565\/revisions"}],"predecessor-version":[{"id":42567,"href":"https:\/\/herzogtum-direkt.de\/index.php\/wp-json\/wp\/v2\/posts\/42565\/revisions\/42567"}],"wp:featuredmedia":[{"embeddable":true,"href":"https:\/\/herzogtum-direkt.de\/index.php\/wp-json\/wp\/v2\/media\/42566"}],"wp:attachment":[{"href":"https:\/\/herzogtum-direkt.de\/index.php\/wp-json\/wp\/v2\/media?parent=42565"}],"wp:term":[{"taxonomy":"category","embeddable":true,"href":"https:\/\/herzogtum-direkt.de\/index.php\/wp-json\/wp\/v2\/categories?post=42565"},{"taxonomy":"post_tag","embeddable":true,"href":"https:\/\/herzogtum-direkt.de\/index.php\/wp-json\/wp\/v2\/tags?post=42565"}],"curies":[{"name":"wp","href":"https:\/\/api.w.org\/{rel}","templated":true}]}}