{"id":41999,"date":"2022-07-04T11:27:19","date_gmt":"2022-07-04T09:27:19","guid":{"rendered":"https:\/\/herzogtum-direkt.de\/?p=41999"},"modified":"2022-07-04T11:27:20","modified_gmt":"2022-07-04T09:27:20","slug":"buergermeisterinnen-und-buergermeister-fuer-den-frieden","status":"publish","type":"post","link":"https:\/\/herzogtum-direkt.de\/index.php\/2022\/07\/04\/buergermeisterinnen-und-buergermeister-fuer-den-frieden\/","title":{"rendered":"B\u00fcrgermeisterinnen und B\u00fcrgermeister f\u00fcr den Frieden"},"content":{"rendered":"\n<p><strong>Geesthacht (pm).<\/strong> Ab Freitag, 8. Juli 2022, weht vor dem Rathaus wieder die Flagge des weltweiten B\u00fcndnisses der Mayors for Peace. Mehr als 500 St\u00e4dte in Deutschland zeigen mit der Aktion in diesem Jahr ihre Solidarit\u00e4t mit der Ukraine und setzen sich f\u00fcr eine friedliche Welt ohne Atomwaffen ein.<\/p>\n\n\n\n<p>Mit dem russischen Angriff auf die Ukraine im Februar dieses Jahres ist die europ\u00e4ische Sicherheitsordnung zerst\u00f6rt worden. Die nuklearen Drohgeb\u00e4rden Russlands sind ein Tabubruch. Die atomare Bedrohung ist so pr\u00e4sent wie lange nicht mehr. Vor diesem Hintergrund fand in Wien vom 21. bis 23. Juni die erste Vertrags\u00adstaatenkonferenz des Atomwaffenverbotsvertrages statt. Der Vertrag war am 22. Januar 2021 in Kraft getreten. Deutschland hat an der UNO-Konferenz als Beobachter teilgenommen. Die Mayors for Peace waren mit zahlreichen Delegierten ebenfalls vertreten. Hibakusha \u2013 \u00dcberlebende der Atombombenabw\u00fcrfe auf Hiroshima und Nagasaki \u2013 berichteten \u00fcber die beispiellose humanit\u00e4re Katastrophe, die der Einsatz dieser Massenvernichtungswaffen verursachte.<\/p>\n\n\n\n<p>\u201eAtomwaffen haben das Potential alles Leben auf diesem Planeten zu vernichten. Friedensforscherinnen und -forscher sehen derzeit sogar Anzeichen f\u00fcr ein neues nukleares Wettr\u00fcsten.&nbsp; Das darf nicht sein! Wir brauchen dringend neue Impulse f\u00fcr die nukleare Abr\u00fcstung. Deshalb setzen sich die Mayors for Peace f\u00fcr den Beitritt weiterer Staaten zum Atomwaffenverbotsvertrag ein. Mit dem Hissen der Flagge zeigen wir in diesem Jahr auch unsere Solidarit\u00e4t mit der Ukraine\u201c, sagt Geesthachts B\u00fcrgermeister Olaf Schulze.<\/p>\n\n\n\n<p>Am Flaggentag erinnern die Mayors for Peace an ein Rechtsgutachten des Internationalen Gerichtshofes in Den Haag vom 8. Juli 1996. Der Gerichtshof stellte fest, dass die Androhung des Einsatzes und der Einsatz von Atomwaffen generell gegen das V\u00f6lkerrecht versto\u00dfen. Zudem stellte der Gerichtshof fest, dass eine v\u00f6lkerrechtliche Verpflichtung besteht, \u201ein redlicher Absicht Verhandlungen zu f\u00fchren und zum Abschluss zu bringen, die zu nuklearer Abr\u00fcstung in allen ihren Aspekten unter strikter und wirksamer internationaler Kontrolle f\u00fchren.\u201c<\/p>\n\n\n\n<figure class=\"wp-block-image size-large is-resized\"><img fetchpriority=\"high\" decoding=\"async\" src=\"https:\/\/herzogtum-direkt.de\/wp-content\/uploads\/2022\/03\/20180228_135157-1-788x1024.jpg\" alt=\"\" class=\"wp-image-38148\" width=\"482\" height=\"626\" srcset=\"https:\/\/herzogtum-direkt.de\/wp-content\/uploads\/2022\/03\/20180228_135157-1-788x1024.jpg 788w, https:\/\/herzogtum-direkt.de\/wp-content\/uploads\/2022\/03\/20180228_135157-1-231x300.jpg 231w, https:\/\/herzogtum-direkt.de\/wp-content\/uploads\/2022\/03\/20180228_135157-1-768x998.jpg 768w, https:\/\/herzogtum-direkt.de\/wp-content\/uploads\/2022\/03\/20180228_135157-1-1182x1536.jpg 1182w, https:\/\/herzogtum-direkt.de\/wp-content\/uploads\/2022\/03\/20180228_135157-1-1575x2048.jpg 1575w, https:\/\/herzogtum-direkt.de\/wp-content\/uploads\/2022\/03\/20180228_135157-1-750x975.jpg 750w, https:\/\/herzogtum-direkt.de\/wp-content\/uploads\/2022\/03\/20180228_135157-1-1140x1482.jpg 1140w, https:\/\/herzogtum-direkt.de\/wp-content\/uploads\/2022\/03\/20180228_135157-1-scaled.jpg 1969w\" sizes=\"(max-width: 482px) 100vw, 482px\" \/><figcaption>Teilst\u00fcck des  Friedensschildes von E. Sharghi in der Gemeinde Mustin. Foto: hfr<\/figcaption><\/figure>\n\n\n\n<p><strong>Wer sind die Mayors for Peace<\/strong>:<\/p>\n\n\n\n<p>Die Organisation Mayors for Peace wurde 1982 durch den B\u00fcrgermeister von Hiroshima gegr\u00fcndet. Das weltweite Netzwerk setzt sich vor allem f\u00fcr die Abschaffung von Atomwaffen ein, greift aber auch aktuelle Themen auf, um Wege f\u00fcr ein friedvolles Miteinander zu diskutieren. Mehr als 8.170 St\u00e4dte geh\u00f6ren dem Netzwerk an, darunter mehr als 830 St\u00e4dte in Deutschland. Rund 500 St\u00e4dte in Deutschland beteiligen sich in diesem Jahr am Flaggentag.<\/p>\n","protected":false},"excerpt":{"rendered":"<p>Geesthacht (pm). Ab Freitag, 8. Juli 2022, weht vor dem Rathaus wieder die Flagge des weltweiten B\u00fcndnisses der Mayors for Peace. Mehr als 500 St\u00e4dte in Deutschland zeigen mit der Aktion in diesem Jahr ihre Solidarit\u00e4t mit der Ukraine und setzen sich f\u00fcr eine friedliche Welt ohne Atomwaffen ein. Mit dem russischen Angriff auf die [&hellip;]<\/p>\n","protected":false},"author":2,"featured_media":42000,"comment_status":"closed","ping_status":"closed","sticky":false,"template":"","format":"standard","meta":{"jnews-multi-image_gallery":[],"jnews_single_post":{"subtitle":"Geesthacht zeigt wieder Flagge f\u00fcr den Frieden und gegen Atomwaffen","format":"standard","video":"","gallery":"","source_name":"","source_url":"","via_name":"","via_url":"","override_template":"0","override":[{"template":"1","single_blog_custom":"","parallax":"1","fullscreen":"1","layout":"right-sidebar","sidebar":"default-sidebar","second_sidebar":"default-sidebar","sticky_sidebar":"1","share_position":"top","share_float_style":"share-monocrhome","show_share_counter":"0","show_view_counter":"1","show_featured":"1","show_post_meta":"1","show_post_author":"1","show_post_author_image":"1","show_post_date":"1","post_date_format":"default","post_date_format_custom":"Y\/m\/d","show_post_category":"0","show_post_reading_time":"0","post_reading_time_wpm":"300","show_zoom_button":"0","zoom_button_out_step":"2","zoom_button_in_step":"3","show_post_tag":"1","show_prev_next_post":"0","show_popup_post":"1","number_popup_post":"1","show_author_box":"1","show_post_related":"1","show_inline_post_related":"0"}],"override_image_size":"0","image_override":[{"single_post_thumbnail_size":"crop-500","single_post_gallery_size":"crop-500"}],"trending_post":"0","trending_post_position":"meta","trending_post_label":"Trending","sponsored_post":"0","sponsored_post_label":"Sponsored by","sponsored_post_name":"","sponsored_post_url":"","sponsored_post_logo_enable":"0","sponsored_post_logo":"","sponsored_post_desc":"","disable_ad":"0"},"jnews_primary_category":{"id":""},"jnews_social_meta":{"fb_title":"","fb_description":"","fb_image":"","twitter_title":"","twitter_description":"","twitter_image":""},"jnews_override_counter":{"override_view_counter":"0","view_counter_number":"0","override_share_counter":"0","share_counter_number":"0","override_like_counter":"0","like_counter_number":"0","override_dislike_counter":"0","dislike_counter_number":"0"},"jnews_post_split":{"enable_post_split":"0","post_split":[{"template":"1","tag":"h2","numbering":"asc","mode":"normal","first":"0","enable_toc":"0","toc_type":"normal"}]},"footnotes":""},"categories":[2625,63],"tags":[3335,482,3257],"class_list":["post-41999","post","type-post","status-publish","format-standard","has-post-thumbnail","hentry","category-geesthacht","category-herzogtum-lauenburg","tag-buergermeister","tag-frieden","tag-ukraine"],"_links":{"self":[{"href":"https:\/\/herzogtum-direkt.de\/index.php\/wp-json\/wp\/v2\/posts\/41999","targetHints":{"allow":["GET"]}}],"collection":[{"href":"https:\/\/herzogtum-direkt.de\/index.php\/wp-json\/wp\/v2\/posts"}],"about":[{"href":"https:\/\/herzogtum-direkt.de\/index.php\/wp-json\/wp\/v2\/types\/post"}],"author":[{"embeddable":true,"href":"https:\/\/herzogtum-direkt.de\/index.php\/wp-json\/wp\/v2\/users\/2"}],"replies":[{"embeddable":true,"href":"https:\/\/herzogtum-direkt.de\/index.php\/wp-json\/wp\/v2\/comments?post=41999"}],"version-history":[{"count":2,"href":"https:\/\/herzogtum-direkt.de\/index.php\/wp-json\/wp\/v2\/posts\/41999\/revisions"}],"predecessor-version":[{"id":42003,"href":"https:\/\/herzogtum-direkt.de\/index.php\/wp-json\/wp\/v2\/posts\/41999\/revisions\/42003"}],"wp:featuredmedia":[{"embeddable":true,"href":"https:\/\/herzogtum-direkt.de\/index.php\/wp-json\/wp\/v2\/media\/42000"}],"wp:attachment":[{"href":"https:\/\/herzogtum-direkt.de\/index.php\/wp-json\/wp\/v2\/media?parent=41999"}],"wp:term":[{"taxonomy":"category","embeddable":true,"href":"https:\/\/herzogtum-direkt.de\/index.php\/wp-json\/wp\/v2\/categories?post=41999"},{"taxonomy":"post_tag","embeddable":true,"href":"https:\/\/herzogtum-direkt.de\/index.php\/wp-json\/wp\/v2\/tags?post=41999"}],"curies":[{"name":"wp","href":"https:\/\/api.w.org\/{rel}","templated":true}]}}