{"id":41708,"date":"2022-06-22T17:22:45","date_gmt":"2022-06-22T15:22:45","guid":{"rendered":"https:\/\/herzogtum-direkt.de\/?p=41708"},"modified":"2022-06-22T17:22:46","modified_gmt":"2022-06-22T15:22:46","slug":"erster-fall-von-affenpocken-im-kreis-herzogtum-lauenburg-nachgewiesen","status":"publish","type":"post","link":"https:\/\/herzogtum-direkt.de\/index.php\/2022\/06\/22\/erster-fall-von-affenpocken-im-kreis-herzogtum-lauenburg-nachgewiesen\/","title":{"rendered":"Erster Fall von Affenpocken im Kreis Herzogtum Lauenburg nachgewiesen"},"content":{"rendered":"\n<p><strong>Herzogtum Lauenburg (pm).<\/strong> Im Kreis Herzogtum Lauenburg wurde heute, 22.06.2022, der erste Fall von Affenpocken nachgewiesen. Bei dem Erkrankten handelt es sich um eine erwachsene m\u00e4nnliche Person, die sich nach den Erkenntnissen des Fachdienstes Gesundheit der Kreisverwaltung auf einer Reise infiziert hat.<\/p>\n\n\n\n<p>Die Kontaktpersonenermittlung ergab f\u00fcr den Kreis Herzogtum Lauenburg keine relevanten Kontaktpersonen. F\u00fcr den Patienten ist nun h\u00e4usliche Isolierung entsprechend der Empfehlung des Robert-Koch-Instituts (RKI) angeordnet. Landrat Dr. Christoph Mager betont: \u201eDa die \u00dcbertragung des Affenpockenvirus von Mensch zu Mensch selten und bei engem Kontakt m\u00f6glich ist und in diesem Fall keine relevanten Kontakte im Kreis Herzogtum Lauenburg stattgefunden haben, gehen wir aktuell nicht von einer Ausbreitung in der Region aus.\u201c<\/p>\n\n\n\n<p>Allgemeine Informationen zum Affenpocken-Virus sind auf folgenden Seiten als FAQs zusammengefasst: <a href=\"https:\/\/www.rki.de\/SharedDocs\/FAQ\/Affenpocken\/affenpocken_gesamt.html\" target=\"_blank\" rel=\"noreferrer noopener\">RKI &#8211; Affenpocken &#8211; Antworten auf h\u00e4ufig gestellte Fragen zu Affenpocken<\/a><\/p>\n","protected":false},"excerpt":{"rendered":"<p>Herzogtum Lauenburg (pm). Im Kreis Herzogtum Lauenburg wurde heute, 22.06.2022, der erste Fall von Affenpocken nachgewiesen. Bei dem Erkrankten handelt es sich um eine erwachsene m\u00e4nnliche Person, die sich nach den Erkenntnissen des Fachdienstes Gesundheit der Kreisverwaltung auf einer Reise infiziert hat. Die Kontaktpersonenermittlung ergab f\u00fcr den Kreis Herzogtum Lauenburg keine relevanten Kontaktpersonen. F\u00fcr den [&hellip;]<\/p>\n","protected":false},"author":2,"featured_media":41709,"comment_status":"closed","ping_status":"closed","sticky":false,"template":"","format":"standard","meta":{"jnews-multi-image_gallery":[],"jnews_single_post":{"subtitle":"","format":"standard","video":"","gallery":"","source_name":"","source_url":"","via_name":"","via_url":"","override_template":"0","override":[{"template":"1","single_blog_custom":"","parallax":"1","fullscreen":"1","layout":"right-sidebar","sidebar":"default-sidebar","second_sidebar":"default-sidebar","sticky_sidebar":"1","share_position":"top","share_float_style":"share-monocrhome","show_share_counter":"0","show_view_counter":"1","show_featured":"1","show_post_meta":"1","show_post_author":"1","show_post_author_image":"1","show_post_date":"1","post_date_format":"default","post_date_format_custom":"Y\/m\/d","show_post_category":"0","show_post_reading_time":"0","post_reading_time_wpm":"300","show_zoom_button":"0","zoom_button_out_step":"2","zoom_button_in_step":"3","show_post_tag":"1","show_prev_next_post":"0","show_popup_post":"1","number_popup_post":"1","show_author_box":"1","show_post_related":"1","show_inline_post_related":"0"}],"override_image_size":"0","image_override":[{"single_post_thumbnail_size":"crop-500","single_post_gallery_size":"crop-500"}],"trending_post":"0","trending_post_position":"meta","trending_post_label":"Trending","sponsored_post":"0","sponsored_post_label":"Sponsored by","sponsored_post_name":"","sponsored_post_url":"","sponsored_post_logo_enable":"0","sponsored_post_logo":"","sponsored_post_desc":"","disable_ad":"0"},"jnews_primary_category":{"id":""},"jnews_social_meta":{"fb_title":"","fb_description":"","fb_image":"","twitter_title":"","twitter_description":"","twitter_image":""},"jnews_override_counter":{"override_view_counter":"0","view_counter_number":"0","override_share_counter":"0","share_counter_number":"0","override_like_counter":"0","like_counter_number":"0","override_dislike_counter":"0","dislike_counter_number":"0"},"jnews_post_split":{"enable_post_split":"0","post_split":[{"template":"1","tag":"h2","numbering":"asc","mode":"normal","first":"0","enable_toc":"0","toc_type":"normal"}]},"footnotes":""},"categories":[75,2],"tags":[3391],"class_list":["post-41708","post","type-post","status-publish","format-standard","has-post-thumbnail","hentry","category-gesundheit","category-startseite","tag-affenpocken"],"_links":{"self":[{"href":"https:\/\/herzogtum-direkt.de\/index.php\/wp-json\/wp\/v2\/posts\/41708","targetHints":{"allow":["GET"]}}],"collection":[{"href":"https:\/\/herzogtum-direkt.de\/index.php\/wp-json\/wp\/v2\/posts"}],"about":[{"href":"https:\/\/herzogtum-direkt.de\/index.php\/wp-json\/wp\/v2\/types\/post"}],"author":[{"embeddable":true,"href":"https:\/\/herzogtum-direkt.de\/index.php\/wp-json\/wp\/v2\/users\/2"}],"replies":[{"embeddable":true,"href":"https:\/\/herzogtum-direkt.de\/index.php\/wp-json\/wp\/v2\/comments?post=41708"}],"version-history":[{"count":1,"href":"https:\/\/herzogtum-direkt.de\/index.php\/wp-json\/wp\/v2\/posts\/41708\/revisions"}],"predecessor-version":[{"id":41710,"href":"https:\/\/herzogtum-direkt.de\/index.php\/wp-json\/wp\/v2\/posts\/41708\/revisions\/41710"}],"wp:featuredmedia":[{"embeddable":true,"href":"https:\/\/herzogtum-direkt.de\/index.php\/wp-json\/wp\/v2\/media\/41709"}],"wp:attachment":[{"href":"https:\/\/herzogtum-direkt.de\/index.php\/wp-json\/wp\/v2\/media?parent=41708"}],"wp:term":[{"taxonomy":"category","embeddable":true,"href":"https:\/\/herzogtum-direkt.de\/index.php\/wp-json\/wp\/v2\/categories?post=41708"},{"taxonomy":"post_tag","embeddable":true,"href":"https:\/\/herzogtum-direkt.de\/index.php\/wp-json\/wp\/v2\/tags?post=41708"}],"curies":[{"name":"wp","href":"https:\/\/api.w.org\/{rel}","templated":true}]}}