{"id":41369,"date":"2022-06-12T06:36:00","date_gmt":"2022-06-12T04:36:00","guid":{"rendered":"https:\/\/herzogtum-direkt.de\/?p=41369"},"modified":"2022-06-10T11:43:50","modified_gmt":"2022-06-10T09:43:50","slug":"kreisgruene-waehlen-neuen-vorstand","status":"publish","type":"post","link":"https:\/\/herzogtum-direkt.de\/index.php\/2022\/06\/12\/kreisgruene-waehlen-neuen-vorstand\/","title":{"rendered":"Kreisgr\u00fcne w\u00e4hlen neuen Vorstand"},"content":{"rendered":"\n<p><strong>Herzogtum Lauenburg (pm).<\/strong> Bei der Mitgliederversammlung am 8. Juni 2022 standen f\u00fcr den Kreisverband von B\u00dcNDNIS 90\/DIE GR\u00dcNEN des Herzogtums Lauenburg turnusm\u00e4\u00dfig die Vorstandswahlen an. Paula Meinke aus M\u00f6lln und Andreas Marquardt aus Sandesneben wurden mit gro\u00dfer Mehrheit gew\u00e4hlt und werden zuk\u00fcnftig die Kreisgr\u00fcnen als neues SprecherInnen-Team vertreten. Die Schatzmeisterei wird kommissarisch von Marcus Worm weitergef\u00fchrt. Zudem w\u00e4hlten die Kreismitglieder Mechthild Rosker und Daniel van Eijden als Kassenpr\u00fcfende.<\/p>\n\n\n\n<p>Die aktuelle Sprecherin, Laura Schwabe, stellte sich nicht erneut zur Wahl. Nach zwei intensiven Jahren mit Bundestags- und Landtagswahlen m\u00f6chte sie sich wieder mehr Zeit f\u00fcr die Familie nehmen. Der ehemalige Sprecher, Torsten Dreyer, trat schon Ende letzten Jahres aus beruflichen Gr\u00fcnden zur\u00fcck. Die 23-j\u00e4hrige Studentin Paula Meinke hat den Vorstand in den vergangenen zwei Jahren als Beisitzerin unterst\u00fctzt und bringt somit einige Erfahrung in der Vorstandsarbeit mit. Andreas Marquardt ist 49 Jahre alt und als Polizeibeamter in der Informationstechnik t\u00e4tig.<\/p>\n\n\n\n<p>Nach einer entsprechenden Satzungs\u00e4nderung wird zuk\u00fcnftig ein entsandtes Mitglied der GR\u00dcNEN Jugend des Kreises den Vorstand verst\u00e4rken. Hierf\u00fcr best\u00e4tigte die Versammlung den von der GR\u00dcNEN Jugend nominierten Dennis Zdunek. Zwei neue Beisitzende werden auf der n\u00e4chsten Sitzung des erweiterten Kreisvorstandes bestimmt. Sie werden damit den 6-k\u00f6pfigen gesch\u00e4ftsf\u00fchrenden Vorstand vervollst\u00e4ndigen. Das neue Vorstandsteam freut sich \u00fcber den gro\u00dfen Zuspruch und startet motiviert in die Zusammenarbeit mit seinem Kreisverband. Eine der ersten Aufgaben wird die Vorbereitung der im Fr\u00fchjahr 2023 anstehenden Kommunalwahlen sein.<\/p>\n","protected":false},"excerpt":{"rendered":"<p>Herzogtum Lauenburg (pm). Bei der Mitgliederversammlung am 8. Juni 2022 standen f\u00fcr den Kreisverband von B\u00dcNDNIS 90\/DIE GR\u00dcNEN des Herzogtums Lauenburg turnusm\u00e4\u00dfig die Vorstandswahlen an. Paula Meinke aus M\u00f6lln und Andreas Marquardt aus Sandesneben wurden mit gro\u00dfer Mehrheit gew\u00e4hlt und werden zuk\u00fcnftig die Kreisgr\u00fcnen als neues SprecherInnen-Team vertreten. Die Schatzmeisterei wird kommissarisch von Marcus Worm [&hellip;]<\/p>\n","protected":false},"author":2,"featured_media":41370,"comment_status":"closed","ping_status":"closed","sticky":false,"template":"","format":"standard","meta":{"jnews-multi-image_gallery":[],"jnews_single_post":{"subtitle":"","format":"standard","video":"","gallery":"","source_name":"","source_url":"","via_name":"","via_url":"","override_template":"0","override":[{"template":"1","single_blog_custom":"","parallax":"1","fullscreen":"1","layout":"right-sidebar","sidebar":"default-sidebar","second_sidebar":"default-sidebar","sticky_sidebar":"1","share_position":"top","share_float_style":"share-monocrhome","show_share_counter":"0","show_view_counter":"1","show_featured":"1","show_post_meta":"1","show_post_author":"1","show_post_author_image":"1","show_post_date":"1","post_date_format":"default","post_date_format_custom":"Y\/m\/d","show_post_category":"0","show_post_reading_time":"0","post_reading_time_wpm":"300","show_zoom_button":"0","zoom_button_out_step":"2","zoom_button_in_step":"3","show_post_tag":"1","show_prev_next_post":"0","show_popup_post":"1","number_popup_post":"1","show_author_box":"1","show_post_related":"1","show_inline_post_related":"0"}],"override_image_size":"0","image_override":[{"single_post_thumbnail_size":"crop-500","single_post_gallery_size":"crop-500"}],"trending_post":"0","trending_post_position":"meta","trending_post_label":"Trending","sponsored_post":"0","sponsored_post_label":"Sponsored by","sponsored_post_name":"","sponsored_post_url":"","sponsored_post_logo_enable":"0","sponsored_post_logo":"","sponsored_post_desc":"","disable_ad":"0"},"jnews_primary_category":{"id":""},"jnews_social_meta":{"fb_title":"","fb_description":"","fb_image":"","twitter_title":"","twitter_description":"","twitter_image":""},"jnews_override_counter":{"override_view_counter":"0","view_counter_number":"0","override_share_counter":"0","share_counter_number":"0","override_like_counter":"0","like_counter_number":"0","override_dislike_counter":"0","dislike_counter_number":"0"},"jnews_post_split":{"enable_post_split":"0","post_split":[{"template":"1","tag":"h2","numbering":"asc","mode":"normal","first":"0","enable_toc":"0","toc_type":"normal"}]},"footnotes":""},"categories":[63,74,73],"tags":[144,728,348],"class_list":["post-41369","post","type-post","status-publish","format-standard","has-post-thumbnail","hentry","category-herzogtum-lauenburg","category-jugend-direkt","category-landleute","tag-buendnis-90-die-gruene","tag-gruene","tag-wahlen"],"_links":{"self":[{"href":"https:\/\/herzogtum-direkt.de\/index.php\/wp-json\/wp\/v2\/posts\/41369","targetHints":{"allow":["GET"]}}],"collection":[{"href":"https:\/\/herzogtum-direkt.de\/index.php\/wp-json\/wp\/v2\/posts"}],"about":[{"href":"https:\/\/herzogtum-direkt.de\/index.php\/wp-json\/wp\/v2\/types\/post"}],"author":[{"embeddable":true,"href":"https:\/\/herzogtum-direkt.de\/index.php\/wp-json\/wp\/v2\/users\/2"}],"replies":[{"embeddable":true,"href":"https:\/\/herzogtum-direkt.de\/index.php\/wp-json\/wp\/v2\/comments?post=41369"}],"version-history":[{"count":1,"href":"https:\/\/herzogtum-direkt.de\/index.php\/wp-json\/wp\/v2\/posts\/41369\/revisions"}],"predecessor-version":[{"id":41371,"href":"https:\/\/herzogtum-direkt.de\/index.php\/wp-json\/wp\/v2\/posts\/41369\/revisions\/41371"}],"wp:featuredmedia":[{"embeddable":true,"href":"https:\/\/herzogtum-direkt.de\/index.php\/wp-json\/wp\/v2\/media\/41370"}],"wp:attachment":[{"href":"https:\/\/herzogtum-direkt.de\/index.php\/wp-json\/wp\/v2\/media?parent=41369"}],"wp:term":[{"taxonomy":"category","embeddable":true,"href":"https:\/\/herzogtum-direkt.de\/index.php\/wp-json\/wp\/v2\/categories?post=41369"},{"taxonomy":"post_tag","embeddable":true,"href":"https:\/\/herzogtum-direkt.de\/index.php\/wp-json\/wp\/v2\/tags?post=41369"}],"curies":[{"name":"wp","href":"https:\/\/api.w.org\/{rel}","templated":true}]}}