{"id":41158,"date":"2022-06-06T06:20:00","date_gmt":"2022-06-06T04:20:00","guid":{"rendered":"https:\/\/herzogtum-direkt.de\/?p=41158"},"modified":"2022-06-02T11:25:05","modified_gmt":"2022-06-02T09:25:05","slug":"die-moellner-goldkehlen-proben-jetzt-im-robert-koch-park","status":"publish","type":"post","link":"https:\/\/herzogtum-direkt.de\/index.php\/2022\/06\/06\/die-moellner-goldkehlen-proben-jetzt-im-robert-koch-park\/","title":{"rendered":"\u201eDie\u00a0M\u00f6llner\u00a0Goldkehlen\u201c\u00a0proben\u00a0jetzt\u00a0im\u00a0Robert-Koch-Park"},"content":{"rendered":"\n<p><strong>M\u00f6lln (pm).<\/strong> Singen kommt bei den M\u00f6llnern gut an. So gut, dass \u201eDie M\u00f6llner Goldkehlen \u2013 Ein Chor f\u00fcr Menschen mit und ohne Demenz\u201c nach nur f\u00fcnf Proben mehr Platz brauchen.<\/p>\n\n\n\n<p>\u201eEs ist eng geworden im TREFFPUNKT TROTZDEMenz in der Hauptstra\u00dfe 43\u201c, sagt Barbara Hergert, Projektleiterin von der Koordinierungsstelle Demenz. \u201eAber es gibt eine sehr gute Alternative: Die Chorproben unter der Leitung von Andrea Battige k\u00f6nnen zuk\u00fcnftig im Robert-Koch-Park stattfinden. Davon haben alle was: Der Chor bekommt ausreichend Platz und kann weiterwachsen. Und auch Menschen, die dort arbeiten und leben, haben die M\u00f6glichkeit, beim Chor mitzumachen.\u201c Unterst\u00fctzung daf\u00fcr gab es von der Kulturwerkstatt des LHW M\u00f6lln-Hagenow, die bereits zuvor mit der Koordinierungsstelle Demenz zusammengearbeitet hat.<\/p>\n\n\n\n<p>Am Donnerstag, 9. Juni um 9.45 Uhr geht es in der Hindenburgstra\u00dfe 13 in der 2. Etage los (barrierefreier Zugang). Der neue Probenort ist gut mit dem Bus erreichbar, zudem gibt es dort ausreichend Parkm\u00f6glichkeiten. Weitere Infos und Anmeldung unter der Telefonnummer 04542-83 84 670 und\u00a0<a rel=\"noreferrer noopener\" href=\"mailto:info@koordinierungsstelle-demenz.de\" target=\"_blank\">info@koordinierungsstelle-demenz.de<\/a>. \u201eDie M\u00f6llner Goldkehlen &#8211; ein Chor f\u00fcr Menschen mit und ohne Demenz\u201c ist ein Projekt der Gemeinschaft Pflegeberatung im Kreis Herzogtum Lauenburg, durchgef\u00fchrt von der Koordinierungsstelle Demenz. Es wird im Rahmen der \u201eLokalen Allianzen f\u00fcr Menschen mit Demenz\u201c vom Bundesministerium f\u00fcr Familie, Senioren, Frauen und Jugend gef\u00f6rdert.<\/p>\n","protected":false},"excerpt":{"rendered":"<p>M\u00f6lln (pm). Singen kommt bei den M\u00f6llnern gut an. So gut, dass \u201eDie M\u00f6llner Goldkehlen \u2013 Ein Chor f\u00fcr Menschen mit und ohne Demenz\u201c nach nur f\u00fcnf Proben mehr Platz brauchen. \u201eEs ist eng geworden im TREFFPUNKT TROTZDEMenz in der Hauptstra\u00dfe 43\u201c, sagt Barbara Hergert, Projektleiterin von der Koordinierungsstelle Demenz. \u201eAber es gibt eine sehr [&hellip;]<\/p>\n","protected":false},"author":2,"featured_media":38488,"comment_status":"closed","ping_status":"closed","sticky":false,"template":"","format":"standard","meta":{"jnews-multi-image_gallery":[],"jnews_single_post":{"subtitle":"","format":"standard","video":"","gallery":"","source_name":"","source_url":"","via_name":"","via_url":"","override_template":"0","override":[{"template":"1","single_blog_custom":"","parallax":"1","fullscreen":"1","layout":"right-sidebar","sidebar":"default-sidebar","second_sidebar":"default-sidebar","sticky_sidebar":"1","share_position":"top","share_float_style":"share-monocrhome","show_share_counter":"0","show_view_counter":"1","show_featured":"1","show_post_meta":"1","show_post_author":"1","show_post_author_image":"1","show_post_date":"1","post_date_format":"default","post_date_format_custom":"Y\/m\/d","show_post_category":"0","show_post_reading_time":"0","post_reading_time_wpm":"300","show_zoom_button":"0","zoom_button_out_step":"2","zoom_button_in_step":"3","show_post_tag":"1","show_prev_next_post":"0","show_popup_post":"1","number_popup_post":"1","show_author_box":"1","show_post_related":"1","show_inline_post_related":"0"}],"override_image_size":"0","image_override":[{"single_post_thumbnail_size":"crop-500","single_post_gallery_size":"crop-500"}],"trending_post":"0","trending_post_position":"meta","trending_post_label":"Trending","sponsored_post":"0","sponsored_post_label":"Sponsored by","sponsored_post_name":"","sponsored_post_url":"","sponsored_post_logo_enable":"0","sponsored_post_logo":"","sponsored_post_desc":"","disable_ad":"0"},"jnews_primary_category":{"id":""},"jnews_social_meta":{"fb_title":"","fb_description":"","fb_image":"","twitter_title":"","twitter_description":"","twitter_image":""},"jnews_override_counter":{"override_view_counter":"0","view_counter_number":"0","override_share_counter":"0","share_counter_number":"0","override_like_counter":"0","like_counter_number":"0","override_dislike_counter":"0","dislike_counter_number":"0"},"jnews_post_split":{"enable_post_split":"0","post_split":[{"template":"1","tag":"h2","numbering":"asc","mode":"normal","first":"0","enable_toc":"0","toc_type":"normal"}]},"footnotes":""},"categories":[63,73,66],"tags":[571,1444,1612,3345],"class_list":["post-41158","post","type-post","status-publish","format-standard","has-post-thumbnail","hentry","category-herzogtum-lauenburg","category-landleute","category-moelln","tag-chorprojekt","tag-demenz","tag-robert-koch-park","tag-singen"],"_links":{"self":[{"href":"https:\/\/herzogtum-direkt.de\/index.php\/wp-json\/wp\/v2\/posts\/41158","targetHints":{"allow":["GET"]}}],"collection":[{"href":"https:\/\/herzogtum-direkt.de\/index.php\/wp-json\/wp\/v2\/posts"}],"about":[{"href":"https:\/\/herzogtum-direkt.de\/index.php\/wp-json\/wp\/v2\/types\/post"}],"author":[{"embeddable":true,"href":"https:\/\/herzogtum-direkt.de\/index.php\/wp-json\/wp\/v2\/users\/2"}],"replies":[{"embeddable":true,"href":"https:\/\/herzogtum-direkt.de\/index.php\/wp-json\/wp\/v2\/comments?post=41158"}],"version-history":[{"count":1,"href":"https:\/\/herzogtum-direkt.de\/index.php\/wp-json\/wp\/v2\/posts\/41158\/revisions"}],"predecessor-version":[{"id":41159,"href":"https:\/\/herzogtum-direkt.de\/index.php\/wp-json\/wp\/v2\/posts\/41158\/revisions\/41159"}],"wp:featuredmedia":[{"embeddable":true,"href":"https:\/\/herzogtum-direkt.de\/index.php\/wp-json\/wp\/v2\/media\/38488"}],"wp:attachment":[{"href":"https:\/\/herzogtum-direkt.de\/index.php\/wp-json\/wp\/v2\/media?parent=41158"}],"wp:term":[{"taxonomy":"category","embeddable":true,"href":"https:\/\/herzogtum-direkt.de\/index.php\/wp-json\/wp\/v2\/categories?post=41158"},{"taxonomy":"post_tag","embeddable":true,"href":"https:\/\/herzogtum-direkt.de\/index.php\/wp-json\/wp\/v2\/tags?post=41158"}],"curies":[{"name":"wp","href":"https:\/\/api.w.org\/{rel}","templated":true}]}}