{"id":40730,"date":"2022-05-21T12:35:00","date_gmt":"2022-05-21T10:35:00","guid":{"rendered":"https:\/\/herzogtum-direkt.de\/?p=40730"},"modified":"2022-05-20T12:39:59","modified_gmt":"2022-05-20T10:39:59","slug":"sport-im-park-startet-wieder","status":"publish","type":"post","link":"https:\/\/herzogtum-direkt.de\/index.php\/2022\/05\/21\/sport-im-park-startet-wieder\/","title":{"rendered":"Sport im Park\u201c startet wieder"},"content":{"rendered":"\n<p><strong>Geesthacht (pm).<\/strong> Geesthacht ist wieder in Bewegung: Denn nach einem Jahr coronabedingter Pause startet die Veranstaltungsreihe \u201eSport im Park\u201c wieder. Und das bedeutet: Organisiert vom Fachdienst Bildung der Geesthachter Stadtverwaltung wird unter freiem Himmel trainiert, getanzt, entspannt und gedehnt \u2013 unverbindlich und kostenfrei.<\/p>\n\n\n\n<p>\u201eDas Angebot richtet sich an untrainierte und sportliche Personen aller Altersgruppen. Auch Menschen mit Beeintr\u00e4chtigungen k\u00f6nnen mitmachen\u201c, erkl\u00e4rt Isabel Stamer vom Fachdienst Bildung. Jazz-Dance auf dem Menzer-Werft-Platz, Yoga im Stadtpark und&nbsp;Joggen durch Geesthacht&nbsp;&#8211; damit das Kursangebot in diesem Jahr mindestens so vielf\u00e4ltig wie bei der vorherigen Auflage wird, sucht der Fachdienst Bildung noch weitere Trainer und \u00dcbungsleiter, die im August und September ein bis zwei Mal in der Woche Gesundheits- und Fitnessangebote machen k\u00f6nnen. Interessierte m\u00f6gen das auf der st\u00e4dtischen Website (<a href=\"http:\/\/www.geesthacht.de\/\" target=\"_blank\" rel=\"noreferrer noopener\">www.geesthacht.de<\/a>) hinterlegte Formular ausf\u00fcllen und bis zum 6. Juni per E-Mail an&nbsp;Sport-im-Park@geesthacht.de&nbsp;oder per Post an Stadt Geesthacht \/ FD Bildung- SIP \/ Markt 15 \/ 21502 Geestacht senden.<\/p>\n\n\n\n<p>Das komplette Programm wird im Laufe des Monats Juli auf der Website der Stadt Geesthacht ver\u00f6ffentlicht. Beginn der Kurse ist dann am 1. August 2022. \u201eBei Sport im Park geht es darum, m\u00f6glichst viele Personen auf unkomplizierte Weise f\u00fcr Bewegung zu begeistert. Jede und jeder kann sich t\u00e4glich neu \u00fcberlegen, ob sie oder er bei einem Angebot mitmachen m\u00f6chte. Denn Sport macht nicht nur gute Laune, sondern ist auch gesund\u201c, betont Victoria Wilke, die die Open-Air-Reihe gemeinsam mit Isabel Stamer organisiert.<\/p>\n","protected":false},"excerpt":{"rendered":"<p>Geesthacht (pm). Geesthacht ist wieder in Bewegung: Denn nach einem Jahr coronabedingter Pause startet die Veranstaltungsreihe \u201eSport im Park\u201c wieder. Und das bedeutet: Organisiert vom Fachdienst Bildung der Geesthachter Stadtverwaltung wird unter freiem Himmel trainiert, getanzt, entspannt und gedehnt \u2013 unverbindlich und kostenfrei. \u201eDas Angebot richtet sich an untrainierte und sportliche Personen aller Altersgruppen. Auch [&hellip;]<\/p>\n","protected":false},"author":2,"featured_media":40731,"comment_status":"closed","ping_status":"closed","sticky":false,"template":"","format":"standard","meta":{"jnews-multi-image_gallery":[],"jnews_single_post":{"subtitle":"\u00dcbungsleiterinnen und \u00dcbungsleiter gesucht","format":"standard","video":"","gallery":"","source_name":"","source_url":"","via_name":"","via_url":"","override_template":"0","override":[{"template":"1","single_blog_custom":"","parallax":"1","fullscreen":"1","layout":"right-sidebar","sidebar":"default-sidebar","second_sidebar":"default-sidebar","sticky_sidebar":"1","share_position":"top","share_float_style":"share-monocrhome","show_share_counter":"0","show_view_counter":"1","show_featured":"1","show_post_meta":"1","show_post_author":"1","show_post_author_image":"1","show_post_date":"1","post_date_format":"default","post_date_format_custom":"Y\/m\/d","show_post_category":"0","show_post_reading_time":"0","post_reading_time_wpm":"300","show_zoom_button":"0","zoom_button_out_step":"2","zoom_button_in_step":"3","show_post_tag":"1","show_prev_next_post":"0","show_popup_post":"1","number_popup_post":"1","show_author_box":"1","show_post_related":"1","show_inline_post_related":"0"}],"override_image_size":"0","image_override":[{"single_post_thumbnail_size":"crop-500","single_post_gallery_size":"crop-500"}],"trending_post":"0","trending_post_position":"meta","trending_post_label":"Trending","sponsored_post":"0","sponsored_post_label":"Sponsored by","sponsored_post_name":"","sponsored_post_url":"","sponsored_post_logo_enable":"0","sponsored_post_logo":"","sponsored_post_desc":"","disable_ad":"0"},"jnews_primary_category":{"id":""},"jnews_social_meta":{"fb_title":"","fb_description":"","fb_image":"","twitter_title":"","twitter_description":"","twitter_image":""},"jnews_override_counter":{"override_view_counter":"0","view_counter_number":"0","override_share_counter":"0","share_counter_number":"0","override_like_counter":"0","like_counter_number":"0","override_dislike_counter":"0","dislike_counter_number":"0"},"jnews_post_split":{"enable_post_split":"0","post_split":[{"template":"1","tag":"h2","numbering":"asc","mode":"normal","first":"0","enable_toc":"0","toc_type":"normal"}]},"footnotes":""},"categories":[2625,63,71],"tags":[1773,668,1700],"class_list":["post-40730","post","type-post","status-publish","format-standard","has-post-thumbnail","hentry","category-geesthacht","category-herzogtum-lauenburg","category-sport","tag-sport","tag-uebungsleiter","tag-uebungsleiterlizenz"],"_links":{"self":[{"href":"https:\/\/herzogtum-direkt.de\/index.php\/wp-json\/wp\/v2\/posts\/40730","targetHints":{"allow":["GET"]}}],"collection":[{"href":"https:\/\/herzogtum-direkt.de\/index.php\/wp-json\/wp\/v2\/posts"}],"about":[{"href":"https:\/\/herzogtum-direkt.de\/index.php\/wp-json\/wp\/v2\/types\/post"}],"author":[{"embeddable":true,"href":"https:\/\/herzogtum-direkt.de\/index.php\/wp-json\/wp\/v2\/users\/2"}],"replies":[{"embeddable":true,"href":"https:\/\/herzogtum-direkt.de\/index.php\/wp-json\/wp\/v2\/comments?post=40730"}],"version-history":[{"count":1,"href":"https:\/\/herzogtum-direkt.de\/index.php\/wp-json\/wp\/v2\/posts\/40730\/revisions"}],"predecessor-version":[{"id":40732,"href":"https:\/\/herzogtum-direkt.de\/index.php\/wp-json\/wp\/v2\/posts\/40730\/revisions\/40732"}],"wp:featuredmedia":[{"embeddable":true,"href":"https:\/\/herzogtum-direkt.de\/index.php\/wp-json\/wp\/v2\/media\/40731"}],"wp:attachment":[{"href":"https:\/\/herzogtum-direkt.de\/index.php\/wp-json\/wp\/v2\/media?parent=40730"}],"wp:term":[{"taxonomy":"category","embeddable":true,"href":"https:\/\/herzogtum-direkt.de\/index.php\/wp-json\/wp\/v2\/categories?post=40730"},{"taxonomy":"post_tag","embeddable":true,"href":"https:\/\/herzogtum-direkt.de\/index.php\/wp-json\/wp\/v2\/tags?post=40730"}],"curies":[{"name":"wp","href":"https:\/\/api.w.org\/{rel}","templated":true}]}}