{"id":40618,"date":"2022-05-18T11:02:22","date_gmt":"2022-05-18T09:02:22","guid":{"rendered":"https:\/\/herzogtum-direkt.de\/?p=40618"},"modified":"2022-05-18T11:02:22","modified_gmt":"2022-05-18T09:02:22","slug":"dialoge-zur-shoa-frauen-im-holocaust","status":"publish","type":"post","link":"https:\/\/herzogtum-direkt.de\/index.php\/2022\/05\/18\/dialoge-zur-shoa-frauen-im-holocaust\/","title":{"rendered":"Dialoge zur Shoa: Frauen im Holocaust"},"content":{"rendered":"\n<p><strong>Ratzeburg (pm).<\/strong> Im Rahmen ihrer \u201eDialoge zur Shoa\u201c zeigen der Verein Miteinander leben und die Volkshochschule Ratzeburg und Umland in der Zeit vom 31. Mai bis 21. Juni 2022 in der Stadtb\u00fccherei B\u00fccherei eine weitere\u00a0Ausstellung der Holocaustgedenkst\u00e4tte Yad Vashem mit dem Titel &#8222;Lichter im Dunkeln&#8220;. Sie bringt die Stimme j\u00fcdischer Frauen w\u00e4hrend des Holocaust zur Geltung und pr\u00e4sentiert ihre Entscheidungen und Reaktionen auf die brutale und b\u00f6sartige Realit\u00e4t, der sie ausgesetzt waren.<\/p>\n\n\n\n<p>Die Ausstellung behandelt neun Schwerpunktthemen des allt\u00e4glichen \u00dcberlebenskampfes j\u00fcdischer Frauen: Liebe, Mutterschaft, Sorge f\u00fcr Andere, Weiblichkeit, Widerstand und Rettung, Freundschaft, Glaube, Essen und Kunst.&nbsp;Jeder Aspekt wird durch eine individuelle Geschichte verdeutlicht, die durch pers\u00f6nliche Dokumente oder Objekte wiedergegeben wird. So enth\u00fcllt die Ausstellung die konkreten Geschichten, die sich hinter historischen Ereignissen verbergen, und verleiht jenen, die in Finsternis und Anonymit\u00e4t versinken sollten, pers\u00f6nliche Gesichter und Stimmen.<\/p>\n\n\n\n<figure class=\"wp-block-image size-full\"><img fetchpriority=\"high\" decoding=\"async\" width=\"500\" height=\"716\" src=\"https:\/\/herzogtum-direkt.de\/wp-content\/uploads\/2022\/05\/Plakat-Lichter-im-Dunkel-Shoa-Ausstellung.png\" alt=\"\" class=\"wp-image-40619\" srcset=\"https:\/\/herzogtum-direkt.de\/wp-content\/uploads\/2022\/05\/Plakat-Lichter-im-Dunkel-Shoa-Ausstellung.png 500w, https:\/\/herzogtum-direkt.de\/wp-content\/uploads\/2022\/05\/Plakat-Lichter-im-Dunkel-Shoa-Ausstellung-209x300.png 209w\" sizes=\"(max-width: 500px) 100vw, 500px\" \/><figcaption>Das Plakat zur Ausstellung. Quelle: Stadt Ratzeburg, hfr<\/figcaption><\/figure>\n\n\n\n<p>Zur Ausstellungser\u00f6ffnung am 31. Mai 2022 um 17 Uhr wird Wencke Stegemann vom Projekt \u201eZUG\u00c4NGE ERWEITERN &#8211; Bildungsnetzwerkes Antisemitismus\u201c zur Kooperation mit der Holocaustgedenkst\u00e4tte Yad Vashem sprechen, die \u00fcber einen Staatsvertrag mit dem Land Schleswig-Holstein eine herausragende Bedeutung bei der Vermittlung von p\u00e4dagogischen Inhalten und Konzepten in der &#8222;Holocaust-Education&#8220; f\u00fcr Lehrkr\u00e4fte im Land einnimmt.&nbsp;<\/p>\n\n\n\n<p>Die Ausstellung ist w\u00e4hrend der allgemeinen \u00d6ffnungszeiten der Stadtb\u00fccherei zu sehen.&nbsp;Der Eintritt ist kostenlos. Ihre Pr\u00e4sentation wird gef\u00f6rdert durch die Partnerschaft f\u00fcr Demokratie der Stadt Ratzeburg und des Amtes Lauenburgische Seen im Rahmen des Bundesprogramms \u201eDemokratie leben!\u201c.&nbsp;<\/p>\n","protected":false},"excerpt":{"rendered":"<p>Ratzeburg (pm). Im Rahmen ihrer \u201eDialoge zur Shoa\u201c zeigen der Verein Miteinander leben und die Volkshochschule Ratzeburg und Umland in der Zeit vom 31. Mai bis 21. Juni 2022 in der Stadtb\u00fccherei B\u00fccherei eine weitere\u00a0Ausstellung der Holocaustgedenkst\u00e4tte Yad Vashem mit dem Titel &#8222;Lichter im Dunkeln&#8220;. Sie bringt die Stimme j\u00fcdischer Frauen w\u00e4hrend des Holocaust zur [&hellip;]<\/p>\n","protected":false},"author":2,"featured_media":33315,"comment_status":"closed","ping_status":"closed","sticky":false,"template":"","format":"standard","meta":{"jnews-multi-image_gallery":[],"jnews_single_post":{"subtitle":"Ausstellung in der Stadtb\u00fccherei","format":"standard","video":"","gallery":"","source_name":"","source_url":"","via_name":"","via_url":"","override_template":"0","override":[{"template":"1","single_blog_custom":"","parallax":"1","fullscreen":"1","layout":"right-sidebar","sidebar":"default-sidebar","second_sidebar":"default-sidebar","sticky_sidebar":"1","share_position":"top","share_float_style":"share-monocrhome","show_share_counter":"0","show_view_counter":"1","show_featured":"1","show_post_meta":"1","show_post_author":"1","show_post_author_image":"1","show_post_date":"1","post_date_format":"default","post_date_format_custom":"Y\/m\/d","show_post_category":"0","show_post_reading_time":"0","post_reading_time_wpm":"300","show_zoom_button":"0","zoom_button_out_step":"2","zoom_button_in_step":"3","show_post_tag":"1","show_prev_next_post":"0","show_popup_post":"1","number_popup_post":"1","show_author_box":"1","show_post_related":"1","show_inline_post_related":"0"}],"override_image_size":"0","image_override":[{"single_post_thumbnail_size":"crop-500","single_post_gallery_size":"crop-500"}],"trending_post":"0","trending_post_position":"meta","trending_post_label":"Trending","sponsored_post":"0","sponsored_post_label":"Sponsored by","sponsored_post_name":"","sponsored_post_url":"","sponsored_post_logo_enable":"0","sponsored_post_logo":"","sponsored_post_desc":"","disable_ad":"0"},"jnews_primary_category":{"id":""},"jnews_social_meta":{"fb_title":"","fb_description":"","fb_image":"","twitter_title":"","twitter_description":"","twitter_image":""},"jnews_override_counter":{"override_view_counter":"0","view_counter_number":"0","override_share_counter":"0","share_counter_number":"0","override_like_counter":"0","like_counter_number":"0","override_dislike_counter":"0","dislike_counter_number":"0"},"jnews_post_split":{"enable_post_split":"0","post_split":[{"template":"1","tag":"h2","numbering":"asc","mode":"normal","first":"0","enable_toc":"0","toc_type":"normal"}]},"footnotes":""},"categories":[63,73,64],"tags":[1888,1180,2039,682],"class_list":["post-40618","post","type-post","status-publish","format-standard","has-post-thumbnail","hentry","category-herzogtum-lauenburg","category-landleute","category-ratzeburg","tag-antisemitismus","tag-ausstellung","tag-stadtbuecherei-ratzeburg","tag-vhs-ratzeburg"],"_links":{"self":[{"href":"https:\/\/herzogtum-direkt.de\/index.php\/wp-json\/wp\/v2\/posts\/40618","targetHints":{"allow":["GET"]}}],"collection":[{"href":"https:\/\/herzogtum-direkt.de\/index.php\/wp-json\/wp\/v2\/posts"}],"about":[{"href":"https:\/\/herzogtum-direkt.de\/index.php\/wp-json\/wp\/v2\/types\/post"}],"author":[{"embeddable":true,"href":"https:\/\/herzogtum-direkt.de\/index.php\/wp-json\/wp\/v2\/users\/2"}],"replies":[{"embeddable":true,"href":"https:\/\/herzogtum-direkt.de\/index.php\/wp-json\/wp\/v2\/comments?post=40618"}],"version-history":[{"count":1,"href":"https:\/\/herzogtum-direkt.de\/index.php\/wp-json\/wp\/v2\/posts\/40618\/revisions"}],"predecessor-version":[{"id":40620,"href":"https:\/\/herzogtum-direkt.de\/index.php\/wp-json\/wp\/v2\/posts\/40618\/revisions\/40620"}],"wp:featuredmedia":[{"embeddable":true,"href":"https:\/\/herzogtum-direkt.de\/index.php\/wp-json\/wp\/v2\/media\/33315"}],"wp:attachment":[{"href":"https:\/\/herzogtum-direkt.de\/index.php\/wp-json\/wp\/v2\/media?parent=40618"}],"wp:term":[{"taxonomy":"category","embeddable":true,"href":"https:\/\/herzogtum-direkt.de\/index.php\/wp-json\/wp\/v2\/categories?post=40618"},{"taxonomy":"post_tag","embeddable":true,"href":"https:\/\/herzogtum-direkt.de\/index.php\/wp-json\/wp\/v2\/tags?post=40618"}],"curies":[{"name":"wp","href":"https:\/\/api.w.org\/{rel}","templated":true}]}}