{"id":40155,"date":"2022-05-05T11:28:50","date_gmt":"2022-05-05T09:28:50","guid":{"rendered":"https:\/\/herzogtum-direkt.de\/?p=40155"},"modified":"2022-05-05T11:28:50","modified_gmt":"2022-05-05T09:28:50","slug":"minikreisverkehre-fuer-geesthacht","status":"publish","type":"post","link":"https:\/\/herzogtum-direkt.de\/index.php\/2022\/05\/05\/minikreisverkehre-fuer-geesthacht\/","title":{"rendered":"Minikreisverkehre f\u00fcr Geesthacht"},"content":{"rendered":"\n<p><strong>Geesthacht (pm).<\/strong> Sie sollen Geesthachts Stra\u00dfen sicherer machen und den Verkehrsfluss optimieren &#8211; Minikreisverkehre. 2020 wurde bereits der Minikreisel im Kreuzungsbereich von Rathausstra\u00dfe, Lauenburger Stra\u00dfe und Hafenstra\u00dfe f\u00fcr den Stra\u00dfenverkehr freigegeben, nun soll ein zweiter folgen. Die Arbeiten am Knotenpunkt Rathausstra\u00dfe\/Trift\/Twiete und Krumme Stra\u00dfe beginnen nach aktuellen Planungen in der 23. Kalenderwoche \u2013 also Mitte Juni.<\/p>\n\n\n\n<p>\u201eWie beim ersten Minikreisel werden auch dieses Mal Fahrbahnen und die Nebenfl\u00e4chen des betroffenen Bereichs saniert, die Stra\u00dfenbeleuchtung erneuert und taktile Leitelemente f\u00fcr mobilit\u00e4tseingeschr\u00e4nkte sowie sehbehinderte Personen verlegt\u201c, hei\u00dft es erkl\u00e4rend zur Bauma\u00dfnahme aus dem zust\u00e4ndigen Fachdienst Tiefbau der Geesthachter Stadtverwaltung. Notwendig wird f\u00fcr diese umfangreichen Arbeiten eine Vollsperrung des Bereichs Trift\/Twiete\/Rathausstra\u00dfe\/Krumme Stra\u00dfe f\u00fcr den motorisierten Verkehr. Bevor der Minikreisel Verkehrsteilnehmende entlasten wird, m\u00fcssen diese sich demnach auf Belastungen einstellen. Eine Umleitung \u00fcber Bergedorfer Stra\u00dfe und Norderstra\u00dfe wird ausgeschildert. Die Grundst\u00fccke sind fu\u00dfl\u00e4ufig erreichbar.<\/p>\n\n\n\n<p>Die voraussichtliche Bausumme bel\u00e4uft sich auf etwa 550.000 Euro. Daf\u00fcr entsteht an der Rathausstra\u00dfe ein Kreisverkehr mit etwa 19 Meter Au\u00dfendurchmesser. Wie beim ersten Minikreisel wird auch der zweite ohne erh\u00f6hte Mittelinsel auskommen. Der Grund: Auf der Fl\u00e4che, auf der der Minikreisverkehr entsteht, wird zweimal im Jahr der Geesthachter Jahrmarkt aufgebaut.&nbsp; Erfahrungen vom ersten Minikreisel, der ebenso ohne erh\u00f6hte Mittelinsel auskommt, zeigen aber: Fahrzeuge, die wegen ihres gro\u00dfen Wendekreises die Mitte des Kreisels \u00fcberfahren m\u00fcssen und auch d\u00fcrfen, tun dieses. Alle anderen halten sich in der Regel an das f\u00fcr sie geltende \u00dcberfahrverbot. Die Stadtverwaltung rechnet mit einer Bauzeit von etwa acht bis zehn Wochen.<\/p>\n","protected":false},"excerpt":{"rendered":"<p>Geesthacht (pm). Sie sollen Geesthachts Stra\u00dfen sicherer machen und den Verkehrsfluss optimieren &#8211; Minikreisverkehre. 2020 wurde bereits der Minikreisel im Kreuzungsbereich von Rathausstra\u00dfe, Lauenburger Stra\u00dfe und Hafenstra\u00dfe f\u00fcr den Stra\u00dfenverkehr freigegeben, nun soll ein zweiter folgen. Die Arbeiten am Knotenpunkt Rathausstra\u00dfe\/Trift\/Twiete und Krumme Stra\u00dfe beginnen nach aktuellen Planungen in der 23. Kalenderwoche \u2013 also Mitte [&hellip;]<\/p>\n","protected":false},"author":2,"featured_media":40156,"comment_status":"closed","ping_status":"closed","sticky":false,"template":"","format":"standard","meta":{"jnews-multi-image_gallery":[],"jnews_single_post":{"subtitle":"","format":"standard","video":"","gallery":"","source_name":"","source_url":"","via_name":"","via_url":"","override_template":"0","override":[{"template":"1","single_blog_custom":"","parallax":"1","fullscreen":"1","layout":"right-sidebar","sidebar":"default-sidebar","second_sidebar":"default-sidebar","sticky_sidebar":"1","share_position":"top","share_float_style":"share-monocrhome","show_share_counter":"0","show_view_counter":"1","show_featured":"1","show_post_meta":"1","show_post_author":"1","show_post_author_image":"1","show_post_date":"1","post_date_format":"default","post_date_format_custom":"Y\/m\/d","show_post_category":"0","show_post_reading_time":"0","post_reading_time_wpm":"300","show_zoom_button":"0","zoom_button_out_step":"2","zoom_button_in_step":"3","show_post_tag":"1","show_prev_next_post":"0","show_popup_post":"1","number_popup_post":"1","show_author_box":"1","show_post_related":"1","show_inline_post_related":"0"}],"override_image_size":"0","image_override":[{"single_post_thumbnail_size":"crop-500","single_post_gallery_size":"crop-500"}],"trending_post":"0","trending_post_position":"meta","trending_post_label":"Trending","sponsored_post":"0","sponsored_post_label":"Sponsored by","sponsored_post_name":"","sponsored_post_url":"","sponsored_post_logo_enable":"0","sponsored_post_logo":"","sponsored_post_desc":"","disable_ad":"0"},"jnews_primary_category":{"id":""},"jnews_social_meta":{"fb_title":"","fb_description":"","fb_image":"","twitter_title":"","twitter_description":"","twitter_image":""},"jnews_override_counter":{"override_view_counter":"0","view_counter_number":"0","override_share_counter":"0","share_counter_number":"0","override_like_counter":"0","like_counter_number":"0","override_dislike_counter":"0","dislike_counter_number":"0"},"jnews_post_split":{"enable_post_split":"0","post_split":[{"template":"1","tag":"h2","numbering":"asc","mode":"normal","first":"0","enable_toc":"0","toc_type":"normal"}]},"footnotes":""},"categories":[2625,63],"tags":[3302,859],"class_list":["post-40155","post","type-post","status-publish","format-standard","has-post-thumbnail","hentry","category-geesthacht","category-herzogtum-lauenburg","tag-strassenverkehr","tag-verkehrsbehinderungen"],"_links":{"self":[{"href":"https:\/\/herzogtum-direkt.de\/index.php\/wp-json\/wp\/v2\/posts\/40155","targetHints":{"allow":["GET"]}}],"collection":[{"href":"https:\/\/herzogtum-direkt.de\/index.php\/wp-json\/wp\/v2\/posts"}],"about":[{"href":"https:\/\/herzogtum-direkt.de\/index.php\/wp-json\/wp\/v2\/types\/post"}],"author":[{"embeddable":true,"href":"https:\/\/herzogtum-direkt.de\/index.php\/wp-json\/wp\/v2\/users\/2"}],"replies":[{"embeddable":true,"href":"https:\/\/herzogtum-direkt.de\/index.php\/wp-json\/wp\/v2\/comments?post=40155"}],"version-history":[{"count":1,"href":"https:\/\/herzogtum-direkt.de\/index.php\/wp-json\/wp\/v2\/posts\/40155\/revisions"}],"predecessor-version":[{"id":40157,"href":"https:\/\/herzogtum-direkt.de\/index.php\/wp-json\/wp\/v2\/posts\/40155\/revisions\/40157"}],"wp:featuredmedia":[{"embeddable":true,"href":"https:\/\/herzogtum-direkt.de\/index.php\/wp-json\/wp\/v2\/media\/40156"}],"wp:attachment":[{"href":"https:\/\/herzogtum-direkt.de\/index.php\/wp-json\/wp\/v2\/media?parent=40155"}],"wp:term":[{"taxonomy":"category","embeddable":true,"href":"https:\/\/herzogtum-direkt.de\/index.php\/wp-json\/wp\/v2\/categories?post=40155"},{"taxonomy":"post_tag","embeddable":true,"href":"https:\/\/herzogtum-direkt.de\/index.php\/wp-json\/wp\/v2\/tags?post=40155"}],"curies":[{"name":"wp","href":"https:\/\/api.w.org\/{rel}","templated":true}]}}