{"id":40092,"date":"2022-05-04T12:33:45","date_gmt":"2022-05-04T10:33:45","guid":{"rendered":"https:\/\/herzogtum-direkt.de\/?p=40092"},"modified":"2022-05-04T12:33:46","modified_gmt":"2022-05-04T10:33:46","slug":"buergersprechstunde","status":"publish","type":"post","link":"https:\/\/herzogtum-direkt.de\/index.php\/2022\/05\/04\/buergersprechstunde\/","title":{"rendered":"B\u00fcrgersprechstunde"},"content":{"rendered":"\n<p><strong>M\u00f6lln (pm).<\/strong> Die n\u00e4chste B\u00fcrgersprechstunde bietet der B\u00fcrgervorsteher Ulrich Wo\u00dflick am Donnerstag, 12. Mai 2022 an. In der Zeit von 17 Uhr bis 18 Uhr wird er im Stadthaus Zimmer 109 anzutreffen sein.<\/p>\n\n\n\n<p>Die Anmeldungen zum Termin nimmt Anja Scharbau gerne unter der Telefonnummer 04542 803152 oder per E-Mail\u00a0<a href=\"mailto:anja.scharbau@stadt-moelln.de\" target=\"_blank\" rel=\"noreferrer noopener\">anja.scharbau@stadt-moelln.de<\/a>\u00a0entgegen.<\/p>\n","protected":false},"excerpt":{"rendered":"<p>M\u00f6lln (pm). Die n\u00e4chste B\u00fcrgersprechstunde bietet der B\u00fcrgervorsteher Ulrich Wo\u00dflick am Donnerstag, 12. Mai 2022 an. In der Zeit von 17 Uhr bis 18 Uhr wird er im Stadthaus Zimmer 109 anzutreffen sein. Die Anmeldungen zum Termin nimmt Anja Scharbau gerne unter der Telefonnummer 04542 803152 oder per E-Mail\u00a0anja.scharbau@stadt-moelln.de\u00a0entgegen.<\/p>\n","protected":false},"author":2,"featured_media":0,"comment_status":"closed","ping_status":"closed","sticky":false,"template":"","format":"standard","meta":{"jnews-multi-image_gallery":[],"jnews_single_post":{"subtitle":"","format":"standard","video":"","gallery":"","source_name":"","source_url":"","via_name":"","via_url":"","override_template":"0","override":[{"template":"1","single_blog_custom":"","parallax":"1","fullscreen":"1","layout":"right-sidebar","sidebar":"default-sidebar","second_sidebar":"default-sidebar","sticky_sidebar":"1","share_position":"top","share_float_style":"share-monocrhome","show_share_counter":"0","show_view_counter":"1","show_featured":"1","show_post_meta":"1","show_post_author":"1","show_post_author_image":"1","show_post_date":"1","post_date_format":"default","post_date_format_custom":"Y\/m\/d","show_post_category":"0","show_post_reading_time":"0","post_reading_time_wpm":"300","show_zoom_button":"0","zoom_button_out_step":"2","zoom_button_in_step":"3","show_post_tag":"1","show_prev_next_post":"0","show_popup_post":"1","number_popup_post":"1","show_author_box":"1","show_post_related":"1","show_inline_post_related":"0"}],"override_image_size":"0","image_override":[{"single_post_thumbnail_size":"crop-500","single_post_gallery_size":"crop-500"}],"trending_post":"0","trending_post_position":"meta","trending_post_label":"Trending","sponsored_post":"0","sponsored_post_label":"Sponsored by","sponsored_post_name":"","sponsored_post_url":"","sponsored_post_logo_enable":"0","sponsored_post_logo":"","sponsored_post_desc":"","disable_ad":"0"},"jnews_primary_category":{"id":""},"jnews_social_meta":{"fb_title":"","fb_description":"","fb_image":"","twitter_title":"","twitter_description":"","twitter_image":""},"jnews_override_counter":{"override_view_counter":"0","view_counter_number":"0","override_share_counter":"0","share_counter_number":"0","override_like_counter":"0","like_counter_number":"0","override_dislike_counter":"0","dislike_counter_number":"0"},"jnews_post_split":{"enable_post_split":"0","post_split":[{"template":"1","tag":"h2","numbering":"asc","mode":"normal","first":"0","enable_toc":"0","toc_type":"normal"}]},"footnotes":""},"categories":[63,66],"tags":[1873,2231,3268],"class_list":["post-40092","post","type-post","status-publish","format-standard","hentry","category-herzogtum-lauenburg","category-moelln","tag-buergersprechstunde","tag-kommunalpolitik","tag-stadthaus"],"_links":{"self":[{"href":"https:\/\/herzogtum-direkt.de\/index.php\/wp-json\/wp\/v2\/posts\/40092","targetHints":{"allow":["GET"]}}],"collection":[{"href":"https:\/\/herzogtum-direkt.de\/index.php\/wp-json\/wp\/v2\/posts"}],"about":[{"href":"https:\/\/herzogtum-direkt.de\/index.php\/wp-json\/wp\/v2\/types\/post"}],"author":[{"embeddable":true,"href":"https:\/\/herzogtum-direkt.de\/index.php\/wp-json\/wp\/v2\/users\/2"}],"replies":[{"embeddable":true,"href":"https:\/\/herzogtum-direkt.de\/index.php\/wp-json\/wp\/v2\/comments?post=40092"}],"version-history":[{"count":1,"href":"https:\/\/herzogtum-direkt.de\/index.php\/wp-json\/wp\/v2\/posts\/40092\/revisions"}],"predecessor-version":[{"id":40093,"href":"https:\/\/herzogtum-direkt.de\/index.php\/wp-json\/wp\/v2\/posts\/40092\/revisions\/40093"}],"wp:attachment":[{"href":"https:\/\/herzogtum-direkt.de\/index.php\/wp-json\/wp\/v2\/media?parent=40092"}],"wp:term":[{"taxonomy":"category","embeddable":true,"href":"https:\/\/herzogtum-direkt.de\/index.php\/wp-json\/wp\/v2\/categories?post=40092"},{"taxonomy":"post_tag","embeddable":true,"href":"https:\/\/herzogtum-direkt.de\/index.php\/wp-json\/wp\/v2\/tags?post=40092"}],"curies":[{"name":"wp","href":"https:\/\/api.w.org\/{rel}","templated":true}]}}