{"id":39944,"date":"2022-04-30T07:19:00","date_gmt":"2022-04-30T05:19:00","guid":{"rendered":"https:\/\/herzogtum-direkt.de\/?p=39944"},"modified":"2022-04-29T09:25:37","modified_gmt":"2022-04-29T07:25:37","slug":"nach-der-wahl-ist-vor-der-wahl","status":"publish","type":"post","link":"https:\/\/herzogtum-direkt.de\/index.php\/2022\/04\/30\/nach-der-wahl-ist-vor-der-wahl\/","title":{"rendered":"Nach der Wahl ist vor der Wahl"},"content":{"rendered":"\n<p><strong>Herzogtum Lauenburg (pm).<\/strong> Derzeit gibt es viel Arbeit f\u00fcr die Kreiswahlleitung im Ratzeburger Kreishaus. Die Arbeiten f\u00fcr die Landtagswahl am 8. Mai 2022 sind im vollen Gange. Und nunmehr sind bereits die Vorbereitungen f\u00fcr die Kreistagswahl im Mai 2023 angelaufen.<\/p>\n\n\n\n<p>Der Kreiswahlausschuss hat in seiner Sitzung am 27. April 2022 einstimmig die 23 Wahlkreise f\u00fcr die Kreistagswahl festgelegt. Landrat Dr. Christoph Mager als Kreiswahlleiter hatte dem Ausschuss vorgeschlagen, keine \u00c4nderungen im Zuschnitt der Wahlkreise gegen\u00fcber der Kreiswahlen 2013 und 2018 vorzunehmen. \u201eDie Bev\u00f6lkerungszahl eines Wahlkreises darf nicht mehr als 20 Prozent von der durchschnittlichen Bev\u00f6lkerungszahl der Wahlkreise im Wahlgebiet abweichen. Au\u00dferdem sollen die Grenzen der Gemeinden und die gemeindlichen Wahlkreise in der Regel nicht durchschnitten werden und auch die Grenzen der \u00c4mter sind m\u00f6glichst zu wahren. Die vor f\u00fcnf Jahren gebildeten Wahlkreise erf\u00fcllen diese gesetzlichen Vorgaben, so dass keine \u00c4nderungen notwendig sind\u201c, erkl\u00e4rte Dr. Mager im Ausschuss.<\/p>\n\n\n\n<p>Wie bisher werden in den St\u00e4dten Geesthacht, M\u00f6lln und Schwarzenbek vierbeziehungsweise zwei Wahlkreise gebildet. Ebenso gibt es eigenst\u00e4ndige Wahlkreise f\u00fcr die \u00c4mter Berkenthin, Sandesneben-Nusse (2), Schwarzenbek-Land und Hohe Elbgeest (2) ohne die Gemeinde Wohltorf, welche der Gemeinde Wentorf bei Hamburg mit zwei Wahlkreisen zugeordnet ist. Die Stadt Ratzeburg und Teile des Amtes Lauenburgische Seen sind unver\u00e4ndert auf zwei Kreiswahlkreise aufgeteilt, w\u00e4hrend der restliche Teil des Amtes Lauenburgische Seen einem Wahlkreis zugeordnet ist. Das Amt Breitenfelde bildet mit drei Gemeinden Tramm, Roseburg und G\u00fcster des Amtes B\u00fcchen einen Wahlkreis, ebenso die Gemeinde B\u00fcchen mit den n\u00f6rdlich des Amtes B\u00fcchen gelegenen Gemeinden. Zwei Wahlkreise bilden die Stadt Lauenburg\/Elbe, das Amt L\u00fctau und die Gemeinden Br\u00f6then, M\u00fcssen, Schulendorf und Witzeeze des Amtes B\u00fcchen.<\/p>\n\n\n\n<p>Sobald das Land Schleswig-Holstein den Wahltermin f\u00fcr die Kreiswahl 2023 bekannt gegeben hat, wird Landrat Dr. Christoph Mager auffordern, f\u00fcr die Kreiswahl Wahlvorschl\u00e4ge einzureichen. Der Kreiswahlausschuss wird voraussichtlich im M\u00e4rz 2023 in einer Sitzung \u00fcber die Zulassung der eingereichten Wahlvorschl\u00e4ge entscheiden.\u00a0<\/p>\n","protected":false},"excerpt":{"rendered":"<p>Herzogtum Lauenburg (pm). Derzeit gibt es viel Arbeit f\u00fcr die Kreiswahlleitung im Ratzeburger Kreishaus. Die Arbeiten f\u00fcr die Landtagswahl am 8. Mai 2022 sind im vollen Gange. Und nunmehr sind bereits die Vorbereitungen f\u00fcr die Kreistagswahl im Mai 2023 angelaufen. Der Kreiswahlausschuss hat in seiner Sitzung am 27. April 2022 einstimmig die 23 Wahlkreise f\u00fcr [&hellip;]<\/p>\n","protected":false},"author":2,"featured_media":39945,"comment_status":"closed","ping_status":"closed","sticky":false,"template":"","format":"standard","meta":{"jnews-multi-image_gallery":[],"jnews_single_post":{"subtitle":"Vorbereitungen f\u00fcr die Kreiswahl 2023 angelaufen","format":"standard","video":"","gallery":"","source_name":"","source_url":"","via_name":"","via_url":"","override_template":"0","override":[{"template":"1","single_blog_custom":"","parallax":"1","fullscreen":"1","layout":"right-sidebar","sidebar":"default-sidebar","second_sidebar":"default-sidebar","sticky_sidebar":"1","share_position":"top","share_float_style":"share-monocrhome","show_share_counter":"0","show_view_counter":"1","show_featured":"1","show_post_meta":"1","show_post_author":"1","show_post_author_image":"1","show_post_date":"1","post_date_format":"default","post_date_format_custom":"Y\/m\/d","show_post_category":"0","show_post_reading_time":"0","post_reading_time_wpm":"300","show_zoom_button":"0","zoom_button_out_step":"2","zoom_button_in_step":"3","show_post_tag":"1","show_prev_next_post":"0","show_popup_post":"1","number_popup_post":"1","show_author_box":"1","show_post_related":"1","show_inline_post_related":"0"}],"override_image_size":"0","image_override":[{"single_post_thumbnail_size":"crop-500","single_post_gallery_size":"crop-500"}],"trending_post":"0","trending_post_position":"meta","trending_post_label":"Trending","sponsored_post":"0","sponsored_post_label":"Sponsored by","sponsored_post_name":"","sponsored_post_url":"","sponsored_post_logo_enable":"0","sponsored_post_logo":"","sponsored_post_desc":"","disable_ad":"0"},"jnews_primary_category":{"id":""},"jnews_social_meta":{"fb_title":"","fb_description":"","fb_image":"","twitter_title":"","twitter_description":"","twitter_image":""},"jnews_override_counter":{"override_view_counter":"0","view_counter_number":"0","override_share_counter":"0","share_counter_number":"0","override_like_counter":"0","like_counter_number":"0","override_dislike_counter":"0","dislike_counter_number":"0"},"jnews_post_split":{"enable_post_split":"0","post_split":[{"template":"1","tag":"h2","numbering":"asc","mode":"normal","first":"0","enable_toc":"0","toc_type":"normal"}]},"footnotes":""},"categories":[63,73],"tags":[1904,2966,348],"class_list":["post-39944","post","type-post","status-publish","format-standard","has-post-thumbnail","hentry","category-herzogtum-lauenburg","category-landleute","tag-kreistagswahl","tag-landtagswahl-2022","tag-wahlen"],"_links":{"self":[{"href":"https:\/\/herzogtum-direkt.de\/index.php\/wp-json\/wp\/v2\/posts\/39944","targetHints":{"allow":["GET"]}}],"collection":[{"href":"https:\/\/herzogtum-direkt.de\/index.php\/wp-json\/wp\/v2\/posts"}],"about":[{"href":"https:\/\/herzogtum-direkt.de\/index.php\/wp-json\/wp\/v2\/types\/post"}],"author":[{"embeddable":true,"href":"https:\/\/herzogtum-direkt.de\/index.php\/wp-json\/wp\/v2\/users\/2"}],"replies":[{"embeddable":true,"href":"https:\/\/herzogtum-direkt.de\/index.php\/wp-json\/wp\/v2\/comments?post=39944"}],"version-history":[{"count":1,"href":"https:\/\/herzogtum-direkt.de\/index.php\/wp-json\/wp\/v2\/posts\/39944\/revisions"}],"predecessor-version":[{"id":39946,"href":"https:\/\/herzogtum-direkt.de\/index.php\/wp-json\/wp\/v2\/posts\/39944\/revisions\/39946"}],"wp:featuredmedia":[{"embeddable":true,"href":"https:\/\/herzogtum-direkt.de\/index.php\/wp-json\/wp\/v2\/media\/39945"}],"wp:attachment":[{"href":"https:\/\/herzogtum-direkt.de\/index.php\/wp-json\/wp\/v2\/media?parent=39944"}],"wp:term":[{"taxonomy":"category","embeddable":true,"href":"https:\/\/herzogtum-direkt.de\/index.php\/wp-json\/wp\/v2\/categories?post=39944"},{"taxonomy":"post_tag","embeddable":true,"href":"https:\/\/herzogtum-direkt.de\/index.php\/wp-json\/wp\/v2\/tags?post=39944"}],"curies":[{"name":"wp","href":"https:\/\/api.w.org\/{rel}","templated":true}]}}