{"id":39883,"date":"2022-04-27T11:15:31","date_gmt":"2022-04-27T09:15:31","guid":{"rendered":"https:\/\/herzogtum-direkt.de\/?p=39883"},"modified":"2022-04-27T11:15:31","modified_gmt":"2022-04-27T09:15:31","slug":"ratzeburger-volkshochschule-startet-sprachkurse-fuer-gefluechtete-aus-der-ukraine","status":"publish","type":"post","link":"https:\/\/herzogtum-direkt.de\/index.php\/2022\/04\/27\/ratzeburger-volkshochschule-startet-sprachkurse-fuer-gefluechtete-aus-der-ukraine\/","title":{"rendered":"Ratzeburger Volkshochschule startet Sprachkurse f\u00fcr Gefl\u00fcchtete aus der Ukraine"},"content":{"rendered":"\n<p><strong>Ratzeburg (pm).<\/strong> Die Ratzeburger Volkshochschule hat in kurzer Zeit zwei Deutschkurse f\u00fcr \u00fcber 40 Gefl\u00fcchtete aus der Ukraine samt Kinderbetreuung organisieren k\u00f6nnen. &#8222;Wir haben in kurzer Zeit doch sehr viele Anfragen erhalten, nicht nur aus Ratzeburg, auch aus dem Umland. Der Bedarf f\u00fcr eine sachkundige, einf\u00fchrende Sprachausbildung ist wirklich enorm&#8220;, wei\u00df Silvia Tessmer, Leiterin der Volkshochschule, zu berichten.<\/p>\n\n\n\n<p>Die gr\u00f6\u00dfte Schwierigkeit, hier als Bildungseinrichtung schnell helfen zu k\u00f6nnen, war dabei, zertifizierte Dozentinnen oder Dozenten zu finden, die noch Zeit f\u00fcr zus\u00e4tzliche Sprachkurse aufbringen zu k\u00f6nnen. &#8222;Wir haben in den vergangenen Jahren, mit dem Fl\u00fcchtlingszugang aus Syrien, Afghanistan, Eritrea und dem Iran, einen sehr erfahrenen Dozentenstamm aufbauen k\u00f6nnen, mit dem wir bereits viele Menschen zu den verschiedenen Sprachniveaus bringen konnten, von der Alphabetisierung bis zum studienf\u00e4higen B2-Zertifikat. Das hilft aktuell sehr. Wir sind so in der Lage, sehr kurzfristig Unterrichtsangebote zu schaffen und den Menschen aus der Ukraine einen schnellen sprachlichen Einstieg zu erm\u00f6glichen&#8220;, sagt Silvia Tessmer.<\/p>\n\n\n\n<p>Angesichts der M\u00f6glichkeiten f\u00fcr ukrainische Gefl\u00fcchtete, sich umgehend in den deutschen Arbeitsmarkt integrieren zu d\u00fcrfen, rechnet sie mit einer weiterhin hohen Nachfrage nach zertifizierten Sprachkursen. &#8222;Wir stehen, wie 2015, am Beginn eines langen Lernprozesses, auf den wir uns als Volkshochschule wieder bestm\u00f6glich vorbereiten, damit die Sprachbarriere zwischen uns bald keine Rolle mehr spielt&#8220;, beschreibt Silvia Tessmer die anstehende Herausforderung, aber auch den Anspruch f\u00fcr die Volkshochschule Ratzeburg und Umgebung.<\/p>\n","protected":false},"excerpt":{"rendered":"<p>Ratzeburg (pm). Die Ratzeburger Volkshochschule hat in kurzer Zeit zwei Deutschkurse f\u00fcr \u00fcber 40 Gefl\u00fcchtete aus der Ukraine samt Kinderbetreuung organisieren k\u00f6nnen. &#8222;Wir haben in kurzer Zeit doch sehr viele Anfragen erhalten, nicht nur aus Ratzeburg, auch aus dem Umland. Der Bedarf f\u00fcr eine sachkundige, einf\u00fchrende Sprachausbildung ist wirklich enorm&#8220;, wei\u00df Silvia Tessmer, Leiterin der [&hellip;]<\/p>\n","protected":false},"author":2,"featured_media":39884,"comment_status":"closed","ping_status":"closed","sticky":false,"template":"","format":"standard","meta":{"jnews-multi-image_gallery":[],"jnews_single_post":{"subtitle":"","format":"standard","video":"","gallery":"","source_name":"","source_url":"","via_name":"","via_url":"","override_template":"0","override":[{"template":"1","single_blog_custom":"","parallax":"1","fullscreen":"1","layout":"right-sidebar","sidebar":"default-sidebar","second_sidebar":"default-sidebar","sticky_sidebar":"1","share_position":"top","share_float_style":"share-monocrhome","show_share_counter":"0","show_view_counter":"1","show_featured":"1","show_post_meta":"1","show_post_author":"1","show_post_author_image":"1","show_post_date":"1","post_date_format":"default","post_date_format_custom":"Y\/m\/d","show_post_category":"0","show_post_reading_time":"0","post_reading_time_wpm":"300","show_zoom_button":"0","zoom_button_out_step":"2","zoom_button_in_step":"3","show_post_tag":"1","show_prev_next_post":"0","show_popup_post":"1","number_popup_post":"1","show_author_box":"1","show_post_related":"1","show_inline_post_related":"0"}],"override_image_size":"0","image_override":[{"single_post_thumbnail_size":"crop-500","single_post_gallery_size":"crop-500"}],"trending_post":"0","trending_post_position":"meta","trending_post_label":"Trending","sponsored_post":"0","sponsored_post_label":"Sponsored by","sponsored_post_name":"","sponsored_post_url":"","sponsored_post_logo_enable":"0","sponsored_post_logo":"","sponsored_post_desc":"","disable_ad":"0"},"jnews_primary_category":{"id":""},"jnews_social_meta":{"fb_title":"","fb_description":"","fb_image":"","twitter_title":"","twitter_description":"","twitter_image":""},"jnews_override_counter":{"override_view_counter":"0","view_counter_number":"0","override_share_counter":"0","share_counter_number":"0","override_like_counter":"0","like_counter_number":"0","override_dislike_counter":"0","dislike_counter_number":"0"},"jnews_post_split":{"enable_post_split":"0","post_split":[{"template":"1","tag":"h2","numbering":"asc","mode":"normal","first":"0","enable_toc":"0","toc_type":"normal"}]},"footnotes":""},"categories":[3286,63,64],"tags":[662,1441,682],"class_list":["post-39883","post","type-post","status-publish","format-standard","has-post-thumbnail","hentry","category-fluechtlingshilfe","category-herzogtum-lauenburg","category-ratzeburg","tag-fluechtlinge","tag-sprachkurs","tag-vhs-ratzeburg"],"_links":{"self":[{"href":"https:\/\/herzogtum-direkt.de\/index.php\/wp-json\/wp\/v2\/posts\/39883","targetHints":{"allow":["GET"]}}],"collection":[{"href":"https:\/\/herzogtum-direkt.de\/index.php\/wp-json\/wp\/v2\/posts"}],"about":[{"href":"https:\/\/herzogtum-direkt.de\/index.php\/wp-json\/wp\/v2\/types\/post"}],"author":[{"embeddable":true,"href":"https:\/\/herzogtum-direkt.de\/index.php\/wp-json\/wp\/v2\/users\/2"}],"replies":[{"embeddable":true,"href":"https:\/\/herzogtum-direkt.de\/index.php\/wp-json\/wp\/v2\/comments?post=39883"}],"version-history":[{"count":1,"href":"https:\/\/herzogtum-direkt.de\/index.php\/wp-json\/wp\/v2\/posts\/39883\/revisions"}],"predecessor-version":[{"id":39885,"href":"https:\/\/herzogtum-direkt.de\/index.php\/wp-json\/wp\/v2\/posts\/39883\/revisions\/39885"}],"wp:featuredmedia":[{"embeddable":true,"href":"https:\/\/herzogtum-direkt.de\/index.php\/wp-json\/wp\/v2\/media\/39884"}],"wp:attachment":[{"href":"https:\/\/herzogtum-direkt.de\/index.php\/wp-json\/wp\/v2\/media?parent=39883"}],"wp:term":[{"taxonomy":"category","embeddable":true,"href":"https:\/\/herzogtum-direkt.de\/index.php\/wp-json\/wp\/v2\/categories?post=39883"},{"taxonomy":"post_tag","embeddable":true,"href":"https:\/\/herzogtum-direkt.de\/index.php\/wp-json\/wp\/v2\/tags?post=39883"}],"curies":[{"name":"wp","href":"https:\/\/api.w.org\/{rel}","templated":true}]}}