{"id":3988,"date":"2018-05-23T09:19:39","date_gmt":"2018-05-23T07:19:39","guid":{"rendered":"https:\/\/herzogtum-direkt.de\/?p=3988"},"modified":"2018-05-23T09:20:30","modified_gmt":"2018-05-23T07:20:30","slug":"befahren-der-ratzeburger-seen-nur-eingeschraenkt-moeglich","status":"publish","type":"post","link":"https:\/\/herzogtum-direkt.de\/index.php\/2018\/05\/23\/befahren-der-ratzeburger-seen-nur-eingeschraenkt-moeglich\/","title":{"rendered":"Befahren der Ratzeburger Seen nur eingeschr\u00e4nkt m\u00f6glich"},"content":{"rendered":"<p><strong>Ratzeburg (pm).<\/strong> Von Freitag bis Sonntag, 1. bis 3. Juni 2018, findet die Internationale 59. Ratzeburger Ruderregatta des Ratzeburger Ruderclubs statt. Deshalb ist das Befahren des Ratzeburger K\u00fcchensees mit Wassersportfahrzeugen beziehungsweise mit Wassersportger\u00e4ten in diesem Zeitraum nicht beziehungsweise nur eingeschr\u00e4nkt m\u00f6glich. Ausgenommen hiervon bleiben lediglich die Boote des jeweiligen Veranstalters<\/p>\n","protected":false},"excerpt":{"rendered":"<p>Ratzeburg (pm). Von Freitag bis Sonntag, 1. bis 3. Juni 2018, findet die Internationale 59. Ratzeburger Ruderregatta des Ratzeburger Ruderclubs statt. Deshalb ist das Befahren des Ratzeburger K\u00fcchensees mit Wassersportfahrzeugen beziehungsweise mit Wassersportger\u00e4ten in diesem Zeitraum nicht beziehungsweise nur eingeschr\u00e4nkt m\u00f6glich. Ausgenommen hiervon bleiben lediglich die Boote des jeweiligen Veranstalters<\/p>\n","protected":false},"author":2,"featured_media":1186,"comment_status":"open","ping_status":"closed","sticky":false,"template":"","format":"standard","meta":{"jnews-multi-image_gallery":[],"jnews_single_post":[],"jnews_primary_category":[],"jnews_social_meta":[],"jnews_override_counter":[],"jnews_post_split":[],"footnotes":""},"categories":[63,64],"tags":[939],"class_list":["post-3988","post","type-post","status-publish","format-standard","has-post-thumbnail","hentry","category-herzogtum-lauenburg","category-ratzeburg","tag-ratzeburger-ruderregatta"],"_links":{"self":[{"href":"https:\/\/herzogtum-direkt.de\/index.php\/wp-json\/wp\/v2\/posts\/3988","targetHints":{"allow":["GET"]}}],"collection":[{"href":"https:\/\/herzogtum-direkt.de\/index.php\/wp-json\/wp\/v2\/posts"}],"about":[{"href":"https:\/\/herzogtum-direkt.de\/index.php\/wp-json\/wp\/v2\/types\/post"}],"author":[{"embeddable":true,"href":"https:\/\/herzogtum-direkt.de\/index.php\/wp-json\/wp\/v2\/users\/2"}],"replies":[{"embeddable":true,"href":"https:\/\/herzogtum-direkt.de\/index.php\/wp-json\/wp\/v2\/comments?post=3988"}],"version-history":[{"count":1,"href":"https:\/\/herzogtum-direkt.de\/index.php\/wp-json\/wp\/v2\/posts\/3988\/revisions"}],"predecessor-version":[{"id":3989,"href":"https:\/\/herzogtum-direkt.de\/index.php\/wp-json\/wp\/v2\/posts\/3988\/revisions\/3989"}],"wp:featuredmedia":[{"embeddable":true,"href":"https:\/\/herzogtum-direkt.de\/index.php\/wp-json\/wp\/v2\/media\/1186"}],"wp:attachment":[{"href":"https:\/\/herzogtum-direkt.de\/index.php\/wp-json\/wp\/v2\/media?parent=3988"}],"wp:term":[{"taxonomy":"category","embeddable":true,"href":"https:\/\/herzogtum-direkt.de\/index.php\/wp-json\/wp\/v2\/categories?post=3988"},{"taxonomy":"post_tag","embeddable":true,"href":"https:\/\/herzogtum-direkt.de\/index.php\/wp-json\/wp\/v2\/tags?post=3988"}],"curies":[{"name":"wp","href":"https:\/\/api.w.org\/{rel}","templated":true}]}}