{"id":39689,"date":"2022-04-21T09:31:53","date_gmt":"2022-04-21T07:31:53","guid":{"rendered":"https:\/\/herzogtum-direkt.de\/?p=39689"},"modified":"2022-04-22T09:22:09","modified_gmt":"2022-04-22T07:22:09","slug":"ausstellung-und-mitmachkonzert","status":"publish","type":"post","link":"https:\/\/herzogtum-direkt.de\/index.php\/2022\/04\/21\/ausstellung-und-mitmachkonzert\/","title":{"rendered":"Ausstellung und \u201aMitMachKonzert\u2018"},"content":{"rendered":"\n<p><strong>Schiphorst (pm).<\/strong> In den Osterferien trafen sich an jeweils zwei Tagen je zw\u00f6lf Kinder im Alter zwischen sieben und elf Jahren zu einem Malworkshop. Die Veranstaltung fand in den R\u00e4umlichkeiten des Vereins Avantgarde Schiphorst unter der Leitung der Sozialp\u00e4dagogin und Kunstschaffenden Kristina Reichardt statt.<\/p>\n\n\n\n<p>Die Kinder sprudelten f\u00f6rmlich \u00fcber vor Energie, sie lie\u00dfen ihrer Phantasie freien Lauf und erschufen \u201eeine sch\u00f6ne Welt\u201c mit Spr\u00fchfarben, Tusche, Blei- und Buntstiften. Jetzt ist es soweit, eine tolle, farbenpr\u00e4chtige Ausstellung ist entstanden und die Besucher k\u00f6nnen eintauchen in die bunte Welt der Kinder. Au\u00dferdem werden Bilder von Kristina Reichardt zu sehen sein, mal witzig, mal nachdenklich stimmend, aber immer mit einem Augenzwinkern. Die Ausstellung wird am 23. April er\u00f6ffnet, zwischen 15 Uhr und 18 Uhr sind Besucher herzlich willkommen. Danach kann die Ausstellung bis Ende Mai jeden Samstag und Sonntag von 15 Uhr bis 18 Uhr besucht werden, der Eintritt ist frei.<\/p>\n\n\n\n<figure class=\"wp-block-gallery has-nested-images columns-default is-cropped wp-block-gallery-1 is-layout-flex wp-block-gallery-is-layout-flex\">\n<figure class=\"wp-block-image size-large\"><img fetchpriority=\"high\" decoding=\"async\" width=\"1000\" height=\"688\" data-id=\"39690\" src=\"https:\/\/herzogtum-direkt.de\/wp-content\/uploads\/2022\/04\/Frieden-Schiphorst.jpg\" alt=\"\" class=\"wp-image-39690\" srcset=\"https:\/\/herzogtum-direkt.de\/wp-content\/uploads\/2022\/04\/Frieden-Schiphorst.jpg 1000w, https:\/\/herzogtum-direkt.de\/wp-content\/uploads\/2022\/04\/Frieden-Schiphorst-300x206.jpg 300w, https:\/\/herzogtum-direkt.de\/wp-content\/uploads\/2022\/04\/Frieden-Schiphorst-768x528.jpg 768w, https:\/\/herzogtum-direkt.de\/wp-content\/uploads\/2022\/04\/Frieden-Schiphorst-750x516.jpg 750w\" sizes=\"(max-width: 1000px) 100vw, 1000px\" \/><figcaption>Frieden &#8211; ein Werk, der Kinderk\u00fcnstler in Schiphorst. Foto: hfr<\/figcaption><\/figure>\n\n\n\n<figure class=\"wp-block-image size-large\"><img decoding=\"async\" width=\"1000\" height=\"631\" data-id=\"39692\" src=\"https:\/\/herzogtum-direkt.de\/wp-content\/uploads\/2022\/04\/Kunstschaffende-Kinder-1.jpg\" alt=\"\" class=\"wp-image-39692\" srcset=\"https:\/\/herzogtum-direkt.de\/wp-content\/uploads\/2022\/04\/Kunstschaffende-Kinder-1.jpg 1000w, https:\/\/herzogtum-direkt.de\/wp-content\/uploads\/2022\/04\/Kunstschaffende-Kinder-1-300x189.jpg 300w, https:\/\/herzogtum-direkt.de\/wp-content\/uploads\/2022\/04\/Kunstschaffende-Kinder-1-768x485.jpg 768w, https:\/\/herzogtum-direkt.de\/wp-content\/uploads\/2022\/04\/Kunstschaffende-Kinder-1-750x473.jpg 750w\" sizes=\"(max-width: 1000px) 100vw, 1000px\" \/><figcaption>Ein junger K\u00fcnstler bei der Arbeit. Foto: hfr<\/figcaption><\/figure>\n<\/figure>\n\n\n\n<p>Im Rahmen der Ausstellung findet am Sonntag, den 8. Mai um 16 Uhr ein \u201aMitMachKonzert\u2018 mit dem Kindermusiker und Kinderlieder-Komponisten Olli Ehmsen statt. Unter dem Motto \u201aSingen ist stark!\u2018 sind (Grundschul-)Kinder und ihre Familien herzlich eingeladen, mitzusingen, zu tanzen, sich zu bewegen und einfach Spa\u00df zu haben. Im Programm trifft <em>\u201eBo, der dicke Elefant\u201c<\/em> auf den <em>\u201eGr\u00fcnen Frosch mit der roten M\u00fctze\u201c<\/em>, die Affenbande fragt sich: <em>\u201eWer hat das Tamburin geklaut?\u201c<\/em> und die Kinder k\u00f6nnen f\u00fcr einen Moment in eine <em>\u201eVerkehrte Welt\u201c<\/em> eintauchen, in ihrer Fantasie selbst <em>\u201eFliegen\u201c<\/em> und merken, dass Bodypercussion <em>\u201eKeine Hexerei\u201c<\/em> ist.<\/p>\n\n\n\n<figure class=\"wp-block-gallery has-nested-images columns-default is-cropped wp-block-gallery-2 is-layout-flex wp-block-gallery-is-layout-flex\">\n<figure class=\"wp-block-image size-large\"><img decoding=\"async\" width=\"500\" height=\"831\" data-id=\"39693\" src=\"https:\/\/herzogtum-direkt.de\/wp-content\/uploads\/2022\/04\/Kristina-Reichardt.jpg\" alt=\"\" class=\"wp-image-39693\" srcset=\"https:\/\/herzogtum-direkt.de\/wp-content\/uploads\/2022\/04\/Kristina-Reichardt.jpg 500w, https:\/\/herzogtum-direkt.de\/wp-content\/uploads\/2022\/04\/Kristina-Reichardt-181x300.jpg 181w\" sizes=\"(max-width: 500px) 100vw, 500px\" \/><figcaption>Kristina Reichardt leitet das Kunstprojekt f\u00fcr Kinder. Foto: hfr<\/figcaption><\/figure>\n\n\n\n<figure class=\"wp-block-image size-large\"><img loading=\"lazy\" decoding=\"async\" width=\"500\" height=\"1092\" data-id=\"39694\" src=\"https:\/\/herzogtum-direkt.de\/wp-content\/uploads\/2022\/04\/Bild-von-K.-Reichardt-Schiphorst.jpg\" alt=\"\" class=\"wp-image-39694\" srcset=\"https:\/\/herzogtum-direkt.de\/wp-content\/uploads\/2022\/04\/Bild-von-K.-Reichardt-Schiphorst.jpg 500w, https:\/\/herzogtum-direkt.de\/wp-content\/uploads\/2022\/04\/Bild-von-K.-Reichardt-Schiphorst-137x300.jpg 137w, https:\/\/herzogtum-direkt.de\/wp-content\/uploads\/2022\/04\/Bild-von-K.-Reichardt-Schiphorst-469x1024.jpg 469w\" sizes=\"(max-width: 500px) 100vw, 500px\" \/><figcaption>Ein Werk von Kristina Reichardt, das bei der Ausstellung zu sehen sein wird. Foto: hfr<\/figcaption><\/figure>\n<\/figure>\n\n\n\n<p>Es gelten die aktuellen Corona-Regeln.&nbsp;Der Eintritt ist frei &#8211;&nbsp;der Hut geht rum. F\u00fcr die Veranstaltung der Avantgarde Schiphorst im Steinhorster Weg 2 ist eine Anmeldung erforderlich. Informationen sind unter <a href=\"mailto:avantgarde.schiphorst@gmail.com\" target=\"_blank\" rel=\"noreferrer noopener\">avantgarde.schiphorst@gmail.com<\/a> oder unter der Telefonnummer 04536 8715 erh\u00e4ltlich.<\/p>\n","protected":false},"excerpt":{"rendered":"<p>Schiphorst (pm). In den Osterferien trafen sich an jeweils zwei Tagen je zw\u00f6lf Kinder im Alter zwischen sieben und elf Jahren zu einem Malworkshop. Die Veranstaltung fand in den R\u00e4umlichkeiten des Vereins Avantgarde Schiphorst unter der Leitung der Sozialp\u00e4dagogin und Kunstschaffenden Kristina Reichardt statt. Die Kinder sprudelten f\u00f6rmlich \u00fcber vor Energie, sie lie\u00dfen ihrer Phantasie [&hellip;]<\/p>\n","protected":false},"author":2,"featured_media":39691,"comment_status":"closed","ping_status":"closed","sticky":false,"template":"","format":"standard","meta":{"jnews-multi-image_gallery":[],"jnews_single_post":{"subtitle":"Eine sch\u00f6ne Welt","format":"standard","video":"","gallery":"","source_name":"","source_url":"","via_name":"","via_url":"","override_template":"0","override":[{"template":"1","single_blog_custom":"","parallax":"1","fullscreen":"1","layout":"right-sidebar","sidebar":"default-sidebar","second_sidebar":"default-sidebar","sticky_sidebar":"1","share_position":"top","share_float_style":"share-monocrhome","show_share_counter":"0","show_view_counter":"1","show_featured":"1","show_post_meta":"1","show_post_author":"1","show_post_author_image":"1","show_post_date":"1","post_date_format":"default","post_date_format_custom":"Y\/m\/d","show_post_category":"0","show_post_reading_time":"0","post_reading_time_wpm":"300","show_zoom_button":"0","zoom_button_out_step":"2","zoom_button_in_step":"3","show_post_tag":"1","show_prev_next_post":"0","show_popup_post":"1","number_popup_post":"1","show_author_box":"1","show_post_related":"1","show_inline_post_related":"0"}],"override_image_size":"0","image_override":[{"single_post_thumbnail_size":"crop-500","single_post_gallery_size":"crop-500"}],"trending_post":"0","trending_post_position":"meta","trending_post_label":"Trending","sponsored_post":"0","sponsored_post_label":"Sponsored by","sponsored_post_name":"","sponsored_post_url":"","sponsored_post_logo_enable":"0","sponsored_post_logo":"","sponsored_post_desc":"","disable_ad":"0"},"jnews_primary_category":{"id":""},"jnews_social_meta":{"fb_title":"","fb_description":"","fb_image":"","twitter_title":"","twitter_description":"","twitter_image":""},"jnews_override_counter":{"override_view_counter":"0","view_counter_number":"0","override_share_counter":"0","share_counter_number":"0","override_like_counter":"0","like_counter_number":"0","override_dislike_counter":"0","dislike_counter_number":"0"},"jnews_post_split":{"enable_post_split":"0","post_split":[{"template":"1","tag":"h2","numbering":"asc","mode":"normal","first":"0","enable_toc":"0","toc_type":"normal"}]},"footnotes":""},"categories":[67,63,74,2],"tags":[724,1073,686],"class_list":["post-39689","post","type-post","status-publish","format-standard","has-post-thumbnail","hentry","category-amt-sandesneben-nusse","category-herzogtum-lauenburg","category-jugend-direkt","category-startseite","tag-avantgarde-schiphorst","tag-kunst","tag-schiphorst"],"_links":{"self":[{"href":"https:\/\/herzogtum-direkt.de\/index.php\/wp-json\/wp\/v2\/posts\/39689","targetHints":{"allow":["GET"]}}],"collection":[{"href":"https:\/\/herzogtum-direkt.de\/index.php\/wp-json\/wp\/v2\/posts"}],"about":[{"href":"https:\/\/herzogtum-direkt.de\/index.php\/wp-json\/wp\/v2\/types\/post"}],"author":[{"embeddable":true,"href":"https:\/\/herzogtum-direkt.de\/index.php\/wp-json\/wp\/v2\/users\/2"}],"replies":[{"embeddable":true,"href":"https:\/\/herzogtum-direkt.de\/index.php\/wp-json\/wp\/v2\/comments?post=39689"}],"version-history":[{"count":3,"href":"https:\/\/herzogtum-direkt.de\/index.php\/wp-json\/wp\/v2\/posts\/39689\/revisions"}],"predecessor-version":[{"id":39732,"href":"https:\/\/herzogtum-direkt.de\/index.php\/wp-json\/wp\/v2\/posts\/39689\/revisions\/39732"}],"wp:featuredmedia":[{"embeddable":true,"href":"https:\/\/herzogtum-direkt.de\/index.php\/wp-json\/wp\/v2\/media\/39691"}],"wp:attachment":[{"href":"https:\/\/herzogtum-direkt.de\/index.php\/wp-json\/wp\/v2\/media?parent=39689"}],"wp:term":[{"taxonomy":"category","embeddable":true,"href":"https:\/\/herzogtum-direkt.de\/index.php\/wp-json\/wp\/v2\/categories?post=39689"},{"taxonomy":"post_tag","embeddable":true,"href":"https:\/\/herzogtum-direkt.de\/index.php\/wp-json\/wp\/v2\/tags?post=39689"}],"curies":[{"name":"wp","href":"https:\/\/api.w.org\/{rel}","templated":true}]}}