{"id":38310,"date":"2022-03-13T15:07:21","date_gmt":"2022-03-13T13:07:21","guid":{"rendered":"https:\/\/herzogtum-direkt.de\/?p=38310"},"modified":"2022-03-13T21:23:45","modified_gmt":"2022-03-13T19:23:45","slug":"liveticker-wer-wird-neuer-buergermeister-in-ratzeburg","status":"publish","type":"post","link":"https:\/\/herzogtum-direkt.de\/index.php\/2022\/03\/13\/liveticker-wer-wird-neuer-buergermeister-in-ratzeburg\/","title":{"rendered":"Minutenprotokoll: Eckhard Graf ist Ratzeburgs neuer B\u00fcrgermeister"},"content":{"rendered":"\n<p><strong>Ratzeburg (aa). <\/strong>Volker Barczynski und Eckhard Graf sammelten vor drei Wochen von allen Kandidaten die meisten Stimmen. Heute entschied sich in der Stichwahl, wer von beiden Ratzeburgs neuer Verwaltungschef wird. Eckhard Graf ist der strahlende Sieger und konnte mir deutlichen Vorsprung die Wahl f\u00fcr sich entscheiden. Die Ereignisse zur Wahl k\u00f6nnen Sie hier im Minutenprotokoll auf Herzogtum direkt nachverfolgen. <\/p>\n\n\n\n<p>19.34 Uhr: Hiermit schlie\u00dfe ich f\u00fcr heute den Liveticker und bedanke mich f\u00fcr die gro\u00dfe Aufmerksamkeit. Ihr Andreas Anders<\/p>\n\n\n\n<p>19.10 Uhr: Der SPD Ortsverband sendet Gl\u00fcckw\u00fcnsche an den neuen B\u00fcrgermeister:\n <div class=\"brlbs-cmpnt-container brlbs-cmpnt-content-blocker brlbs-cmpnt-with-individual-styles\" data-borlabs-cookie-content-blocker-id=\"default\" data-borlabs-cookie-content=\"PGlmcmFtZSBzcmM9Imh0dHBzOi8vd3d3LmZhY2Vib29rLmNvbS9wbHVnaW5zL3Bvc3QucGhwP2hyZWY9aHR0cHMlM0ElMkYlMkZ3d3cuZmFjZWJvb2suY29tJTJGU1BEUmF0emVidXJnJTJGcG9zdHMlMkYyNjM2MjkxNzA5ODM4MTQ5JmFtcDtzaG93X3RleHQ9dHJ1ZSZhbXA7d2lkdGg9NTAwIiBzdHlsZT0iYm9yZGVyOm5vbmU7b3ZlcmZsb3c6aGlkZGVuIiBzY3JvbGxpbmc9Im5vIiBhbGxvd2Z1bGxzY3JlZW49InRydWUiIGFsbG93PSJhdXRvcGxheTsgY2xpcGJvYXJkLXdyaXRlOyBlbmNyeXB0ZWQtbWVkaWE7IHBpY3R1cmUtaW4tcGljdHVyZTsgd2ViLXNoYXJlIiB3aWR0aD0iNTAwIiBoZWlnaHQ9IjQ3NCIgZnJhbWVib3JkZXI9IjAiPjwvaWZyYW1lPg==\"><div class=\"brlbs-cmpnt-cb-preset-a\"> <p class=\"brlbs-cmpnt-cb-description\">Sie sehen gerade einen Platzhalterinhalt von <strong>Standard<\/strong>. Um auf den eigentlichen Inhalt zuzugreifen, klicken Sie auf den Button unten. Bitte beachten Sie, dass dabei Daten an Drittanbieter weitergegeben werden.<\/p> <div class=\"brlbs-cmpnt-cb-buttons\"> <a class=\"brlbs-cmpnt-cb-btn\" href=\"#\" data-borlabs-cookie-unblock role=\"button\">Inhalt entsperren<\/a> <a class=\"brlbs-cmpnt-cb-btn\" href=\"#\" data-borlabs-cookie-accept-service role=\"button\" style=\"display: none\">Erforderlichen Service akzeptieren und Inhalte entsperren<\/a> <\/div> <a class=\"brlbs-cmpnt-cb-provider-toggle\" href=\"#\" data-borlabs-cookie-show-provider-information role=\"button\">Weitere Informationen<\/a> <\/div><\/div>\n\n\n\n<p>19.06 Uhr: Die Wahlbeteiligung lag \u00fcbrigens bei 35,7 Prozent, das ist noch niedriger als am 20. Februar (37,5 Prozent). Am Wetter kann es dieses Mal nicht gelegen haben. Die M\u00f6llner d\u00fcrften damit beste Chancen haben, sich n\u00e4chsten Sonntag das rote Sofa der Inselstadt zu sichern.<\/p>\n\n\n\n<p><\/p>\n\n\n\n<div class=\"wp-block-columns is-layout-flex wp-container-core-columns-is-layout-9d6595d7 wp-block-columns-is-layout-flex\">\n<div class=\"wp-block-column is-layout-flow wp-block-column-is-layout-flow\" style=\"flex-basis:33.33%\">\n<p>18.54 Uhr: Shake hands zwischen den beiden Kandidaten Graf und Barczynski.<\/p>\n<\/div>\n\n\n\n<div class=\"wp-block-column is-layout-flow wp-block-column-is-layout-flow\" style=\"flex-basis:66.66%\">\n<figure class=\"wp-block-image size-full is-style-rounded\"><img fetchpriority=\"high\" decoding=\"async\" width=\"500\" height=\"476\" src=\"https:\/\/herzogtum-direkt.de\/wp-content\/uploads\/2022\/03\/tbi-Rz-Bm-Wahl-Graf-Barczynski.jpg\" alt=\"\" class=\"wp-image-38377\" srcset=\"https:\/\/herzogtum-direkt.de\/wp-content\/uploads\/2022\/03\/tbi-Rz-Bm-Wahl-Graf-Barczynski.jpg 500w, https:\/\/herzogtum-direkt.de\/wp-content\/uploads\/2022\/03\/tbi-Rz-Bm-Wahl-Graf-Barczynski-300x286.jpg 300w\" sizes=\"(max-width: 500px) 100vw, 500px\" \/><figcaption>Foto: Thomas Biller<\/figcaption><\/figure>\n<\/div>\n<\/div>\n\n\n\n<p>18.52 Uhr: Und da ist der letzte Bezirk: Eckhard Graf wird mit 62,7 Prozent aller abgebenen Stimmen Ratzeburgs neuer B\u00fcrgermeister, Volker Barczynski erreicht 37,3 Prozent. <\/p>\n\n\n\n<p>18.45 Uhr: Der letzte Bezirk wird nur noch etwas f\u00fcr die Ergebnis-Kosmetik sein.<\/p>\n\n\n\n<p>18.42 Uhr: Der vorletzte Bezirk: Graf bei 63,1 Prozent, Barczynski bei 36,9 Prozent.<\/p>\n\n\n\n<div class=\"wp-block-columns is-layout-flex wp-container-core-columns-is-layout-9d6595d7 wp-block-columns-is-layout-flex\">\n<div class=\"wp-block-column is-layout-flow wp-block-column-is-layout-flow\">\n<p>18.40 Uhr: Blick ins Rathaus&#8230;<\/p>\n<\/div>\n\n\n\n<div class=\"wp-block-column is-layout-flow wp-block-column-is-layout-flow\">\n<figure class=\"wp-block-image size-full is-resized\"><img decoding=\"async\" src=\"https:\/\/herzogtum-direkt.de\/wp-content\/uploads\/2022\/03\/tbi-BM-Wahl-Rathaus.jpg\" alt=\"\" class=\"wp-image-38361\" width=\"604\" height=\"339\" srcset=\"https:\/\/herzogtum-direkt.de\/wp-content\/uploads\/2022\/03\/tbi-BM-Wahl-Rathaus.jpg 1000w, https:\/\/herzogtum-direkt.de\/wp-content\/uploads\/2022\/03\/tbi-BM-Wahl-Rathaus-300x169.jpg 300w, https:\/\/herzogtum-direkt.de\/wp-content\/uploads\/2022\/03\/tbi-BM-Wahl-Rathaus-768x432.jpg 768w, https:\/\/herzogtum-direkt.de\/wp-content\/uploads\/2022\/03\/tbi-BM-Wahl-Rathaus-750x422.jpg 750w\" sizes=\"(max-width: 604px) 100vw, 604px\" \/><figcaption>Foto: Thomas Biller<\/figcaption><\/figure>\n<\/div>\n<\/div>\n\n\n\n<p>18.38 Uhr: Nach zehn Bezirken: Graf bei 63,5 Prozent, Barczynski bei 36,5 Prozent. Der Drops d\u00fcrfte gelutsch sein.<\/p>\n\n\n\n<p>18.35 Uhr: Nach neun Bezirken: Graf bei 63,0 Prozent, Barczynski bei 37,0 Prozent.<\/p>\n\n\n\n<p>18.30 Uhr: Nach acht Bezirken: Graf bei 68,0 Prozent, Barczynski bei 38,0 Prozent.<\/p>\n\n\n\n<p>18.29 Uhr: Halbzeit, sechs Bezirke sind ausgez\u00e4hlt: Graf bei 62,2 Prozent, Barczynski bei 37,8 Prozent.<\/p>\n\n\n\n<p>18.27 Uhr: Nach f\u00fcnf Bezirken: Graf bei 61,2 Prozent, Barczynski bei 38,8 Prozent<\/p>\n\n\n\n<p>18.25 Uhr: Nach vier Bezirken: Graf 60,8 Prozent, Barczynski 39,2 Prozent.<\/p>\n\n\n\n<p>18.22 Uhr: Nach drei Bezirken liegt Graf bei 60,6 Prozent, Barczynski bei 39,4 Prozent. Wird das ein Durchmarsch f\u00fcr Graf?<\/p>\n\n\n\n<p>18.21 Uhr: Die Wahlbeteiligung liegt bislang bei 35,5 Prozent.<\/p>\n\n\n\n<p>18.17 Uhr: Und der zweite Bezirk ist fertig. Graf jetzt bei 62,6 Prozent, Barczynski bei 37,4 Prozent.<\/p>\n\n\n\n<p>18.16 Uhr: Das erste Ergebnis des Abends ist da. Graf f\u00fchrt nach einem ausgez\u00e4hlten Bezirk mit 55,4 Prozent der Stimmen vor Barczynski. <\/p>\n\n\n\n<div class=\"wp-block-columns is-layout-flex wp-container-core-columns-is-layout-9d6595d7 wp-block-columns-is-layout-flex\">\n<div class=\"wp-block-column is-layout-flow wp-block-column-is-layout-flow\">\n<p>18.12 Uhr: Im Ratzeburger Rathaus wie in allen anderen Wahlbezirken wird jetzt flei\u00dfig gez\u00e4hlt.<\/p>\n<\/div>\n\n\n\n<div class=\"wp-block-column is-layout-flow wp-block-column-is-layout-flow\">\n<figure class=\"wp-block-image size-full is-resized is-style-default\"><img decoding=\"async\" src=\"https:\/\/herzogtum-direkt.de\/wp-content\/uploads\/2022\/03\/tbi-Auszaehlung-BM-Wahl-Rz.jpg\" alt=\"\" class=\"wp-image-38338\" width=\"509\" height=\"286\" srcset=\"https:\/\/herzogtum-direkt.de\/wp-content\/uploads\/2022\/03\/tbi-Auszaehlung-BM-Wahl-Rz.jpg 1000w, https:\/\/herzogtum-direkt.de\/wp-content\/uploads\/2022\/03\/tbi-Auszaehlung-BM-Wahl-Rz-300x169.jpg 300w, https:\/\/herzogtum-direkt.de\/wp-content\/uploads\/2022\/03\/tbi-Auszaehlung-BM-Wahl-Rz-768x432.jpg 768w, https:\/\/herzogtum-direkt.de\/wp-content\/uploads\/2022\/03\/tbi-Auszaehlung-BM-Wahl-Rz-750x422.jpg 750w\" sizes=\"(max-width: 509px) 100vw, 509px\" \/><figcaption>Foto: Thomas Biller<\/figcaption><\/figure>\n<\/div>\n<\/div>\n\n\n\n<p>18.10 Uhr: Bei der Wahl am 20. Februar erhielt Eckhard Graf 2.060 Stimmen und 1.155 gingen an Volker Barczynski. Wer konnte heute mehr Ratzeburger \u00fcberzeugen, die zuvor f\u00fcr die Mitbewerber Andreas Marquardt, Muadh Ouerghui und Reimar von Wachholtz gestimmt hatten?<\/p>\n\n\n\n<p>18 Uhr: Und wieder ist es vorbei. Jetzt wird ausgez\u00e4hlt.<\/p>\n\n\n\n<p>17 Uhr: Wieder einmal wird jetzt die finale Runde eingel\u00e4utet. Nur noch eine Stunde, dann schlie\u00dfen die Wahllokale und wir warten gespannt auf die ersten Ausz\u00e4hlungsergebnisse ab zirka 18.20 Uhr. <\/p>\n\n\n\n<p><p>16.30 Uhr: Auch die B\u00fcrgermeisterkandidaten selbst versuchten heute noch \u00fcber ihre jeweiligen socialmedia-Kan\u00e4le die W\u00e4hler zu aktivieren:<\/p>\n <div class=\"brlbs-cmpnt-container brlbs-cmpnt-content-blocker brlbs-cmpnt-with-individual-styles\" data-borlabs-cookie-content-blocker-id=\"default\" data-borlabs-cookie-content=\"PGlmcmFtZSBzcmM9Imh0dHBzOi8vd3d3LmZhY2Vib29rLmNvbS9wbHVnaW5zL3Bvc3QucGhwP2hyZWY9aHR0cHMlM0ElMkYlMkZ3d3cuZmFjZWJvb2suY29tJTJGQk1LVm9sa2VyQmFyY3p5bnNraSUyRnBvc3RzJTJGMTU1NDkwOTIwMTc5OTEwJmFtcDtzaG93X3RleHQ9dHJ1ZSZhbXA7d2lkdGg9NTAwIiBzdHlsZT0iYm9yZGVyOm5vbmU7b3ZlcmZsb3c6aGlkZGVuIiBzY3JvbGxpbmc9Im5vIiBhbGxvd2Z1bGxzY3JlZW49InRydWUiIGFsbG93PSJhdXRvcGxheTsgY2xpcGJvYXJkLXdyaXRlOyBlbmNyeXB0ZWQtbWVkaWE7IHBpY3R1cmUtaW4tcGljdHVyZTsgd2ViLXNoYXJlIiB3aWR0aD0iNTAwIiBoZWlnaHQ9IjM1NCIgZnJhbWVib3JkZXI9IjAiPjwvaWZyYW1lPg==\"><div class=\"brlbs-cmpnt-cb-preset-a\"> <p class=\"brlbs-cmpnt-cb-description\">Sie sehen gerade einen Platzhalterinhalt von <strong>Standard<\/strong>. Um auf den eigentlichen Inhalt zuzugreifen, klicken Sie auf den Button unten. Bitte beachten Sie, dass dabei Daten an Drittanbieter weitergegeben werden.<\/p> <div class=\"brlbs-cmpnt-cb-buttons\"> <a class=\"brlbs-cmpnt-cb-btn\" href=\"#\" data-borlabs-cookie-unblock role=\"button\">Inhalt entsperren<\/a> <a class=\"brlbs-cmpnt-cb-btn\" href=\"#\" data-borlabs-cookie-accept-service role=\"button\" style=\"display: none\">Erforderlichen Service akzeptieren und Inhalte entsperren<\/a> <\/div> <a class=\"brlbs-cmpnt-cb-provider-toggle\" href=\"#\" data-borlabs-cookie-show-provider-information role=\"button\">Weitere Informationen<\/a> <\/div><\/div>\n <div class=\"brlbs-cmpnt-container brlbs-cmpnt-content-blocker brlbs-cmpnt-with-individual-styles\" data-borlabs-cookie-content-blocker-id=\"default\" data-borlabs-cookie-content=\"PGlmcmFtZSBzcmM9Imh0dHBzOi8vd3d3LmZhY2Vib29rLmNvbS9wbHVnaW5zL3Bvc3QucGhwP2hyZWY9aHR0cHMlM0ElMkYlMkZ3d3cuZmFjZWJvb2suY29tJTJGZWNraGFyZC5ncmFmLnJ6JTJGcG9zdHMlMkYxNDE0ODI1OTUwMzgzNjYmc2hvd190ZXh0PXRydWUmd2lkdGg9NTAwIiB3aWR0aD0iNTAwIiBoZWlnaHQ9IjYzNSIgc3R5bGU9ImJvcmRlcjpub25lO292ZXJmbG93OmhpZGRlbiIgc2Nyb2xsaW5nPSJubyIgZnJhbWVib3JkZXI9IjAiIGFsbG93ZnVsbHNjcmVlbj0idHJ1ZSIgYWxsb3c9ImF1dG9wbGF5OyBjbGlwYm9hcmQtd3JpdGU7IGVuY3J5cHRlZC1tZWRpYTsgcGljdHVyZS1pbi1waWN0dXJlOyB3ZWItc2hhcmUiPjwvaWZyYW1lPg==\"><div class=\"brlbs-cmpnt-cb-preset-a\"> <p class=\"brlbs-cmpnt-cb-description\">Sie sehen gerade einen Platzhalterinhalt von <strong>Standard<\/strong>. Um auf den eigentlichen Inhalt zuzugreifen, klicken Sie auf den Button unten. Bitte beachten Sie, dass dabei Daten an Drittanbieter weitergegeben werden.<\/p> <div class=\"brlbs-cmpnt-cb-buttons\"> <a class=\"brlbs-cmpnt-cb-btn\" href=\"#\" data-borlabs-cookie-unblock role=\"button\">Inhalt entsperren<\/a> <a class=\"brlbs-cmpnt-cb-btn\" href=\"#\" data-borlabs-cookie-accept-service role=\"button\" style=\"display: none\">Erforderlichen Service akzeptieren und Inhalte entsperren<\/a> <\/div> <a class=\"brlbs-cmpnt-cb-provider-toggle\" href=\"#\" data-borlabs-cookie-show-provider-information role=\"button\">Weitere Informationen<\/a> <\/div><\/div>\n\n\n\n<p>15.15 Uhr: Schauen wir mal auf die Wahlbeteiligung von heute: um 14.30 Uhr hatten im Wahllokal 7 in der Vorstadt ( &#8222;Bauhof&#8220;) 145 bereits ihre Stimme abgegeben, 126 Briefw\u00e4hler sind dort vorliegend. Dort sind 815 Personen wahlberechtigt. Das entspricht also einer Wahlbeteiligung von 33,25 Prozent. Nicht schlecht f\u00fcr diese Uhrzeit, aber auch nicht wirklich gut. Aber bis 18 Uhr ist ja noch etwas Zeit.<\/p>\n\n\n\n<p>15 Uhr: Auch der erste Stadtrat Martin Bruns versuchte mit einer Aktion die Ratzeburger W\u00e4hler f\u00fcr heute zu aktivieren. So habe M\u00f6lln in Ratzeburg das rote Sofa der Stadt f\u00fcr die Verabschiedung Jans Wiegels angefragt. Bruns sagte zu, aber nur unter der Bedingung, dass die M\u00f6llner kommendes Wochenende zu ihrer Stichwahl eine h\u00f6here Wahlbeteiligung erreichen, als die Ratzeburger heute. Ob sich die Ratzeburger heute bei der Ehre gepackt f\u00fchlen? Oder g\u00f6nnen sie der Nachbarstadt den Genuss des Sofas f\u00fcr ihren k\u00fcnftigen Alt-B\u00fcrgermeister?<\/p>\n\n\n\n<p>14.45 Uhr: Apropos Wahlbeteiligung &#8211; Stadtpr\u00e4sident Ottfried Feu\u00dfner und sein Stellvertreter Andreas von Gropper rufen zur aktiven Teilnahme an dem heutigen demokratischen Prozess auf: &#8222;Liebe Ratzeburgerinnen und Ratzeburger,<\/p>\n\n\n\n<p>Heute w\u00e4hlen Sie den B\u00fcrgermeister unserer sch\u00f6nen Stadt Ratzeburg f\u00fcr die n\u00e4chsten 6 Jahre. Wir haben viel vor: Die bereits beschlossenen Projekte zur Sanierung des s\u00fcdlichen Inselrands oder die Digitalisierung der Verwaltung sind nur zwei Beispiele f\u00fcr die nachhaltigen Ver\u00e4nderungen, die Ratzeburg in den n\u00e4chsten Jahren erleben wird. Vertrauen Sie Ihre Stimme demjenigen der beiden Kandidaten an, dem Sie die fachliche und b\u00fcrgernahe Begleitung dieser weitgreifenden Ver\u00e4nderungen am ehesten zutrauen.&nbsp;<\/p>\n\n\n\n<p>Nach dem Gemeindewahlgesetz von Schleswig-Holstein wird der B\u00fcrgermeister direkt von den B\u00fcrgerinnen und B\u00fcrgern gew\u00e4hlt. Die freie Wahl ist eines der h\u00f6chsten G\u00fcter des demokratischen Staats. Und nach vielen Jahrzehnten in Frieden, Freiheit und Wohlstand wird uns derzeit dramatisch vor Augen gef\u00fchrt, dass keiner dieser drei Werte selbstverst\u00e4ndlich ist. Geben Sie daher unserer Demokratie mit einer hohen Wahlbeteiligung den notwendigen R\u00fcckhalt; sie lebt von Ihrem Interesse und Ihrer Mitwirkung. Bringen Sie Ihre Teilnahme an unserem Gemeinwesen auch durch Ihre Stimmabgabe zum Ausdruck. Gehen Sie zur Wahl und machen Sie von Ihrem Wahlrecht Gebrauch! Sie k\u00f6nnen den Fortgang der Ausz\u00e4hlung und das vorl\u00e4ufige Endergebnis ab 18 Uhr auf der Homepage der Stadt Ratzeburg unter <a rel=\"noreferrer noopener\" href=\"http:\/\/www.ratzeburg.de\" target=\"_blank\">www.ratzeburg.de<\/a> online verfolgen.<\/p>\n\n\n\n<p>Wir m\u00f6chten es nicht vers\u00e4umen, an dieser Stelle besonders herzlich dem 1. Stadtrat Martin Bruns f\u00fcr die zeitintensive und gewissenhafte \u00dcbernahme des B\u00fcrgermeisteramtes zu danken. Er hat uns mit Ruhe und Bedacht durch eine \u201ekopflose\u201c Zeit gef\u00fchrt. Daf\u00fcr geb\u00fchrt ihm Respekt und Anerkennung.&#8220;<\/p>\n\n\n\n<p>14.30 Uhr: Wirklich mies war bei der Wahl am 20. Februar 2022 nicht nur das Wetter, sondern auch die Wahlbeteiligung. Diese lag am Ende des Tages wenig ruhmreich bei 37,5 Prozent. Wird die Sonne heute mehr Ratzeburger hinter dem Ofen hervor- beziehungsweise in die Wahllokale locken?<\/p>\n\n\n\n<p>14.15 Uhr: Zur Wahl stehen Volker Barczynski und Eckhard Graf. Graf geht mit einem deutlichen Stimmenvorsprung bei einem Anteil \u00fcber 47 Prozent als Favorit in die Stichwahl. Barczynski zog ins heutige Finale mit rund 26 Prozent der Stimmen. Wird Barczynski bis 18 Uhr den R\u00fcckstand an Stimmen aufgeholt haben? Es verspricht auf jeden Fall wieder ein spannender Abend zu werden.<\/p>\n\n\n\n<p>14.10 Uhr: Auch heute sind wieder 12.000 Wahlberechtigte aufgerufen, sich auf den Weg zur Urne in einem von zw\u00f6lf Wahlbezirken zu machen.<\/p>\n\n\n\n<p>14 Uhr: Herzlich willkommen an diesem wundervoll sonnigen Sonntag zum Liveticker auf Herzogtum direkt.<\/p>\n","protected":false},"excerpt":{"rendered":"<p>Ratzeburg (aa). Volker Barczynski und Eckhard Graf sammelten vor drei Wochen von allen Kandidaten die meisten Stimmen. Heute entschied sich in der Stichwahl, wer von beiden Ratzeburgs neuer Verwaltungschef wird. Eckhard Graf ist der strahlende Sieger und konnte mir deutlichen Vorsprung die Wahl f\u00fcr sich entscheiden. Die Ereignisse zur Wahl k\u00f6nnen Sie hier im Minutenprotokoll [&hellip;]<\/p>\n","protected":false},"author":6,"featured_media":38379,"comment_status":"closed","ping_status":"closed","sticky":false,"template":"","format":"standard","meta":{"jnews-multi-image_gallery":[],"jnews_single_post":{"subtitle":"","format":"standard","video":"","gallery":"","source_name":"","source_url":"","via_name":"","via_url":"","override_template":"0","override":[{"template":"1","single_blog_custom":"","parallax":"1","fullscreen":"1","layout":"right-sidebar","sidebar":"default-sidebar","second_sidebar":"default-sidebar","sticky_sidebar":"1","share_position":"top","share_float_style":"share-monocrhome","show_share_counter":"1","show_view_counter":"1","show_featured":"1","show_post_meta":"1","show_post_author":"1","show_post_author_image":"1","show_post_date":"1","post_date_format":"default","post_date_format_custom":"Y\/m\/d","show_post_category":"1","show_post_reading_time":"0","post_reading_time_wpm":"300","show_zoom_button":"0","zoom_button_out_step":"2","zoom_button_in_step":"3","show_post_tag":"1","show_prev_next_post":"1","show_popup_post":"1","number_popup_post":"1","show_author_box":"0","show_post_related":"0","show_inline_post_related":"0"}],"override_image_size":"0","image_override":[{"single_post_thumbnail_size":"crop-500","single_post_gallery_size":"crop-500"}],"trending_post":"0","trending_post_position":"meta","trending_post_label":"Trending","sponsored_post":"0","sponsored_post_label":"Sponsored by","sponsored_post_name":"","sponsored_post_url":"","sponsored_post_logo_enable":"0","sponsored_post_logo":"","sponsored_post_desc":"","disable_ad":"0"},"jnews_primary_category":{"id":""},"jnews_social_meta":{"fb_title":"","fb_description":"","fb_image":"","twitter_title":"","twitter_description":"","twitter_image":""},"jnews_override_counter":{"override_view_counter":"0","view_counter_number":"0","override_share_counter":"0","share_counter_number":"0","override_like_counter":"0","like_counter_number":"0","override_dislike_counter":"0","dislike_counter_number":"0"},"jnews_post_split":{"enable_post_split":"0","post_split":[{"template":"1","tag":"h2","numbering":"asc","mode":"normal","first":"0","enable_toc":"0","toc_type":"normal"}]},"footnotes":""},"categories":[63,64,2],"tags":[1909,832],"class_list":["post-38310","post","type-post","status-publish","format-standard","has-post-thumbnail","hentry","category-herzogtum-lauenburg","category-ratzeburg","category-startseite","tag-buergermeisterwahl-ratzeburg","tag-liveticker"],"_links":{"self":[{"href":"https:\/\/herzogtum-direkt.de\/index.php\/wp-json\/wp\/v2\/posts\/38310","targetHints":{"allow":["GET"]}}],"collection":[{"href":"https:\/\/herzogtum-direkt.de\/index.php\/wp-json\/wp\/v2\/posts"}],"about":[{"href":"https:\/\/herzogtum-direkt.de\/index.php\/wp-json\/wp\/v2\/types\/post"}],"author":[{"embeddable":true,"href":"https:\/\/herzogtum-direkt.de\/index.php\/wp-json\/wp\/v2\/users\/6"}],"replies":[{"embeddable":true,"href":"https:\/\/herzogtum-direkt.de\/index.php\/wp-json\/wp\/v2\/comments?post=38310"}],"version-history":[{"count":39,"href":"https:\/\/herzogtum-direkt.de\/index.php\/wp-json\/wp\/v2\/posts\/38310\/revisions"}],"predecessor-version":[{"id":38386,"href":"https:\/\/herzogtum-direkt.de\/index.php\/wp-json\/wp\/v2\/posts\/38310\/revisions\/38386"}],"wp:featuredmedia":[{"embeddable":true,"href":"https:\/\/herzogtum-direkt.de\/index.php\/wp-json\/wp\/v2\/media\/38379"}],"wp:attachment":[{"href":"https:\/\/herzogtum-direkt.de\/index.php\/wp-json\/wp\/v2\/media?parent=38310"}],"wp:term":[{"taxonomy":"category","embeddable":true,"href":"https:\/\/herzogtum-direkt.de\/index.php\/wp-json\/wp\/v2\/categories?post=38310"},{"taxonomy":"post_tag","embeddable":true,"href":"https:\/\/herzogtum-direkt.de\/index.php\/wp-json\/wp\/v2\/tags?post=38310"}],"curies":[{"name":"wp","href":"https:\/\/api.w.org\/{rel}","templated":true}]}}