{"id":3790,"date":"2018-05-16T08:47:43","date_gmt":"2018-05-16T06:47:43","guid":{"rendered":"https:\/\/herzogtum-direkt.de\/?p=3790"},"modified":"2018-05-16T08:50:27","modified_gmt":"2018-05-16T06:50:27","slug":"artenschutz-die-kunst-vielfalt-und-schoenheit-zu-schuetzen","status":"publish","type":"post","link":"https:\/\/herzogtum-direkt.de\/index.php\/2018\/05\/16\/artenschutz-die-kunst-vielfalt-und-schoenheit-zu-schuetzen\/","title":{"rendered":"&#8218;ARTenschutz \u2013 die Kunst, Vielfalt und Sch\u00f6nheit zu sch\u00fctzen&#8216;"},"content":{"rendered":"<p><strong>Klein Zecher (pm).<\/strong> Gleich der erste Referent, Volker Krieger, hat sich einem gro\u00dfen Thema unserer Zeit verschrieben: dem ARTenschutz. Er zeigt am Sonnabend, 26. Mai, eine Reihe von Grafiken und Texten, die unter anderem den neuen Kalender 2019 f\u00fcr das Biosph\u00e4renreservat Schaalsee f\u00fcllen. Das ARTenschutz-Projekt versteht sich dar\u00fcber hinaus als eigenst\u00e4ndige Kunst-Initiative, die sich der einmaligen Pracht der Natur ebenso leidenschaftlich widmet wie dem Schutz ihrer zunehmend bedrohten Vielfalt.<\/p>\n<p>Volker Krieger zeigt in dieser Reihe expressive Grafiken, deren Modelle \u2013 Tiere und Pflanzen \u2013 in Deutschland durchweg auf der Roten Liste bedrohter Arten stehen. Untermalt werden seine farbstarken Abstraktionen von engagierten Textst\u00fccken \u2013 gemeinsam ergeben beide Kunstformen ein passioniertes Pl\u00e4doyer f\u00fcr den Erhalt\u00a0der Artenvielfalt. \u201eWir arbeiten ohne erhobenen Zeigefinger, legen aber die Finger gerne auf die Natur-Wunden unserer Zeit\u201c, so die Autorin Britta Koth. \u201eWir m\u00f6gen es sch\u00f6n, bunt und laut, betonen aber durchaus, dass der Artenschwund\u00a0eine der schlimmsten Katastrophen weltweit ist. Eigentlich unvorstellbar: Von rund zwei Millionen beschriebenen Arten verschwinden im Jahr mehrere tausend Tier- und Pflanzenarten.\u201c<\/p>\n<p>\u201eLaut WWF gelten 25.821 von 91.523 beschriebenen Tier- und Pflanzenarten als bedroht \u201c, so Volker Krieger, \u201eund neben Nashorn und Panda betrifft das auch Feldhase, Biene und sogar den Regenwurm. Auf diese Biodiversit\u00e4tskrise nur hinzuweisen, sehen wir nicht als unsere Aufgabe. Das ist oft genug getan worden \u2013 das ist wichtig und unverzichtbar \u2013 mit unseren Graphiken und Texten m\u00f6chten wir vielmehr verhindern, dass dieses Sterben auf Zahlen reduziert wird. Wir wollen den Verlust an Sch\u00f6nheit und Eigenart wieder sinnlich erlebbar machen\u201c, so der Maler, Fotograf und leidenschaftliche Naturliebhaber, der auf einer Insel im Schaalsee lebt.<br \/>\n\u201eDamit Artenschutz wieder zu einem Einklang von Naturschutz, Land- und insbesondere Marktwirtschaft f\u00fchrt, daf\u00fcr schwingen wir unsere Pinsel und Griffel,\u201c so die K\u00fcnstler. Man darf erwarten, dass beiden noch viel zu diesem \u201eweltbewegenden\u201c Thema einfallen wird.<br \/>\nDie Einnahmen aus dem ARTenschutz- Kalender flie\u00dfen in die Artenschutz-Initiativen des Biosph\u00e4renreservat F\u00f6rderverein Schaalsee.<\/p>\n<p>Der Vortrag beginnt um 19 Uhr in der &#8218;Alten Schule\u201c, in Klein Zecher, M\u00fcllerweg 1.<\/p>\n<div class=\"brlbs-cmpnt-container brlbs-cmpnt-content-blocker brlbs-cmpnt-with-individual-styles\" data-borlabs-cookie-content-blocker-id=\"default\" data-borlabs-cookie-content=\"PGlmcmFtZSBzdHlsZT0iYm9yZGVyOiAxcHggc29saWQgYmxhY2s7IiBzcmM9Imh0dHBzOi8vd3d3Lm9wZW5zdHJlZXRtYXAub3JnL2V4cG9ydC9lbWJlZC5odG1sP2Jib3g9MTAuOTAzMjQ0MDE4NTU0NjklMkM1My41OTk0ODAxODM5MTM3NSUyQzEwLjkwNTkyNjIyNzU2OTU4MiUyQzUzLjYwMDYyMzAwNDA4MTY5JmFtcDtsYXllcj1tYXBuaWsmYW1wO21hcmtlcj01My42MDAwNTE1OTc4NjI0NDYlMkMxMC45MDQ1ODUxMjMwNjIxMzQiIHdpZHRoPSI2MjUiIGhlaWdodD0iNTUwIiBmcmFtZWJvcmRlcj0iMCIgbWFyZ2lud2lkdGg9IjAiIG1hcmdpbmhlaWdodD0iMCIgc2Nyb2xsaW5nPSJubyI+PHNwYW4gc3R5bGU9ImRpc3BsYXk6IGlubGluZS1ibG9jazsgd2lkdGg6IDBweDsgb3ZlcmZsb3c6IGhpZGRlbjsgbGluZS1oZWlnaHQ6IDA7IiBkYXRhLW1jZS10eXBlPSJib29rbWFyayIgY2xhc3M9Im1jZV9TRUxSRVNfc3RhcnQiPu+7vzwvc3Bhbj48L2lmcmFtZT4=\">\n<div class=\"brlbs-cmpnt-cb-preset-a\">\n<p class=\"brlbs-cmpnt-cb-description\">Sie sehen gerade einen Platzhalterinhalt von <strong>Standard<\/strong>. Um auf den eigentlichen Inhalt zuzugreifen, klicken Sie auf den Button unten. Bitte beachten Sie, dass dabei Daten an Drittanbieter weitergegeben werden.<\/p>\n<div class=\"brlbs-cmpnt-cb-buttons\"> <a class=\"brlbs-cmpnt-cb-btn\" href=\"#\" data-borlabs-cookie-unblock role=\"button\">Inhalt entsperren<\/a> <a class=\"brlbs-cmpnt-cb-btn\" href=\"#\" data-borlabs-cookie-accept-service role=\"button\" style=\"display: none\">Erforderlichen Service akzeptieren und Inhalte entsperren<\/a> <\/div>\n<p> <a class=\"brlbs-cmpnt-cb-provider-toggle\" href=\"#\" data-borlabs-cookie-show-provider-information role=\"button\">Weitere Informationen<\/a> <\/div>\n<\/div>\n<p><small><a href=\"https:\/\/www.openstreetmap.org\/?mlat=53.60005&amp;mlon=10.90459#map=19\/53.60005\/10.90459\">Gr\u00f6\u00dfere Karte anzeigen<\/a><\/small><\/p>\n","protected":false},"excerpt":{"rendered":"<p>Klein Zecher (pm). Gleich der erste Referent, Volker Krieger, hat sich einem gro\u00dfen Thema unserer Zeit verschrieben: dem ARTenschutz. Er zeigt am Sonnabend, 26. Mai, eine Reihe von Grafiken und Texten, die unter anderem den neuen Kalender 2019 f\u00fcr das Biosph\u00e4renreservat Schaalsee f\u00fcllen. Das ARTenschutz-Projekt versteht sich dar\u00fcber hinaus als eigenst\u00e4ndige Kunst-Initiative, die sich der [&hellip;]<\/p>\n","protected":false},"author":2,"featured_media":1186,"comment_status":"open","ping_status":"closed","sticky":false,"template":"","format":"standard","meta":{"jnews-multi-image_gallery":[],"jnews_single_post":[],"jnews_primary_category":[],"jnews_social_meta":[],"jnews_override_counter":[],"jnews_post_split":[],"footnotes":""},"categories":[69,70],"tags":[893,892,556,780],"class_list":["post-3790","post","type-post","status-publish","format-standard","has-post-thumbnail","hentry","category-amt-lauenburgische-seen","category-kultur","tag-alte-schule","tag-artenschutz","tag-biosphaerenreservat-schaalsee","tag-klein-zecher"],"_links":{"self":[{"href":"https:\/\/herzogtum-direkt.de\/index.php\/wp-json\/wp\/v2\/posts\/3790","targetHints":{"allow":["GET"]}}],"collection":[{"href":"https:\/\/herzogtum-direkt.de\/index.php\/wp-json\/wp\/v2\/posts"}],"about":[{"href":"https:\/\/herzogtum-direkt.de\/index.php\/wp-json\/wp\/v2\/types\/post"}],"author":[{"embeddable":true,"href":"https:\/\/herzogtum-direkt.de\/index.php\/wp-json\/wp\/v2\/users\/2"}],"replies":[{"embeddable":true,"href":"https:\/\/herzogtum-direkt.de\/index.php\/wp-json\/wp\/v2\/comments?post=3790"}],"version-history":[{"count":3,"href":"https:\/\/herzogtum-direkt.de\/index.php\/wp-json\/wp\/v2\/posts\/3790\/revisions"}],"predecessor-version":[{"id":3793,"href":"https:\/\/herzogtum-direkt.de\/index.php\/wp-json\/wp\/v2\/posts\/3790\/revisions\/3793"}],"wp:featuredmedia":[{"embeddable":true,"href":"https:\/\/herzogtum-direkt.de\/index.php\/wp-json\/wp\/v2\/media\/1186"}],"wp:attachment":[{"href":"https:\/\/herzogtum-direkt.de\/index.php\/wp-json\/wp\/v2\/media?parent=3790"}],"wp:term":[{"taxonomy":"category","embeddable":true,"href":"https:\/\/herzogtum-direkt.de\/index.php\/wp-json\/wp\/v2\/categories?post=3790"},{"taxonomy":"post_tag","embeddable":true,"href":"https:\/\/herzogtum-direkt.de\/index.php\/wp-json\/wp\/v2\/tags?post=3790"}],"curies":[{"name":"wp","href":"https:\/\/api.w.org\/{rel}","templated":true}]}}