{"id":37726,"date":"2022-02-27T10:05:21","date_gmt":"2022-02-27T08:05:21","guid":{"rendered":"https:\/\/herzogtum-direkt.de\/?p=37726"},"modified":"2022-02-28T16:07:55","modified_gmt":"2022-02-28T14:07:55","slug":"liveticker-zur-buergermeisterwahl-in-moelln-wer-schafft-es-in-die-stichwahl","status":"publish","type":"post","link":"https:\/\/herzogtum-direkt.de\/index.php\/2022\/02\/27\/liveticker-zur-buergermeisterwahl-in-moelln-wer-schafft-es-in-die-stichwahl\/","title":{"rendered":"Minutenprotokoll zur B\u00fcrgermeisterwahl in M\u00f6lln: Sch\u00e4per und Schlie gehen in die Stichwahl"},"content":{"rendered":"\n<p><strong>M\u00f6lln (aa). <\/strong>In M\u00f6lln war heute (27. Februar 2022) B\u00fcrgermeisterwahl. Mit Thomas Ebelt, Joachim Rumohr, Ingo Sch\u00e4per und Jan Frederik Schlie traten vier Kandidaten f\u00fcr das Amt des Verwaltungschefs an. Die Wahllokale waren wie immer von 8 bis 18 Uhr ge\u00f6ffnet. Alles Wichtige \u00fcber den Verlauf des Wahltags erfahren hier im Minutenprotokoll auf Herzogtum direkt.<\/p>\n\n\n\n<p>20.25 Uhr: Ein wirklich spannende Abend geht zu ende. Ich freue mich erneut \u00fcber so viele Leser hier im Liveticker und w\u00fcnsche Ihnen allen noch eine gute Nacht! Ihr Andreas Anders<\/p>\n\n\n\n<p>20.23 Uhr: Kandidat Joachim Rumohr zu Herzogtum direkt: &#8222;Aufgrund der vielen positiven R\u00fcckmeldungen, gerade auch von mir nicht bekannten M\u00f6llnern, habe ich tats\u00e4chlich nicht mit diesem Ergebnis gerechnet. \u00dcberrascht hat mich zudem, mit wie viel finanziellem Aufwand der Wahlkampf f\u00fcr eine B\u00fcrgermeisterwahl betrieben wurde und wie sehr sich die Parteien gegen einen parteifreien Kandidaten gewehrt haben.&#8220;<\/p>\n\n\n\n<p>20.21 Uhr: Zur Stichwahl am 20.03.2022 m\u00fcssen sich die M\u00f6llner dann also zwischen Ingo Sch\u00e4per und Jan Frederik Schlie entscheiden.<\/p>\n\n\n\n<p>20.15 Uhr: Ingo Sch\u00e4per sagt auf Nachfrage von Herzogtum direkt: &#8222;Mit einem so deutlichen Votum h\u00e4tte ich nicht gerechnet. Ich fand, es waren drei der vier Kandidaten sehr gleichwertig. Bis zur Stichwahl werde ich jetzt noch viel Zeit in den Wahlkampf investieren und noch mehr auf die W\u00e4hler zu gehen, damit die M\u00f6llner mich noch besser kennenlernen und ich gegebenfalls auch die W\u00e4hler von Joachim Rumohr von mir \u00fcberzeugen kann. Ich freue mich auf jeden Fall sehr, das ist ein sehr nettes Ergebnis.&#8220;<\/p>\n\n\n\n<p>19.42 Uhr: Erste Stimmen zur Wahl: Jan Frederik Schlie erkl\u00e4rt gegen\u00fcber Herzogtum direkt: &#8222;Wir hatten nach meiner Einsch\u00e4tzung drei starke Kandidaten, die ganz unterschiedlich f\u00fcr sich und ihre Themen geworben haben. Ich bin froh, dass ich so viele M\u00f6llner*innen f\u00fcr meine Ideen begeistern konnte. Jetzt hei\u00dft es aber auch weiter mit Themen \u00fcberzeugen. Und dies werde ich in den kommenden drei Wochen nat\u00fcrlich auch weiterhin im direkten Dialog mit allen M\u00f6llnern angehen. Heute freue ich mich erst einmal \u00fcber das Ergebnis und den Einzug in die Stichwahl.&#8220;<\/p>\n\n\n\n<p><strong>19.28 Uhr: Die Wahlbeteiligung kletterte immerhin noch auf 40,5 %, liegt aber sechs Prozentpunkte unter dem Ergebnis von 2016.<\/strong><\/p>\n\n\n\n<p><strong>19.23 Uhr: Aus, aus, die Wahl die aus. Alle Wahlbezirke sind jetzt ausgez\u00e4hlt. Ingo Sch\u00e4per erreicht 39,1 %, Jan Frederik Schlie 30,0 Prozent. Beide treten damit zur Stichwahl nochmals gegeneinander an. Den undankbaren Platz 3 erreicht Joachim Rumohr mit 28,3 % und nur 111 Stimmen hinter Schlie. Schlusslicht ist Thomas Ebelt mit 2,7 % der Stimmen.<\/strong><\/p>\n\n\n\n<p>19.19 Uhr: Alles deutet jetzt auf eine Stichwahl zwischen Sch\u00e4per und Schlie hin.<\/p>\n\n\n\n<p>19.14 Uhr: Vorletzter Bezirk: Sch\u00e4per 38,6 %, Schlie 30,3 %, Rumohr 28,5 %<\/p>\n\n\n\n<p>19.13 Uhr: F\u00fcr Rumohr wird es jetzt schwer. Mittlerweile trennen ihn rund 100 Stimmen von Schlie.<\/p>\n\n\n\n<p>19.07 Uhr: Nach zw\u00f6lf Bezirken: Sch\u00e4per bei 37,8 %, Schlie bei 30,7 %, Rumohr bei 28,8 %.<\/p>\n\n\n\n<p>19.04 Uhr: Schlie und Rumohr trennen aktuell weniger als 50 Stimmen. Das k\u00f6nnte ein Fotofinish werden.<\/p>\n\n\n\n<p>19.03 Uhr: 11 von 14 Bezirken: Sch\u00e4per 37,4 %, Schlie 30,4 %, Rumohr 29,4 %.<\/p>\n\n\n\n<p>19 Uhr: Ingo Sch\u00e4per scheint der Einzug in die Stichwahl fast sicher. Spannend bleibt der Zweikampf zwischen Schlie und Rumohr.<\/p>\n\n\n\n<p>18.57 Uhr: Zehn von 14 Bezirke: Sch\u00e4per 37,1 %, Schlie 30,5 %, Rumohr 29,6 %<\/p>\n\n\n\n<p>18.55 Uhr: Nach 9 von 14 ausgez\u00e4hlten Bezirken: Sch\u00e4per bei 38,6 %, Schlie 29,8 %, Rumohr 29 %.<\/p>\n\n\n\n<p>18.47 Uhr: \u00dcber die H\u00e4lfte ist jetzt ausgez\u00e4hlt: Sch\u00e4per setzt sich ab mit 39,3 %, Schlie 29,6 %, Rumohr 28,4 %.<\/p>\n\n\n\n<p>18.44 Uhr: Nach 7 ausgez\u00e4hlten Bezirken: Sch\u00e4per bei 38,9 %, Schlie 30,0 %, Rumohr bei 28,3 %, Ebelt weit abgeschlagen bei 2,7 %.<\/p>\n\n\n\n<p>18.42 Uhr: Nach sechs ausgez\u00e4hlten Bezirken: Sch\u00e4per 37,9 %, Schlie 30,4 %, Rumohr 29,1 %.<\/p>\n\n\n\n<p>18.39 Uhr: Sch\u00e4per bei 37,1 %, Schlie bei 30,8, Rumohr bei 29,0 % nach vier ausgez\u00e4hlten Bezirken.<\/p>\n\n\n\n<p>18.35 Uhr: Wahlbezirk 8 wurde jetzt hinzu addiert: Sch\u00e4per mit 36,2 %, Rumohr holt aus mit 30,4 %, Schlie jetzt bei 29,8 %.<\/p>\n\n\n\n<p>18.31 Uhr: Wahlbezirk 5 hat auch ausgez\u00e4hlt: Sch\u00e4per liegt jetzt mit 36,1 % vor Schlie mit 31 %, dahinter Rumohr mit 28,5 %, Ebelt liegt bei 4,4 %<\/p>\n\n\n\n<p>18.29 Uhr: Es riecht im Moment nach einem spannenden Dreikampf.<\/p>\n\n\n\n<p>18.27 Uhr: Die Wahlbeteiligung im Bezirk 6 lag tats\u00e4chlich nur bei 27,8 %.<\/p>\n\n\n\n<p>18.24 Uhr: Als erstes hat der Wahlbezirk 6 ausgez\u00e4hlt. Jan Frederik Schlie liegt hier mit 33,1 % knapp vor Ingo Sch\u00e4per mit 32,1 % und Joachim Rumohr mit 30,5 %. Thomas Ebelt kommt nur auf 4,3 %.<\/p>\n\n\n\n<p>18 Uhr: So, das war&#8217;s. Die Wahllokale sind jetzt geschlossen. Die Urnen werden jetzt ge\u00f6ffnet und der Inhalt von vielen flei\u00dfigen Helfern ausgez\u00e4hlt. Warten wir also gespannt auf die ersten Zwischenst\u00e4nde.<\/p>\n\n\n\n<p>17.30 Uhr: Die ersten Ausz\u00e4hlungsergebnisse sind so gegen 18.20 Uhr zu erwarten.<\/p>\n\n\n\n<p>17 Uhr: Nur noch 60 Minuten verbleiben den M\u00f6llnern, mit ihrer Stimmabgabe zu beeinflussen, wer als n\u00e4chster B\u00fcrgermeister ins Stadthaus einzieht.<\/p>\n\n\n\n<p>16.40 Uhr: Wie auch schon letzten Sonntag in Ratzeburg, ist auch f\u00fcr die B\u00fcrgermeisterwahl in M\u00f6lln erw\u00e4hnenswert, dass der Wahlkampf sehr fair und sachorientiert gef\u00fchrt wurde. Scharfe Angriffe auf die jeweiligen Mitbewerber blieben aus.<\/p>\n\n\n\n<p>16.26 Uhr: Wer immer die Wahl am Ende gewinnt, wird der siebte B\u00fcrgermeister der Eulenspiegelstadt nach dem 2. Weltkrieg.<\/p>\n\n\n\n<p>16 Uhr: Nur noch zwei Stunden bis die Wahllokale schlie\u00dfen. <\/p>\n\n\n\n<p>15.45 Uhr: Die Wahlhelfer raten heute allen W\u00e4hlern dazu, ihre Wahlbenachrichtigung aufzubewahren. Im Falle einer Stichwahl werde diese erneut ben\u00f6tigt.<\/p>\n\n\n\n<p>15.36 Uhr: Nach wie vor ist die Innenstadt sehr belebt. Vor den Eisdielen haben sich lange Schlangen gebildet. Vielleicht w\u00e4re es eine Idee f\u00fcr eine h\u00f6hrere Wahlbeteiligung beim n\u00e4chsten Mal jeden aktiven W\u00e4hler mit einer Kugel Eis zu locken? \ud83d\ude09<\/p>\n\n\n\n<p>15.15 Uhr: Alternativ kann die Wahlergebnispr\u00e4sentation auch \u00fcber einen Livestream in der \u201eMensa\u201c auf dem Schulberg mitverfolgt werden. Die Mensa wird hier um 17.45 Uhr unter Einhaltung von 2G f\u00fcr die \u00d6ffentlichkeit \u201ege\u00f6ffnet\u201c.<\/p>\n\n\n\n<p>15.12 Uhr: Die Ausz\u00e4hlung der Stimmen soll direkt nach Schlie\u00dfung der Wahllokale in den Wahllokalen beginnen. Nach erfolgter Ausz\u00e4hlung \u00fcbermitteln die Wahllokale ihre Ergebnisse sofort direkt an das Wahlb\u00fcro in der Stadtverwaltung, wo die Ergebnisse auf der <a href=\"https:\/\/wahlen.moelln.de\/app\/\" data-type=\"URL\" data-id=\"https:\/\/wahlen.moelln.de\/app\/\" target=\"_blank\" rel=\"noreferrer noopener\">Wahlplattform \u201eelect iT\u201c<\/a> erfasst werden.<\/p>\n\n\n\n<p>15.04 Uhr: Im Wahlbezirk 10 liegt die aktuelle Wahlbeteiligung bei 36,5 Prozent. Auch hier sind die Briefw\u00e4hler schon mitgez\u00e4hlt.<\/p>\n\n\n\n<p>14.45 Uhr: Jan Wiegels gewann seine Wiederwahl 2016 mit \u00fcber 60 Prozent der Stimmen. Da Wiegels nicht erneut antrat, wird M\u00f6lln nun nach zw\u00f6lf Jahren definitiv einen neuen B\u00fcrgermeister bekommen.<\/p>\n\n\n\n<p>14.40 Uhr: Da vor sechs Jahren nur zwei Personen sich zur Wahl stellten, war im Anschluss keine Stichwahl notwendig. Da heute vier Kandidaten antreten, ist eine Stichwahl sehr wahrscheinlich. Um es heute im ersten Anlauf zu schaffen, m\u00fcsste einer der Kandidaten die absolute Mehrheit also mehr als 50 Prozent der abgegebenen Stimmen auf sich vereinen.<\/p>\n\n\n\n<p>14.35 Uhr: Die letzte B\u00fcrgermeisterwahl war a, 28.02.2016. Damals traten Anja Reimann und Amtsinhaber Jan Wiegels gegeneinander an. Die Wahlbeteiligung lag vor sechs Jahren bei 46,5 Prozent.<\/p>\n\n\n\n<p>14.26 Uhr: Die vierzehn Wahllokale der Stadt sind bis 18 Uhr ge\u00f6ffnet. Das gute Wetter treibt bereits viele Menschen raus zum Sonntagsspaziergang. Das macht Hoffnung bez\u00fcglich einer guten Wahlbeteiligung.<\/p>\n\n\n\n<p>14.10 Uhr: Die Wahlbeteiligung liegt im Wahlbezirk 1 aktuell bei rund 30 Prozent. Die zuvor eingegangenen Briefwahlstimmen sind darin bereits enthalten.<\/p>\n\n\n\n<p>14 Uhr: 15.824 Wahlberechtigte sind heute in M\u00f6lln aufgerufen, einen neuen B\u00fcrgermeister zu w\u00e4hlen.<\/p>\n","protected":false},"excerpt":{"rendered":"<p>M\u00f6lln (aa). In M\u00f6lln war heute (27. Februar 2022) B\u00fcrgermeisterwahl. Mit Thomas Ebelt, Joachim Rumohr, Ingo Sch\u00e4per und Jan Frederik Schlie traten vier Kandidaten f\u00fcr das Amt des Verwaltungschefs an. Die Wahllokale waren wie immer von 8 bis 18 Uhr ge\u00f6ffnet. Alles Wichtige \u00fcber den Verlauf des Wahltags erfahren hier im Minutenprotokoll auf Herzogtum direkt. [&hellip;]<\/p>\n","protected":false},"author":6,"featured_media":37810,"comment_status":"closed","ping_status":"closed","sticky":false,"template":"","format":"standard","meta":{"jnews-multi-image_gallery":[],"jnews_single_post":{"subtitle":"","format":"standard","video":"","gallery":"","source_name":"","source_url":"","via_name":"","via_url":"","override_template":"0","override":[{"template":"1","single_blog_custom":"","parallax":"1","fullscreen":"1","layout":"right-sidebar","sidebar":"default-sidebar","second_sidebar":"default-sidebar","sticky_sidebar":"1","share_position":"top","share_float_style":"share-monocrhome","show_share_counter":"1","show_view_counter":"1","show_featured":"1","show_post_meta":"1","show_post_author":"1","show_post_author_image":"1","show_post_date":"1","post_date_format":"default","post_date_format_custom":"Y\/m\/d","show_post_category":"1","show_post_reading_time":"0","post_reading_time_wpm":"300","show_zoom_button":"0","zoom_button_out_step":"2","zoom_button_in_step":"3","show_post_tag":"1","show_prev_next_post":"1","show_popup_post":"1","number_popup_post":"1","show_author_box":"0","show_post_related":"0","show_inline_post_related":"0"}],"override_image_size":"0","image_override":[{"single_post_thumbnail_size":"crop-500","single_post_gallery_size":"crop-500"}],"trending_post":"0","trending_post_position":"meta","trending_post_label":"Trending","sponsored_post":"0","sponsored_post_label":"Sponsored by","sponsored_post_name":"","sponsored_post_url":"","sponsored_post_logo_enable":"0","sponsored_post_logo":"","sponsored_post_desc":"","disable_ad":"0"},"jnews_primary_category":{"id":""},"jnews_social_meta":{"fb_title":"","fb_description":"","fb_image":"","twitter_title":"","twitter_description":"","twitter_image":""},"jnews_override_counter":{"override_view_counter":"0","view_counter_number":"0","override_share_counter":"0","share_counter_number":"0","override_like_counter":"0","like_counter_number":"0","override_dislike_counter":"0","dislike_counter_number":"0"},"jnews_post_split":{"enable_post_split":"0","post_split":[{"template":"1","tag":"h2","numbering":"asc","mode":"normal","first":"0","enable_toc":"0","toc_type":"normal"}]},"footnotes":""},"categories":[63,66,2],"tags":[1907],"class_list":["post-37726","post","type-post","status-publish","format-standard","has-post-thumbnail","hentry","category-herzogtum-lauenburg","category-moelln","category-startseite","tag-buergermeisterwahl-moelln"],"_links":{"self":[{"href":"https:\/\/herzogtum-direkt.de\/index.php\/wp-json\/wp\/v2\/posts\/37726","targetHints":{"allow":["GET"]}}],"collection":[{"href":"https:\/\/herzogtum-direkt.de\/index.php\/wp-json\/wp\/v2\/posts"}],"about":[{"href":"https:\/\/herzogtum-direkt.de\/index.php\/wp-json\/wp\/v2\/types\/post"}],"author":[{"embeddable":true,"href":"https:\/\/herzogtum-direkt.de\/index.php\/wp-json\/wp\/v2\/users\/6"}],"replies":[{"embeddable":true,"href":"https:\/\/herzogtum-direkt.de\/index.php\/wp-json\/wp\/v2\/comments?post=37726"}],"version-history":[{"count":50,"href":"https:\/\/herzogtum-direkt.de\/index.php\/wp-json\/wp\/v2\/posts\/37726\/revisions"}],"predecessor-version":[{"id":37871,"href":"https:\/\/herzogtum-direkt.de\/index.php\/wp-json\/wp\/v2\/posts\/37726\/revisions\/37871"}],"wp:featuredmedia":[{"embeddable":true,"href":"https:\/\/herzogtum-direkt.de\/index.php\/wp-json\/wp\/v2\/media\/37810"}],"wp:attachment":[{"href":"https:\/\/herzogtum-direkt.de\/index.php\/wp-json\/wp\/v2\/media?parent=37726"}],"wp:term":[{"taxonomy":"category","embeddable":true,"href":"https:\/\/herzogtum-direkt.de\/index.php\/wp-json\/wp\/v2\/categories?post=37726"},{"taxonomy":"post_tag","embeddable":true,"href":"https:\/\/herzogtum-direkt.de\/index.php\/wp-json\/wp\/v2\/tags?post=37726"}],"curies":[{"name":"wp","href":"https:\/\/api.w.org\/{rel}","templated":true}]}}