{"id":37683,"date":"2022-02-25T10:24:30","date_gmt":"2022-02-25T08:24:30","guid":{"rendered":"https:\/\/herzogtum-direkt.de\/?p=37683"},"modified":"2022-02-25T10:24:30","modified_gmt":"2022-02-25T08:24:30","slug":"buergermeisterkandidat-ingo-schaeper-berichtet-von-den-vergangenen-wochen","status":"publish","type":"post","link":"https:\/\/herzogtum-direkt.de\/index.php\/2022\/02\/25\/buergermeisterkandidat-ingo-schaeper-berichtet-von-den-vergangenen-wochen\/","title":{"rendered":"B\u00fcrgermeisterkandidat Ingo Sch\u00e4per berichtet von den vergangenen Wochen"},"content":{"rendered":"\n<p><strong>M\u00f6lln (pm).<\/strong> Der Kandidat f\u00fcr das B\u00fcrgermeisteramt der Stadt M\u00f6lln, Ingo Sch\u00e4per, befindet sich seit Wochen im Wahlkampf. Hierbei hat er zun\u00e4chst begonnen, M\u00f6llnerinnen und M\u00f6llner direkt zu Hause zu besuchen und sich pers\u00f6nlich vorzustellen.<\/p>\n\n\n\n<p>Zeitgleich hat er den Kontakt vor Superm\u00e4rkten und auf dem Wochenmarkt gesucht. Dort ist er mit den Menschen ins Gespr\u00e4ch gekommen und konnte sich \u00fcber die Themen austauschen, welche die Bewohner bewegen. \u201eEs zeigte sich, dass sehr viel Wert auf die Verwaltungskompetenz eines B\u00fcrgermeisters gelegt wird, um ein \u00e4hnliches Szenario wie in Ratzeburg zu vermeiden\u201c, so Sch\u00e4per.<\/p>\n\n\n\n<p>Eine Stadtf\u00fchrung der besonderen Art fand mit einem Berufsbetreuer statt. Hier wurden ihm die weniger sch\u00f6nen Seiten der Stadt aufgezeigt. Themen waren beispielsweise der Leerstand von Wohngeb\u00e4uden trotz Wohnungsknappheit, aber auch die hohen Nebenkosten von schlecht isolierten Mietwohnungen an Hartz-IV-Empf\u00e4nger. Sch\u00e4per: \u201eDie Nebenkosten \u00fcbersteigen h\u00e4ufig die daf\u00fcr vorgesehenen Bez\u00fcge durch Sozialleistungen. Dies ist ein menschenunw\u00fcrdiger Umstand und es m\u00fcssen dringend L\u00f6sungen gefunden werden.\u201c<\/p>\n\n\n\n<p>Weitere Gespr\u00e4che fanden mit der Kreisbaugenossenschaft, dem Augustinum und dem Tierheim statt. \u201eIch bin nicht der Typ, der jeden Termin und jedes Gespr\u00e4ch in den sozialen Netzwerken zu Werbezwecken nutzt. Dies hemmt meine Gespr\u00e4chspartner und der eigentliche Zweck \u2013 das Vernetzen und die Informationsgewinnung \u2013 ger\u00e4t in den Hintergrund\u201c.<\/p>\n\n\n\n<p>Bisher seien die R\u00fcckmeldung zu den Gespr\u00e4chen durchgehend positiv gewesen. \u201eH\u00e4ufig sehen die Menschen zun\u00e4chst den Verwaltungsmenschen in mir und sind dann \u00fcberrascht, dass ich sehr humorvoll und menschlich bin\u201c, erl\u00e4utert Sch\u00e4per.<\/p>\n\n\n\n<p>Der B\u00fcrgermeisterkandidat Ingo Sch\u00e4per baut auf seine langj\u00e4hrige berufliche Erfahrung als F\u00fchrungskraft in der \u00f6ffentlichen Verwaltung. Diese will er nutzen, um die Mitarbeiterinnen und Mitarbeiter zu f\u00f6rdern, sowie die Dienstleistungen an die Bed\u00fcrfnisse der B\u00fcrgerinnen und B\u00fcrger auszurichten. \u201eAm Besten ist es doch, wenn die Bewohner der Stadt die Dienstleistungen der Verwaltung gar nicht wahrnehmen, weil sie reibungslos funktionieren\u201c betont Sch\u00e4per. Es sei zudem wichtig, die Stadtverwaltung als attraktiven Arbeitgeber zu etablieren. Ein weiteres Ziel wird das konsequente Voranbringen des Klima- und Umweltschutzes sein. \u201eWir m\u00fcssen so gut werden, dass sich andere St\u00e4dte an uns orientieren.\u201c Er betont aber auch immer wieder, wie wichtig ihm die Zusammenarbeit und der Austausch mit anderen Menschen ist. Ein B\u00fcrgermeister sei f\u00fcr die B\u00fcrgerinnen und B\u00fcrger da. Niemand solle Hemmungen haben, sich an ihn zu wenden. F\u00fcr seine eventuelle Amtszeit hat er ein gro\u00dfes Ziel \u2013 er m\u00f6chte so beliebt wie der ehemalige B\u00fcrgermeister Wolfgang Engelmann werden, mit dem er sich ausgetauscht hat.<\/p>\n","protected":false},"excerpt":{"rendered":"<p>M\u00f6lln (pm). Der Kandidat f\u00fcr das B\u00fcrgermeisteramt der Stadt M\u00f6lln, Ingo Sch\u00e4per, befindet sich seit Wochen im Wahlkampf. Hierbei hat er zun\u00e4chst begonnen, M\u00f6llnerinnen und M\u00f6llner direkt zu Hause zu besuchen und sich pers\u00f6nlich vorzustellen. Zeitgleich hat er den Kontakt vor Superm\u00e4rkten und auf dem Wochenmarkt gesucht. Dort ist er mit den Menschen ins Gespr\u00e4ch [&hellip;]<\/p>\n","protected":false},"author":2,"featured_media":35845,"comment_status":"closed","ping_status":"closed","sticky":false,"template":"","format":"standard","meta":{"jnews-multi-image_gallery":[],"jnews_single_post":{"subtitle":"","format":"standard","video":"","gallery":"","source_name":"","source_url":"","via_name":"","via_url":"","override_template":"0","override":[{"template":"1","single_blog_custom":"","parallax":"1","fullscreen":"1","layout":"right-sidebar","sidebar":"default-sidebar","second_sidebar":"default-sidebar","sticky_sidebar":"1","share_position":"top","share_float_style":"share-monocrhome","show_share_counter":"1","show_view_counter":"1","show_featured":"1","show_post_meta":"1","show_post_author":"1","show_post_author_image":"1","show_post_date":"1","post_date_format":"default","post_date_format_custom":"Y\/m\/d","show_post_category":"1","show_post_reading_time":"0","post_reading_time_wpm":"300","show_zoom_button":"0","zoom_button_out_step":"2","zoom_button_in_step":"3","show_post_tag":"1","show_prev_next_post":"1","show_popup_post":"1","number_popup_post":"1","show_author_box":"0","show_post_related":"0","show_inline_post_related":"0"}],"override_image_size":"0","image_override":[{"single_post_thumbnail_size":"crop-500","single_post_gallery_size":"crop-500"}],"trending_post":"0","trending_post_position":"meta","trending_post_label":"Trending","sponsored_post":"0","sponsored_post_label":"Sponsored by","sponsored_post_name":"","sponsored_post_url":"","sponsored_post_logo_enable":"0","sponsored_post_logo":"","sponsored_post_desc":"","disable_ad":"0"},"jnews_primary_category":{"id":""},"jnews_social_meta":{"fb_title":"","fb_description":"","fb_image":"","twitter_title":"","twitter_description":"","twitter_image":""},"jnews_override_counter":{"override_view_counter":"0","view_counter_number":"0","override_share_counter":"0","share_counter_number":"0","override_like_counter":"0","like_counter_number":"0","override_dislike_counter":"0","dislike_counter_number":"0"},"jnews_post_split":{"enable_post_split":"0","post_split":[{"template":"1","tag":"h2","numbering":"asc","mode":"normal","first":"0","enable_toc":"0","toc_type":"normal"}]},"footnotes":""},"categories":[63,66],"tags":[1907],"class_list":["post-37683","post","type-post","status-publish","format-standard","has-post-thumbnail","hentry","category-herzogtum-lauenburg","category-moelln","tag-buergermeisterwahl-moelln"],"_links":{"self":[{"href":"https:\/\/herzogtum-direkt.de\/index.php\/wp-json\/wp\/v2\/posts\/37683","targetHints":{"allow":["GET"]}}],"collection":[{"href":"https:\/\/herzogtum-direkt.de\/index.php\/wp-json\/wp\/v2\/posts"}],"about":[{"href":"https:\/\/herzogtum-direkt.de\/index.php\/wp-json\/wp\/v2\/types\/post"}],"author":[{"embeddable":true,"href":"https:\/\/herzogtum-direkt.de\/index.php\/wp-json\/wp\/v2\/users\/2"}],"replies":[{"embeddable":true,"href":"https:\/\/herzogtum-direkt.de\/index.php\/wp-json\/wp\/v2\/comments?post=37683"}],"version-history":[{"count":1,"href":"https:\/\/herzogtum-direkt.de\/index.php\/wp-json\/wp\/v2\/posts\/37683\/revisions"}],"predecessor-version":[{"id":37684,"href":"https:\/\/herzogtum-direkt.de\/index.php\/wp-json\/wp\/v2\/posts\/37683\/revisions\/37684"}],"wp:featuredmedia":[{"embeddable":true,"href":"https:\/\/herzogtum-direkt.de\/index.php\/wp-json\/wp\/v2\/media\/35845"}],"wp:attachment":[{"href":"https:\/\/herzogtum-direkt.de\/index.php\/wp-json\/wp\/v2\/media?parent=37683"}],"wp:term":[{"taxonomy":"category","embeddable":true,"href":"https:\/\/herzogtum-direkt.de\/index.php\/wp-json\/wp\/v2\/categories?post=37683"},{"taxonomy":"post_tag","embeddable":true,"href":"https:\/\/herzogtum-direkt.de\/index.php\/wp-json\/wp\/v2\/tags?post=37683"}],"curies":[{"name":"wp","href":"https:\/\/api.w.org\/{rel}","templated":true}]}}