{"id":37588,"date":"2022-02-22T11:32:36","date_gmt":"2022-02-22T09:32:36","guid":{"rendered":"https:\/\/herzogtum-direkt.de\/?p=37588"},"modified":"2022-02-23T14:09:33","modified_gmt":"2022-02-23T12:09:33","slug":"76-einsaetze-fuer-die-ehrenamtler-der-moellner-wehr-in-3-tagen","status":"publish","type":"post","link":"https:\/\/herzogtum-direkt.de\/index.php\/2022\/02\/22\/76-einsaetze-fuer-die-ehrenamtler-der-moellner-wehr-in-3-tagen\/","title":{"rendered":"76 Eins\u00e4tze f\u00fcr die Ehrenamtler der M\u00f6llner Wehr in 3 Tagen"},"content":{"rendered":"\n<p><strong>M\u00f6lln (ts).<\/strong> Die Orkantiefs \u201eYlenia\u201c und \u201eZeynep\u201c sorgten vom 16. bis zum 19. Februar f\u00fcr \u00fcber 70 Eins\u00e4tze der Freiwilligen Feuerwehr M\u00f6lln. Verlief das Orkantief \u201eYlenia\u201c mit 12 Eins\u00e4tzen noch recht glimpflich, so schlug \u201eZeynep\u201c mit seinen B\u00f6en umso heftiger zu.<\/p>\n\n\n\n<p>&nbsp;Aufgrund der Unwetterwarnungen hatte am 18. Februar erstmals die neugegr\u00fcndete Amtsf\u00fchrungsstelle der Stadt M\u00f6lln und des Amtes Breitenfelde um 17 Uhr ihre Arbeit im M\u00f6llner Ger\u00e4tehaus aufgenommen und koordinierte alle in diesem Bereich auflaufenden Eins\u00e4tze der Wehren. Sie konnte ihre erfolgreiche Arbeit mit einer kurzen Unterbrechung am 19. Februar gegen 15 Uhr beenden.<\/p>\n\n\n\n<p>Erstmals riefen die Funkmeldeempf\u00e4nger die M\u00f6llner Blaur\u00f6cke am 16. Februar um 23.39 Uhr zu einem Einsatz in den Meisenweg. Obwohl in den Unwetterwarnungen immer wieder darauf hingewiesen worden war, Ger\u00e4tschaften, Gartenm\u00f6bel und andere bewegliche Teile&nbsp; auf Terrassen und in G\u00e4rten zu sichern oder in Sicherheit zu bringen, war ein Gartentrampolin von einem Grundst\u00fcck auf den Meisenweg geweht worden. Im Laufe der n\u00e4chsten Stunden galt es dann umgest\u00fcrzte B\u00e4ume, die Verkehrswege blockierten oder eine sonstige Gefahr darstellten, zu beseitigen sowie lose Dachziegel oder D\u00e4cher zu sichern. Der letzte Einsatz, der durch \u201eYlenia\u201c verursacht wurde, war um 17.30 Uhr beendet.<\/p>\n\n\n\n<p>Nach einer kurzen Wetterberuhigung zog der Orkan \u201eZeynep\u201c in der Nacht vom 18. auf den 19. Februar&nbsp; \u00fcber Schleswig-Holstein und sorgte mit seinen extremen B\u00f6en f\u00fcr nahezu 60&nbsp;&nbsp; Eins\u00e4tze der Kameradinnen und Kameraden der M\u00f6llner Wehr. Wieder galt es umgest\u00fcrzte B\u00e4ume von Verkehrswegen zu beseitigen, Autos oder Geb\u00e4ude von B\u00e4umen zu befreien sowie D\u00e4cher und Schornsteineinfassungen zu sichern. Da nicht alle Eins\u00e4tze von der M\u00f6llner Wehr zeitnah abgearbeitet werden konnten, wurde durch die Einsatzleitung das Technische Hilfswerk aus M\u00f6lln um Unterst\u00fctzung gebeten. Die Kr\u00e4fte der M\u00f6llner Wehr waren aber nicht nur im Stadtgebiet mit der Beseitigung von Sturmsch\u00e4den befasst. Mehrmals r\u00fcckte die Drehleiter in benachbarte Gemeinden aus, um die dortigen Feuerwehren unterst\u00fctzen.<\/p>\n\n\n\n<figure class=\"wp-block-image size-large\"><img fetchpriority=\"high\" decoding=\"async\" width=\"768\" height=\"1024\" src=\"https:\/\/herzogtum-direkt.de\/wp-content\/uploads\/2022\/02\/Klaus-Groth-Strasse-768x1024.jpg\" alt=\"\" class=\"wp-image-37590\" srcset=\"https:\/\/herzogtum-direkt.de\/wp-content\/uploads\/2022\/02\/Klaus-Groth-Strasse-768x1024.jpg 768w, https:\/\/herzogtum-direkt.de\/wp-content\/uploads\/2022\/02\/Klaus-Groth-Strasse-225x300.jpg 225w, https:\/\/herzogtum-direkt.de\/wp-content\/uploads\/2022\/02\/Klaus-Groth-Strasse-750x1000.jpg 750w, https:\/\/herzogtum-direkt.de\/wp-content\/uploads\/2022\/02\/Klaus-Groth-Strasse.jpg 1000w\" sizes=\"(max-width: 768px) 100vw, 768px\" \/><figcaption>Windbruch in der Klaus-Groth-Stra\u00dfe. Foto: FFW M\u00f6lln, hfr<\/figcaption><\/figure>\n\n\n\n<p>Zu den unwetterbedingten Eins\u00e4tzen kamen dann in der Nacht noch zwei Alarmierungen aufgrund von Feuermeldungen. Eine weitere Alarmierung erfolgte aufgrund der Ausl\u00f6sung der Brandmeldeanlage der Klinik F\u00f6hrenkamp. Gegen 0.40 Uhr wurden auch die M\u00f6llner Blaur\u00f6cke mit dem Stichwort \u201eFeuer gro\u00df\u201c nach Alt-M\u00f6lln gerufen. Hier war auf einem Reiterhof im Stalltrakt, der direkt an eine Reithalle angrenzt, ein Feuer ausgebrochen. &nbsp;Als die Meldung eintraf, wurden sofort alle wetterbedingten Eins\u00e4tze unterbrochen. Den zirka 100 Kr\u00e4ften der beteiligten Feuerwehren gelang es,&nbsp; trotz des Sturmes ein \u00dcbergreifen des Feuers auf die zirka 800 Quadratmeter gro\u00dfe Halle zu verhindern. Um 3.48 Uhr l\u00f6ste die Leitstelle erneut einen Feueralarm mit dem Stichwort: \u201eWohnungsbrand im 3. Obergeschoss \u2013 Menschenleben in Gefahr\u201c aus. Sofort r\u00fcckten die Kr\u00e4fte zum Heinrich-Langhans-Stift am Grambeker Weg ab. Wenig sp\u00e4ter stellte sich heraus, dass Essen auf einem Herd gebrannt war. Eine Person wurde von den Einsatzkr\u00e4ften aus der Wohnung gerettet und dem Rettungsdienst \u00fcbergeben.<\/p>\n\n\n\n<p>Nach einer Ruhepause von knapp 2 Stunden wurde die M\u00f6llner Wehr um 6.53 Uhr erneut alarmiert, um weitere Sturmsch\u00e4den zu beseitigen. Erst gegen 17.30 Uhr war der letzte Einsatz beendet. M\u00f6llns Wehrf\u00fchrer Sven Stonies f\u00fchrte in seiner Bilanz zur Sturmnacht aus, dass er in seiner nunmehr \u00fcber 30-j\u00e4hrigen Zugeh\u00f6rigkeit zur Freiwillige Feuerwehr M\u00f6lln noch niemals eine derartige Fl\u00e4chenlage mit so einer Einsatzvielfalt erlebt hat. Gleichzeitig bedankte er sich bei den beteiligten Wehren und dem M\u00f6llner THW f\u00fcr die gute Zusammenarbeit sowie bei den Kameradinnen und Kameraden seiner Wehr f\u00fcr das gezeigte ehrenamtliche Engagement w\u00e4hrend der ungew\u00f6hnlich langen und kr\u00e4ftezehrenden Einsatzdauer zum Wohle der Stadt und ihrer Einwohner, die nur von sehr kurzen Pausen unterbrochen wurde.<\/p>\n","protected":false},"excerpt":{"rendered":"<p>M\u00f6lln (ts). Die Orkantiefs \u201eYlenia\u201c und \u201eZeynep\u201c sorgten vom 16. bis zum 19. Februar f\u00fcr \u00fcber 70 Eins\u00e4tze der Freiwilligen Feuerwehr M\u00f6lln. Verlief das Orkantief \u201eYlenia\u201c mit 12 Eins\u00e4tzen noch recht glimpflich, so schlug \u201eZeynep\u201c mit seinen B\u00f6en umso heftiger zu. &nbsp;Aufgrund der Unwetterwarnungen hatte am 18. Februar erstmals die neugegr\u00fcndete Amtsf\u00fchrungsstelle der Stadt M\u00f6lln [&hellip;]<\/p>\n","protected":false},"author":36,"featured_media":37589,"comment_status":"closed","ping_status":"closed","sticky":false,"template":"","format":"standard","meta":{"jnews-multi-image_gallery":[],"jnews_single_post":{"subtitle":"","format":"standard","video":"","gallery":"","source_name":"","source_url":"","via_name":"","via_url":"","override_template":"0","override":[{"template":"1","single_blog_custom":"","parallax":"1","fullscreen":"1","layout":"right-sidebar","sidebar":"default-sidebar","second_sidebar":"default-sidebar","sticky_sidebar":"1","share_position":"top","share_float_style":"share-monocrhome","show_share_counter":"1","show_view_counter":"1","show_featured":"1","show_post_meta":"1","show_post_author":"1","show_post_author_image":"1","show_post_date":"1","post_date_format":"default","post_date_format_custom":"Y\/m\/d","show_post_category":"1","show_post_reading_time":"0","post_reading_time_wpm":"300","show_zoom_button":"0","zoom_button_out_step":"2","zoom_button_in_step":"3","show_post_tag":"1","show_prev_next_post":"1","show_popup_post":"1","number_popup_post":"1","show_author_box":"0","show_post_related":"0","show_inline_post_related":"0"}],"override_image_size":"0","image_override":[{"single_post_thumbnail_size":"crop-500","single_post_gallery_size":"crop-500"}],"trending_post":"0","trending_post_position":"meta","trending_post_label":"Trending","sponsored_post":"0","sponsored_post_label":"Sponsored by","sponsored_post_name":"","sponsored_post_url":"","sponsored_post_logo_enable":"0","sponsored_post_logo":"","sponsored_post_desc":"","disable_ad":"0"},"jnews_primary_category":{"id":""},"jnews_social_meta":{"fb_title":"","fb_description":"","fb_image":"","twitter_title":"","twitter_description":"","twitter_image":""},"jnews_override_counter":{"override_view_counter":"0","view_counter_number":"0","override_share_counter":"0","share_counter_number":"0","override_like_counter":"0","like_counter_number":"0","override_dislike_counter":"0","dislike_counter_number":"0"},"jnews_post_split":{"enable_post_split":"0","post_split":[{"template":"1","tag":"h2","numbering":"asc","mode":"normal","first":"0","enable_toc":"0","toc_type":"normal"}]},"footnotes":""},"categories":[63,66,2],"tags":[409,275,133,3239,3090,3214],"class_list":["post-37588","post","type-post","status-publish","format-standard","has-post-thumbnail","hentry","category-herzogtum-lauenburg","category-moelln","category-startseite","tag-feuerwehr","tag-freiwillige-feuerwehr-moelln","tag-moelln","tag-orkan","tag-thw","tag-thw-moelln"],"_links":{"self":[{"href":"https:\/\/herzogtum-direkt.de\/index.php\/wp-json\/wp\/v2\/posts\/37588","targetHints":{"allow":["GET"]}}],"collection":[{"href":"https:\/\/herzogtum-direkt.de\/index.php\/wp-json\/wp\/v2\/posts"}],"about":[{"href":"https:\/\/herzogtum-direkt.de\/index.php\/wp-json\/wp\/v2\/types\/post"}],"author":[{"embeddable":true,"href":"https:\/\/herzogtum-direkt.de\/index.php\/wp-json\/wp\/v2\/users\/36"}],"replies":[{"embeddable":true,"href":"https:\/\/herzogtum-direkt.de\/index.php\/wp-json\/wp\/v2\/comments?post=37588"}],"version-history":[{"count":3,"href":"https:\/\/herzogtum-direkt.de\/index.php\/wp-json\/wp\/v2\/posts\/37588\/revisions"}],"predecessor-version":[{"id":37595,"href":"https:\/\/herzogtum-direkt.de\/index.php\/wp-json\/wp\/v2\/posts\/37588\/revisions\/37595"}],"wp:featuredmedia":[{"embeddable":true,"href":"https:\/\/herzogtum-direkt.de\/index.php\/wp-json\/wp\/v2\/media\/37589"}],"wp:attachment":[{"href":"https:\/\/herzogtum-direkt.de\/index.php\/wp-json\/wp\/v2\/media?parent=37588"}],"wp:term":[{"taxonomy":"category","embeddable":true,"href":"https:\/\/herzogtum-direkt.de\/index.php\/wp-json\/wp\/v2\/categories?post=37588"},{"taxonomy":"post_tag","embeddable":true,"href":"https:\/\/herzogtum-direkt.de\/index.php\/wp-json\/wp\/v2\/tags?post=37588"}],"curies":[{"name":"wp","href":"https:\/\/api.w.org\/{rel}","templated":true}]}}