{"id":36295,"date":"2022-01-14T17:54:11","date_gmt":"2022-01-14T15:54:11","guid":{"rendered":"https:\/\/herzogtum-direkt.de\/?p=36295"},"modified":"2022-01-15T12:30:03","modified_gmt":"2022-01-15T10:30:03","slug":"einwohnerinnen-und-einwohner-des-kreises-sind-gefragt","status":"publish","type":"post","link":"https:\/\/herzogtum-direkt.de\/index.php\/2022\/01\/14\/einwohnerinnen-und-einwohner-des-kreises-sind-gefragt\/","title":{"rendered":"Einwohner des Kreises sind gefragt"},"content":{"rendered":"\n<p><strong>Herzogtum Lauenburg (pm).<\/strong> Der Kreis Herzogtum Lauenburg arbeitet derzeit an der Mobilit\u00e4tsstrategie 2035. Im Rahmen der Erarbeitung ist jede und jeder Interessierte dazu eingeladen,&nbsp;am 19. Januar 2022 von 18 bis 20 Uhr&nbsp;an der ersten digitalen Mobilit\u00e4ts-Werkstatt teilzunehmen.<\/p>\n\n\n\n<p>In der Werkstatt werden die Ziele und erste Zwischenergebnisse der Mobilit\u00e4tsstrategie vorgestellt. Zudem m\u00f6chte die Kreisverwaltung mehr \u00fcber die Herausforderungen, die B\u00fcrgerinnen und B\u00fcrgern in ihrer Mobilit\u00e4t im Herzogtum Lauenburg begegnen, erfahren. Interessierte sind daher herzlich dazu eingeladen, sich bei der Werkstatt mit ihren Anmerkungen und Ideen einzubringen. Bei Interesse sollte eine Anmeldung bis zum&nbsp;18. Januar 2022, 16 Uhr unter<strong> <a rel=\"noreferrer noopener\" href=\"mailto:kreis-rz-mobil@interlink-verkehr.de\" target=\"_blank\">kreis-rz-mobil@interlink-verkehr.de<\/a><\/strong>&nbsp;erfolgen. Rechtzeitig vor der Veranstaltung wird der Einwahllink zugesendet.<\/p>\n\n\n\n<p>Wer nicht an der Veranstaltung teilnehmen kann, kann stattdessen oder auch zus\u00e4tzlich unter&nbsp;<a href=\"https:\/\/www.wegedetektiv.de\/kreis-rz-mobil\" target=\"_blank\" rel=\"noreferrer noopener\">https:\/\/www.wegedetektiv.de\/kreis-rz-mobil<\/a>&nbsp;mit Vorschl\u00e4gen und Hinweisen am Verfahren mitwirken.<\/p>\n\n\n\n<figure class=\"wp-block-image size-large is-resized is-style-default\"><img fetchpriority=\"high\" decoding=\"async\" src=\"https:\/\/herzogtum-direkt.de\/wp-content\/uploads\/2022\/01\/Werkstatt-Poster-mitU-1-768x1024.jpg\" alt=\"\" class=\"wp-image-36304\" width=\"632\" height=\"842\" srcset=\"https:\/\/herzogtum-direkt.de\/wp-content\/uploads\/2022\/01\/Werkstatt-Poster-mitU-1-768x1024.jpg 768w, https:\/\/herzogtum-direkt.de\/wp-content\/uploads\/2022\/01\/Werkstatt-Poster-mitU-1-225x300.jpg 225w, https:\/\/herzogtum-direkt.de\/wp-content\/uploads\/2022\/01\/Werkstatt-Poster-mitU-1-750x1000.jpg 750w, https:\/\/herzogtum-direkt.de\/wp-content\/uploads\/2022\/01\/Werkstatt-Poster-mitU-1.jpg 1008w\" sizes=\"(max-width: 632px) 100vw, 632px\" \/><\/figure>\n\n\n\n<p>Mehr Informationen zur Mobilit\u00e4tsstrategie:&nbsp;<a href=\"http:\/\/www.kreis-rz.de\/mobil\" target=\"_blank\" rel=\"noreferrer noopener\">www.kreis-rz.de\/mobil<\/a><\/p>\n","protected":false},"excerpt":{"rendered":"<p>Herzogtum Lauenburg (pm). Der Kreis Herzogtum Lauenburg arbeitet derzeit an der Mobilit\u00e4tsstrategie 2035. Im Rahmen der Erarbeitung ist jede und jeder Interessierte dazu eingeladen,&nbsp;am 19. Januar 2022 von 18 bis 20 Uhr&nbsp;an der ersten digitalen Mobilit\u00e4ts-Werkstatt teilzunehmen. In der Werkstatt werden die Ziele und erste Zwischenergebnisse der Mobilit\u00e4tsstrategie vorgestellt. Zudem m\u00f6chte die Kreisverwaltung mehr \u00fcber [&hellip;]<\/p>\n","protected":false},"author":2,"featured_media":36305,"comment_status":"closed","ping_status":"closed","sticky":false,"template":"","format":"standard","meta":{"jnews-multi-image_gallery":[],"jnews_single_post":{"subtitle":"Einladung zur digitalen Mobilit\u00e4ts-Werkstatt","format":"standard","video":"","gallery":"","source_name":"","source_url":"","via_name":"","via_url":"","override_template":"0","override":[{"template":"1","single_blog_custom":"","parallax":"1","fullscreen":"1","layout":"right-sidebar","sidebar":"default-sidebar","second_sidebar":"default-sidebar","sticky_sidebar":"1","share_position":"top","share_float_style":"share-monocrhome","show_share_counter":"1","show_view_counter":"1","show_featured":"1","show_post_meta":"1","show_post_author":"1","show_post_author_image":"1","show_post_date":"1","post_date_format":"default","post_date_format_custom":"Y\/m\/d","show_post_category":"1","show_post_reading_time":"0","post_reading_time_wpm":"300","show_zoom_button":"0","zoom_button_out_step":"2","zoom_button_in_step":"3","show_post_tag":"1","show_prev_next_post":"1","show_popup_post":"1","number_popup_post":"1","show_author_box":"0","show_post_related":"0","show_inline_post_related":"0"}],"override_image_size":"0","image_override":[{"single_post_thumbnail_size":"crop-500","single_post_gallery_size":"crop-500"}],"trending_post":"0","trending_post_position":"meta","trending_post_label":"Trending","sponsored_post":"0","sponsored_post_label":"Sponsored by","sponsored_post_name":"","sponsored_post_url":"","sponsored_post_logo_enable":"0","sponsored_post_logo":"","sponsored_post_desc":"","disable_ad":"0"},"jnews_primary_category":{"id":""},"jnews_social_meta":{"fb_title":"","fb_description":"","fb_image":"","twitter_title":"","twitter_description":"","twitter_image":""},"jnews_override_counter":{"override_view_counter":"0","view_counter_number":"0","override_share_counter":"0","share_counter_number":"0","override_like_counter":"0","like_counter_number":"0","override_dislike_counter":"0","dislike_counter_number":"0"},"jnews_post_split":{"enable_post_split":"0","post_split":[{"template":"1","tag":"h2","numbering":"asc","mode":"normal","first":"0","enable_toc":"0","toc_type":"normal"}]},"footnotes":""},"categories":[63,2],"tags":[1287,2174,654],"class_list":["post-36295","post","type-post","status-publish","format-standard","has-post-thumbnail","hentry","category-herzogtum-lauenburg","category-startseite","tag-kreisverwaltung","tag-mobilitaetskonzept","tag-nachhaltigkeit"],"_links":{"self":[{"href":"https:\/\/herzogtum-direkt.de\/index.php\/wp-json\/wp\/v2\/posts\/36295","targetHints":{"allow":["GET"]}}],"collection":[{"href":"https:\/\/herzogtum-direkt.de\/index.php\/wp-json\/wp\/v2\/posts"}],"about":[{"href":"https:\/\/herzogtum-direkt.de\/index.php\/wp-json\/wp\/v2\/types\/post"}],"author":[{"embeddable":true,"href":"https:\/\/herzogtum-direkt.de\/index.php\/wp-json\/wp\/v2\/users\/2"}],"replies":[{"embeddable":true,"href":"https:\/\/herzogtum-direkt.de\/index.php\/wp-json\/wp\/v2\/comments?post=36295"}],"version-history":[{"count":3,"href":"https:\/\/herzogtum-direkt.de\/index.php\/wp-json\/wp\/v2\/posts\/36295\/revisions"}],"predecessor-version":[{"id":36315,"href":"https:\/\/herzogtum-direkt.de\/index.php\/wp-json\/wp\/v2\/posts\/36295\/revisions\/36315"}],"wp:featuredmedia":[{"embeddable":true,"href":"https:\/\/herzogtum-direkt.de\/index.php\/wp-json\/wp\/v2\/media\/36305"}],"wp:attachment":[{"href":"https:\/\/herzogtum-direkt.de\/index.php\/wp-json\/wp\/v2\/media?parent=36295"}],"wp:term":[{"taxonomy":"category","embeddable":true,"href":"https:\/\/herzogtum-direkt.de\/index.php\/wp-json\/wp\/v2\/categories?post=36295"},{"taxonomy":"post_tag","embeddable":true,"href":"https:\/\/herzogtum-direkt.de\/index.php\/wp-json\/wp\/v2\/tags?post=36295"}],"curies":[{"name":"wp","href":"https:\/\/api.w.org\/{rel}","templated":true}]}}