{"id":36250,"date":"2022-01-13T11:35:07","date_gmt":"2022-01-13T09:35:07","guid":{"rendered":"https:\/\/herzogtum-direkt.de\/?p=36250"},"modified":"2022-01-14T17:53:48","modified_gmt":"2022-01-14T15:53:48","slug":"feuer-vernichtet-lieferdienst-an-der-moellner-hafenstrasse","status":"publish","type":"post","link":"https:\/\/herzogtum-direkt.de\/index.php\/2022\/01\/13\/feuer-vernichtet-lieferdienst-an-der-moellner-hafenstrasse\/","title":{"rendered":"Feuer vernichtet Lieferdienst an der M\u00f6llner Hafenstra\u00dfe"},"content":{"rendered":"\n<p><strong>M\u00f6lln (TS).<\/strong> Am 10. Januar riefen die Funkmeldeempf\u00e4nger die Kameradinnen und Kameraden der Freiwilligen Feuerwehr M\u00f6lln um 23.42 Uhr mit dem Stichwort \u201eFeuer gro\u00df\u201c zu einem Feuer in einem chinesischen Lieferservice an der Hafenstra\u00dfe. Beim Eintreffen der ersten Kr\u00e4fte waren bereits deutlich Flammen im K\u00fcchenbereich und dem Verkaufsbereich zu&nbsp; sehen. <\/p>\n\n\n\n<p>Aus dem Dach drang dichter Qualm. Aufgrund der Gr\u00f6\u00dfe des Geb\u00e4udekomplexes \u2013 mehrere Lagerhallen grenzen unmittelbar an den Lieferservice &#8211;&nbsp; wurde sofort das Stichwort auf Feuer 3 erh\u00f6ht. Somit wurden zus\u00e4tzlich Kr\u00e4fte der Freiwilligen Feuerwehren aus Breitenfelde und Alt M\u00f6lln sowie automatisch die Technische Einsatzleitung (TEL) nach M\u00f6lln beordert. Aufgrund der starken Rauchentwicklung war die Brandbek\u00e4mpfung l\u00e4ngere Zeit nur unter Einsatz von Atemschutzger\u00e4ten m\u00f6glich,&nbsp;so dass dann noch Kr\u00e4fte der Freiwilligen Feuerwehren aus Ratzeburg und Grambek alarmiert wurden. Somit standen dem M\u00f6llner Wehrf\u00fchrer Sven Stonies, der die Einsatzleitung innehatte, zirka 80 Feuerwehrkr\u00e4fte zur Verf\u00fcgung. Zus\u00e4tzlich forderte die Einsatzleitung das Teleskopmastfahrzeug (TMF) aus Ratzeburg an.<\/p>\n\n\n\n<p>Da der Lieferdienst selbst kaum zu retten war, konzentrierten sich die Einsatzkr\u00e4fte zun\u00e4chst vor allem darauf, eine Brandausbreitung auf die angrenzenden Hallen sowie auf eine Gas-Tankstelle zu verhindern. Daf\u00fcr wurden zwei Einsatzabschnitte gebildet. Aus einer der angrenzenden Hallen wurden vorsichtshalber 5 Wohnmobile, 2 Wohnwagen und ein Kleinbus, die dort als Winterquartier untergestellt waren, durch die Feuerwehrkr\u00e4fte in Sicherheit gebracht.&nbsp;Mit mehreren C-Rohren, der M\u00f6llner Drehleiter und dem Ratzeburger Teleskopmastfahrzeug konnte eine Brandausbreitung auf die Lagerhallen, in der nicht nur die Fahrzeuge standen sondern auch ein Handwerkerbetrieb sein Domizil hatte, erfolgreich verhindert werden.<\/p>\n\n\n\n<figure class=\"wp-block-image size-full\"><img fetchpriority=\"high\" decoding=\"async\" width=\"1000\" height=\"750\" src=\"https:\/\/herzogtum-direkt.de\/wp-content\/uploads\/2022\/01\/10.1.2022-Hafenstrasse-e-1.jpg\" alt=\"\" class=\"wp-image-36252\" srcset=\"https:\/\/herzogtum-direkt.de\/wp-content\/uploads\/2022\/01\/10.1.2022-Hafenstrasse-e-1.jpg 1000w, https:\/\/herzogtum-direkt.de\/wp-content\/uploads\/2022\/01\/10.1.2022-Hafenstrasse-e-1-300x225.jpg 300w, https:\/\/herzogtum-direkt.de\/wp-content\/uploads\/2022\/01\/10.1.2022-Hafenstrasse-e-1-768x576.jpg 768w, https:\/\/herzogtum-direkt.de\/wp-content\/uploads\/2022\/01\/10.1.2022-Hafenstrasse-e-1-750x563.jpg 750w\" sizes=\"(max-width: 1000px) 100vw, 1000px\" \/><figcaption>Der Brand ist gel\u00f6scht, jetzt beginnt das Aufr\u00e4umen. Foto: Torsten Sch\u00f6pp, FFW M\u00f6lln, hfr<\/figcaption><\/figure>\n\n\n\n<p>Nach etwa einer Stunde war das Feuer gr\u00f6\u00dftenteils unter Kontrolle. Die starke Rauchentwicklung und in den Hallen verbaute Blechplatten machten es schwierig, an die letzten Brandnester zu gelangen. So musste die Dachhaut teilweise freigelegt und ge\u00f6ffnet werden. Die letzten der 38 M\u00f6llner Blaur\u00f6cke kehrten um 4.15 Uhr ins Ger\u00e4tehaus am St-Florian-Weg&nbsp;zur\u00fcck.<\/p>\n\n\n\n<p>Die Polizei sch\u00e4tzt den entstandenen Schaden auf rund 250.000 Euro. Was das Feuer ausgel\u00f6st hat, ist noch unklar. Nicht auszuschlie\u00dfen ist, dass das Feuer im K\u00fcchenbereich des Lieferservice entstanden ist.<\/p>\n\n\n\n<p>Nach der \u201ekurzen Nacht\u201c wurden die Ehrenamtler der Wehr an diesem Tag noch zweimal gefordert. Um 14.59 Uhr wurden sie alarmiert, weil in einem leerstehenden Haus an der Sterleyer Stra\u00dfe nach einem Rohrbruch der Keller vollst\u00e4ndig unter Wasser stand. Mit Hilfe von drei Chiemseepumpen wurden zirka 50000 Liter Wasser abgepumpt.<\/p>\n\n\n\n<p>Da nach einem Verkehrsunfall im Wasserkr\u00fcger Weg, an dem drei Fahrzeuge beteiligt waren, Betriebsstoffe austreten sollten und die Zahl der Verletzten zun\u00e4chst nicht klar war, forderte die Leitstelle um 16.12 Uhr auch die M\u00f6llner Wehr an. Somit wurde ein Fahrzeug aus dem Einsatz an der Sterleyer Stra\u00dfe herausgel\u00f6st. Ma\u00dfnahmen durch die Feuerwehr waren gl\u00fccklicherweise aber nicht erforderlich.<\/p>\n","protected":false},"excerpt":{"rendered":"<p>M\u00f6lln (TS). Am 10. Januar riefen die Funkmeldeempf\u00e4nger die Kameradinnen und Kameraden der Freiwilligen Feuerwehr M\u00f6lln um 23.42 Uhr mit dem Stichwort \u201eFeuer gro\u00df\u201c zu einem Feuer in einem chinesischen Lieferservice an der Hafenstra\u00dfe. Beim Eintreffen der ersten Kr\u00e4fte waren bereits deutlich Flammen im K\u00fcchenbereich und dem Verkaufsbereich zu&nbsp; sehen. Aus dem Dach drang dichter [&hellip;]<\/p>\n","protected":false},"author":36,"featured_media":36251,"comment_status":"closed","ping_status":"closed","sticky":false,"template":"","format":"standard","meta":{"jnews-multi-image_gallery":[],"jnews_single_post":{"subtitle":"","format":"standard","video":"","gallery":"","source_name":"","source_url":"","via_name":"","via_url":"","override_template":"0","override":[{"template":"1","single_blog_custom":"","parallax":"1","fullscreen":"1","layout":"right-sidebar","sidebar":"default-sidebar","second_sidebar":"default-sidebar","sticky_sidebar":"1","share_position":"top","share_float_style":"share-monocrhome","show_share_counter":"1","show_view_counter":"1","show_featured":"1","show_post_meta":"1","show_post_author":"1","show_post_author_image":"1","show_post_date":"1","post_date_format":"default","post_date_format_custom":"Y\/m\/d","show_post_category":"1","show_post_reading_time":"0","post_reading_time_wpm":"300","show_zoom_button":"0","zoom_button_out_step":"2","zoom_button_in_step":"3","show_post_tag":"1","show_prev_next_post":"1","show_popup_post":"1","number_popup_post":"1","show_author_box":"0","show_post_related":"0","show_inline_post_related":"0"}],"override_image_size":"0","image_override":[{"single_post_thumbnail_size":"crop-500","single_post_gallery_size":"crop-500"}],"trending_post":"0","trending_post_position":"meta","trending_post_label":"Trending","sponsored_post":"0","sponsored_post_label":"Sponsored by","sponsored_post_name":"","sponsored_post_url":"","sponsored_post_logo_enable":"0","sponsored_post_logo":"","sponsored_post_desc":"","disable_ad":"0"},"jnews_primary_category":{"id":""},"jnews_social_meta":{"fb_title":"","fb_description":"","fb_image":"","twitter_title":"","twitter_description":"","twitter_image":""},"jnews_override_counter":{"override_view_counter":"0","view_counter_number":"0","override_share_counter":"0","share_counter_number":"0","override_like_counter":"0","like_counter_number":"0","override_dislike_counter":"0","dislike_counter_number":"0"},"jnews_post_split":{"enable_post_split":"0","post_split":[{"template":"1","tag":"h2","numbering":"asc","mode":"normal","first":"0","enable_toc":"0","toc_type":"normal"}]},"footnotes":""},"categories":[63,66,2],"tags":[2439,409,275,133],"class_list":["post-36250","post","type-post","status-publish","format-standard","has-post-thumbnail","hentry","category-herzogtum-lauenburg","category-moelln","category-startseite","tag-einsatzleitfahrzeug","tag-feuerwehr","tag-freiwillige-feuerwehr-moelln","tag-moelln"],"_links":{"self":[{"href":"https:\/\/herzogtum-direkt.de\/index.php\/wp-json\/wp\/v2\/posts\/36250","targetHints":{"allow":["GET"]}}],"collection":[{"href":"https:\/\/herzogtum-direkt.de\/index.php\/wp-json\/wp\/v2\/posts"}],"about":[{"href":"https:\/\/herzogtum-direkt.de\/index.php\/wp-json\/wp\/v2\/types\/post"}],"author":[{"embeddable":true,"href":"https:\/\/herzogtum-direkt.de\/index.php\/wp-json\/wp\/v2\/users\/36"}],"replies":[{"embeddable":true,"href":"https:\/\/herzogtum-direkt.de\/index.php\/wp-json\/wp\/v2\/comments?post=36250"}],"version-history":[{"count":2,"href":"https:\/\/herzogtum-direkt.de\/index.php\/wp-json\/wp\/v2\/posts\/36250\/revisions"}],"predecessor-version":[{"id":36307,"href":"https:\/\/herzogtum-direkt.de\/index.php\/wp-json\/wp\/v2\/posts\/36250\/revisions\/36307"}],"wp:featuredmedia":[{"embeddable":true,"href":"https:\/\/herzogtum-direkt.de\/index.php\/wp-json\/wp\/v2\/media\/36251"}],"wp:attachment":[{"href":"https:\/\/herzogtum-direkt.de\/index.php\/wp-json\/wp\/v2\/media?parent=36250"}],"wp:term":[{"taxonomy":"category","embeddable":true,"href":"https:\/\/herzogtum-direkt.de\/index.php\/wp-json\/wp\/v2\/categories?post=36250"},{"taxonomy":"post_tag","embeddable":true,"href":"https:\/\/herzogtum-direkt.de\/index.php\/wp-json\/wp\/v2\/tags?post=36250"}],"curies":[{"name":"wp","href":"https:\/\/api.w.org\/{rel}","templated":true}]}}